{"id":103345,"date":"2018-07-14T15:34:36","date_gmt":"2018-07-14T18:34:36","guid":{"rendered":"http:\/\/www.24baires.com\/?p=103345"},"modified":"2018-07-14T15:34:36","modified_gmt":"2018-07-14T18:34:36","slug":"una-leona-que-sabe-lavar","status":"publish","type":"post","link":"https:\/\/www.24baires.com\/?p=103345","title":{"rendered":"Una leona que sabe lavar"},"content":{"rendered":"<p><img data-recalc-dims=\"1\" loading=\"lazy\" decoding=\"async\" src=\"https:\/\/i0.wp.com\/www.24baires.com\/wp-content\/uploads\/2017\/10\/vidal.jpg?resize=560%2C314\" alt=\"\" width=\"560\" height=\"314\" class=\"aligncenter size-full wp-image-98240\" srcset=\"https:\/\/i0.wp.com\/www.24baires.com\/wp-content\/uploads\/2017\/10\/vidal.jpg?w=560&amp;ssl=1 560w, https:\/\/i0.wp.com\/www.24baires.com\/wp-content\/uploads\/2017\/10\/vidal.jpg?resize=300%2C168&amp;ssl=1 300w\" sizes=\"auto, (max-width: 560px) 100vw, 560px\" \/>El kirchnerismo, esa fuerza pol\u00edtica que gobern\u00f3 el pa\u00eds por m\u00e1s de 12 a\u00f1os y que fue asesinada sin posibilidad de resucitaci\u00f3n ni invocaci\u00f3n espiritista alguna hace unos a\u00f1os por unos seres maravillosos, como Mar\u00eda Eugenia Vidal. Pero resulta que ahora la Gobernadora acusa a ese movimiento fallecido a finales de 2015 de promover las denuncias de \u201caportantes truchos\u201d a la campa\u00f1a electoral que la deposit\u00f3 en el m\u00e1ximo cargo provincial en la ciudad de La Plata. <!--more--><\/p>\n<p>\u201cEs una denuncia del kirchnerismo\u201d, asegur\u00f3 Vidal, encendiendo velas anhelantes al m\u00e1s all\u00e1. Y avanz\u00f3 en su hip\u00f3tesis: \u00abLo que es m\u00e1s importante es que la ley de financiamiento de partidos pol\u00edticos tiene lagunas y deficiencias y por eso creemos que haya una nueva ley que contemple que los aportes sean bancarizados, as\u00ed no queda ninguna duda sobre qui\u00e9n aport\u00f3 y qui\u00e9n no as\u00ed tenemos las cuentas claras\u201d. Pero lo cierto es que no hay dudas: la gente que figura como aportante no es tal. Ni siquiera se afiliaron voluntariamente al principal partido de gobierno: el PRO. <\/p>\n<p>Entonces sabemos al menos dos cosas: por un lado, la fuerza pol\u00edtica que dieron por enterrada dos metros bajo tierra no habr\u00eda estirado la pata como anunciaron en festejos p\u00fablicos, y, por el otro, Cambiemos hizo y hace figurar como aportantes econ\u00f3micos para sus campa\u00f1as electorales a personas de muy bajos recursos que est\u00e1n evidentemente imposibilitadas de realizar esas erogaciones, a quienes les roban la identidad para sus fines evidentes y corruptos: lavado de dinero. Entonces, una vez m\u00e1s, Cambiemos miente. <\/p>\n<p>Esc\u00e1ndalo. La Leona es parte fundamental de un andamiaje de corrupci\u00f3n, defraudaci\u00f3n -no s\u00f3lo econ\u00f3mica- y una manipulaci\u00f3n de identidades de personas humildes, de bajos recursos, que da tanto asco y rechazo como cuando la Gobernadora decidi\u00f3 cerrar escuelas en vez de abrirlas. Porque demuestra sin filtros que donde va la sensibilidad social y la decencia, quienes nos gobiernan tienen avaricia y desprecio. Son millonarios manipulando datos de pobres para blanquear las fortunas que ellos y sus amiguitos mueven, siempre a costo del pueblo. <\/p>\n<p>Vinieron a entregar la soberan\u00eda, a empobrecernos hasta la miseria abyecta, a vaciar el Estado, a someter nuestra independencia econ\u00f3mica, a habilitar todos los grandes negociados para su selecto club de chetos garcas, y a hacer todo lo posible por taparlos. De esa manera entendemos que Vidal nombre en estos d\u00edas de esc\u00e1ndalo, corrupci\u00f3n y manipulaci\u00f3n a Mar\u00eda Fernanza Inza en el alt\u00edsimo cargo que le obsequi\u00f3 en la Contadur\u00eda General de la Provincia de Buenos Aires, cuando est\u00e1 en el ojo de la tormenta. Porque Inza es la Tesorera del PRO, porque Inza fue, qu\u00e9 loco, la tesorera de la campa\u00f1a de 2017 de Cambiemos: responsable directa del chanchullo que se denunciara originalmente en El Destape, de la mano del periodista Juan Amor\u00edn. Adem\u00e1s, Inza, en la campa\u00f1a anterior, la presidencial de 2015, nombr\u00f3 a su t\u00eda de 84 a\u00f1os como una de las responsables de la campa\u00f1a econ\u00f3mica. Por si de casualidad pasaba lo que acaba de pasar: denuncias, pruebas&#8230; intervenci\u00f3n judicial&#8230; <\/p>\n<p>Entendemos todo, Leona. Porque lo importante, en realidad, no es una nueva ley de financiamiento de los partidos pol\u00edticos, que puede hacerse, claro, todo es perfectible. Lo importante es que utilizaron la identidad de personas pobres para sus fines deplorables. Porque eso somos para ellos: apenas una oportunidad de robar m\u00e1s guita. Estamos bajo el gobierno de una casta acostumbrada a maltratar al que menos tiene, de servirse de las clases populares hasta el hartazgo pero siempre con el mismo desprecio, siempre abusando de su posici\u00f3n, siempre aprovech\u00e1ndose de los m\u00e1s desprotegidos. Estamos bajo el gobierno de ladrones, perversos, siniestros. Son la herida abierta por donde se desangra la Patria. Son la herida que se abri\u00f3 por el odio y la falta de empat\u00eda. Son la herida que m\u00e1s temprano que tarde vamos a tener que aprender a curar. <\/p>\n","protected":false},"excerpt":{"rendered":"<p>El kirchnerismo, esa fuerza pol\u00edtica que gobern\u00f3 el pa\u00eds por m\u00e1s de 12 a\u00f1os y que fue asesinada sin posibilidad de resucitaci\u00f3n ni invocaci\u00f3n espiritista alguna hace unos a\u00f1os por unos seres maravillosos, como Mar\u00eda Eugenia Vidal. Pero resulta que ahora la Gobernadora acusa a ese movimiento fallecido a finales de 2015 de promover las denuncias de \u201caportantes truchos\u201d a [&#8230;]<\/p>\n","protected":false},"author":4,"featured_media":0,"comment_status":"open","ping_status":"open","sticky":false,"template":"","format":"standard","meta":{"_jetpack_newsletter_access":"","_jetpack_dont_email_post_to_subs":false,"_jetpack_newsletter_tier_id":0,"_jetpack_memberships_contains_paywalled_content":false,"_jetpack_memberships_contains_paid_content":false,"footnotes":""},"categories":[64],"tags":[],"class_list":["post-103345","post","type-post","status-publish","format-standard","hentry","category-opinion"],"jetpack_featured_media_url":"","jetpack_shortlink":"https:\/\/wp.me\/p2JWE0-qSR","jetpack-related-posts":[{"id":103342,"url":"https:\/\/www.24baires.com\/?p=103342","url_meta":{"origin":103345,"position":0},"title":"Contin\u00faan las denuncias contra Vidal por los aportantes truchos","author":"AF","date":"14\/07\/2018","format":false,"excerpt":"La senadora Teresa Garc\u00eda responsabiliz\u00f3 de la maniobra ilegal a la mandataria por ser la presidenta del PRO bonaerense. El diputado Tailhade pidi\u00f3 reabrir la causa por tr\u00e1fico de datos de Anses por posibles v\u00ednculos con los aportantes falsos. La reacci\u00f3n a la ausencia de explicaciones de la gobernadora bonaerense,\u2026","rel":"","context":"En \u00abPol\u00edtica\u00bb","block_context":{"text":"Pol\u00edtica","link":"https:\/\/www.24baires.com\/?cat=51"},"img":{"alt_text":"","src":"https:\/\/i0.wp.com\/www.24baires.com\/wp-content\/uploads\/2018\/07\/bullrich-vidal-oca%C3%B1a.jpg?resize=350%2C200","width":350,"height":200,"srcset":"https:\/\/i0.wp.com\/www.24baires.com\/wp-content\/uploads\/2018\/07\/bullrich-vidal-oca%C3%B1a.jpg?resize=350%2C200 1x, https:\/\/i0.wp.com\/www.24baires.com\/wp-content\/uploads\/2018\/07\/bullrich-vidal-oca%C3%B1a.jpg?resize=525%2C300 1.5x"},"classes":[]},{"id":103419,"url":"https:\/\/www.24baires.com\/?p=103419","url_meta":{"origin":103345,"position":1},"title":"Tras el esc\u00e1ndalo de los aportantes \u00abtruchos\u00bb, Vidal ech\u00f3 a la flamante contadora de la gobernaci\u00f3n","author":"AF","date":"18\/07\/2018","format":false,"excerpt":"La gobernadora Mar\u00eda Eugenia Vidal se refiri\u00f3 al tema en conferencia de prensa y anunci\u00f3 tres medidas: auditoria interna, la renuncia de la contadora general provincial Fernanda Inza y la bancarizaci\u00f3n de aportes. Los anuncios de beneficios sociales para los sectores populares por m\u00e1s de 300 millones de pesos quedaron\u2026","rel":"","context":"En \u00abPol\u00edtica\u00bb","block_context":{"text":"Pol\u00edtica","link":"https:\/\/www.24baires.com\/?cat=51"},"img":{"alt_text":"","src":"https:\/\/i0.wp.com\/www.24baires.com\/wp-content\/uploads\/2018\/03\/vidal-1.jpg?resize=350%2C200","width":350,"height":200,"srcset":"https:\/\/i0.wp.com\/www.24baires.com\/wp-content\/uploads\/2018\/03\/vidal-1.jpg?resize=350%2C200 1x, https:\/\/i0.wp.com\/www.24baires.com\/wp-content\/uploads\/2018\/03\/vidal-1.jpg?resize=525%2C300 1.5x"},"classes":[]},{"id":103426,"url":"https:\/\/www.24baires.com\/?p=103426","url_meta":{"origin":103345,"position":2},"title":"Aportes truchos: Macri cit\u00f3 a Vidal y dijo \u00absiempre rendimos los gastos de campa\u00f1a\u00bb","author":"Grupo Sierra","date":"18\/07\/2018","format":false,"excerpt":"En conferencia de prensa, el presidente Mauricio Macri evit\u00f3 referirse a las denuncias por los aportes truchos en la campa\u00f1a de Cambiemos y cit\u00f3 a la gobernadora Mar\u00eda Eugenia Vidal, al sostener que \"siempre rendimos los gastos de campa\u00f1a\" y pedir por una nueva ley de financiamiento partidario. Durante una\u2026","rel":"","context":"En \u00abPol\u00edtica\u00bb","block_context":{"text":"Pol\u00edtica","link":"https:\/\/www.24baires.com\/?cat=51"},"img":{"alt_text":"","src":"https:\/\/i0.wp.com\/www.dib.com.ar\/gestion\/images\/blogmanagement\/noticias\/thumb\/5b4fb0545fac61531949140.jpg?resize=350%2C200","width":350,"height":200,"srcset":"https:\/\/i0.wp.com\/www.dib.com.ar\/gestion\/images\/blogmanagement\/noticias\/thumb\/5b4fb0545fac61531949140.jpg?resize=350%2C200 1x, https:\/\/i0.wp.com\/www.dib.com.ar\/gestion\/images\/blogmanagement\/noticias\/thumb\/5b4fb0545fac61531949140.jpg?resize=525%2C300 1.5x"},"classes":[]},{"id":103733,"url":"https:\/\/www.24baires.com\/?p=103733","url_meta":{"origin":103345,"position":3},"title":"Piden la renuncia de S\u00e1nchez Zinny","author":"AF","date":"07\/08\/2018","format":false,"excerpt":"Legisladores de Unidad Ciudadana le pidieron hoy a la gobernadora Mar\u00eda Eugenia Vidal que desplace al Director General de Cultura y Educaci\u00f3n, Gabriel S\u00e1nchez Zinny, al tiempo que adelantaron que presentar\u00e1n una denuncia penal contra el funcionario, a quien responsabilizan por la explosi\u00f3n de una escuela en Moreno que dej\u00f3\u2026","rel":"","context":"En \u00abPol\u00edtica\u00bb","block_context":{"text":"Pol\u00edtica","link":"https:\/\/www.24baires.com\/?cat=51"},"img":{"alt_text":"","src":"https:\/\/i0.wp.com\/www.24baires.com\/wp-content\/uploads\/2018\/08\/s%C3%A1nchez-zinny-vidal.jpg?resize=350%2C200","width":350,"height":200,"srcset":"https:\/\/i0.wp.com\/www.24baires.com\/wp-content\/uploads\/2018\/08\/s%C3%A1nchez-zinny-vidal.jpg?resize=350%2C200 1x, https:\/\/i0.wp.com\/www.24baires.com\/wp-content\/uploads\/2018\/08\/s%C3%A1nchez-zinny-vidal.jpg?resize=525%2C300 1.5x"},"classes":[]},{"id":103616,"url":"https:\/\/www.24baires.com\/?p=103616","url_meta":{"origin":103345,"position":4},"title":"Aportes \u00abtruchos\u00bb de Cambiemos: denuncian la participaci\u00f3n de empresas","author":"AF","date":"31\/07\/2018","format":false,"excerpt":"La diputada provincial Roc\u00edo Giaccone (Peronismo Kirchnerista) present\u00f3 hoy una denuncia para que se investigue si empresarios privados financiaron la campa\u00f1a electoral de Cambiemos en la localidad de Jun\u00edn. La legisladora del peronismo se present\u00f3 ante la Justicia Federal de Jun\u00edn para pedir que investigue puntualmente la situaci\u00f3n de la\u2026","rel":"","context":"En \u00abPol\u00edtica\u00bb","block_context":{"text":"Pol\u00edtica","link":"https:\/\/www.24baires.com\/?cat=51"},"img":{"alt_text":"","src":"https:\/\/i0.wp.com\/www.24baires.com\/wp-content\/uploads\/2018\/03\/vidal-1.jpg?resize=350%2C200","width":350,"height":200,"srcset":"https:\/\/i0.wp.com\/www.24baires.com\/wp-content\/uploads\/2018\/03\/vidal-1.jpg?resize=350%2C200 1x, https:\/\/i0.wp.com\/www.24baires.com\/wp-content\/uploads\/2018\/03\/vidal-1.jpg?resize=525%2C300 1.5x"},"classes":[]},{"id":101439,"url":"https:\/\/www.24baires.com\/?p=101439","url_meta":{"origin":103345,"position":5},"title":"Marcha atr\u00e1s con el recorte de subsidios a las escuelas de la Cruz Roja","author":"GB","date":"05\/04\/2018","format":false,"excerpt":"Tras el fuerte repudio de la organizaci\u00f3n, Vidal suspendi\u00f3 por un a\u00f1o el ajuste del 50 por ciento en los subsidios destinados al pago a docentes. Tras el fuerte repudio de la comunidad educativa, el gobierno de Mar\u00eda Eugenia Vidal dio marcha atr\u00e1s con la quita de subsidios a las\u2026","rel":"","context":"En \u00abProvincia\u00bb","block_context":{"text":"Provincia","link":"https:\/\/www.24baires.com\/?cat=40"},"img":{"alt_text":"","src":"https:\/\/i0.wp.com\/www.24baires.com\/wp-content\/uploads\/2018\/04\/cruz-roja-300x200.jpg?resize=350%2C200","width":350,"height":200},"classes":[]}],"jetpack_sharing_enabled":true,"jetpack_likes_enabled":true,"_links":{"self":[{"href":"https:\/\/www.24baires.com\/index.php?rest_route=\/wp\/v2\/posts\/103345","targetHints":{"allow":["GET"]}}],"collection":[{"href":"https:\/\/www.24baires.com\/index.php?rest_route=\/wp\/v2\/posts"}],"about":[{"href":"https:\/\/www.24baires.com\/index.php?rest_route=\/wp\/v2\/types\/post"}],"author":[{"embeddable":true,"href":"https:\/\/www.24baires.com\/index.php?rest_route=\/wp\/v2\/users\/4"}],"replies":[{"embeddable":true,"href":"https:\/\/www.24baires.com\/index.php?rest_route=%2Fwp%2Fv2%2Fcomments&post=103345"}],"version-history":[{"count":1,"href":"https:\/\/www.24baires.com\/index.php?rest_route=\/wp\/v2\/posts\/103345\/revisions"}],"predecessor-version":[{"id":103346,"href":"https:\/\/www.24baires.com\/index.php?rest_route=\/wp\/v2\/posts\/103345\/revisions\/103346"}],"wp:attachment":[{"href":"https:\/\/www.24baires.com\/index.php?rest_route=%2Fwp%2Fv2%2Fmedia&parent=103345"}],"wp:term":[{"taxonomy":"category","embeddable":true,"href":"https:\/\/www.24baires.com\/index.php?rest_route=%2Fwp%2Fv2%2Fcategories&post=103345"},{"taxonomy":"post_tag","embeddable":true,"href":"https:\/\/www.24baires.com\/index.php?rest_route=%2Fwp%2Fv2%2Ftags&post=103345"}],"curies":[{"name":"wp","href":"https:\/\/api.w.org\/{rel}","templated":true}]}}