{"id":10330,"date":"2012-12-25T13:09:24","date_gmt":"2012-12-25T16:09:24","guid":{"rendered":"http:\/\/www.24baires.com\/?p=10330"},"modified":"2012-12-25T14:12:50","modified_gmt":"2012-12-25T17:12:50","slug":"fuerte-temporal-azoto-el-noroeste-bonaerense","status":"publish","type":"post","link":"https:\/\/www.24baires.com\/?p=10330","title":{"rendered":"Fuerte temporal azot\u00f3 el noroeste bonaerense"},"content":{"rendered":"<p><a href=\"http:\/\/www.24baires.com\/provincia\/10330-fuerte-temporal-azoto-el-noroeste-bonaerense\/attachment\/temporal\/\" rel=\"attachment wp-att-10354\"><img data-recalc-dims=\"1\" loading=\"lazy\" decoding=\"async\" class=\"alignleft size-thumbnail wp-image-10354\" alt=\"temporal\" src=\"https:\/\/i0.wp.com\/www.24baires.com\/wp-content\/uploads\/2012\/12\/temporal.jpg?resize=150%2C150\" width=\"150\" height=\"150\" srcset=\"https:\/\/i0.wp.com\/www.24baires.com\/wp-content\/uploads\/2012\/12\/temporal.jpg?resize=150%2C150&amp;ssl=1 150w, https:\/\/i0.wp.com\/www.24baires.com\/wp-content\/uploads\/2012\/12\/temporal.jpg?resize=120%2C120&amp;ssl=1 120w, https:\/\/i0.wp.com\/www.24baires.com\/wp-content\/uploads\/2012\/12\/temporal.jpg?zoom=2&amp;resize=150%2C150 300w\" sizes=\"auto, (max-width: 150px) 100vw, 150px\" \/><\/a>Ca\u00eddas de \u00e1rboles, voladuras de techos y en algunos casos inundaciones son el saldo del fuerte temporal de lluvia, viento y granizo que azot\u00f3 al noroeste bonaerense en la noche del lunes y madrugada del martes, con epicentro en General Villegas. El intendente local, Gilberto Alegre, habl\u00f3 de \u201cdesastre\u201d clim\u00e1tico.<!--more--><br \/>\nSeg\u00fan las cr\u00f3nicas de distinto medios, hubo voladuras de techos, tapiales ca\u00eddos, \u00e1rboles arrancados de cuajo y galpones del ferrocarril afectado. El intendente de General Villegas, la zona m\u00e1s afectada, explic\u00f3 los alcances del fen\u00f3meno clim\u00e1tico a radios de la zona: \u201cMuchas casas del conocido Barrio La Trocha quedaron sin techo, se produjeron ca\u00eddas de tapiales, arrancados \u00e1rboles de cuajo en la plaza principal de la ciudad cabecera, destrozos en galpones del ferrocarril de Coronel Charlone y problemas en la zona agropecuaria de Banderal\u00f3, donde el granizo fue intenso\u00bb, puntualiz\u00f3 el mandatario comunal.<\/p>\n<p>Precis\u00f3, adem\u00e1s, que se produjo la \u00abvoladura del techo de la escuela n\u00famero 46, hace poco tiempo inaugurada, y que fue a parar a trescientos metros del lugar\u00bb, e inform\u00f3 que \u00abno hay energ\u00eda el\u00e9ctrica, las l\u00edneas telef\u00f3nicas en buen porcentaje han quedado en el piso. No tuvimos que lamentar evacuados. A quienes se lo ofrecimos, prefirieron quedarse en sus viviendas\u00bb.<\/p>\n<p>Tambi\u00e9n se informa la posibilidad de que haya habido un tornado en la localidad de Tres Algarrobos, partido de Carlos Tejedor. En Lincoln, aliviado, el intendente Jorge Fern\u00e1ndez declar\u00f3: \u00abParec\u00eda que el cielo se ven\u00eda abajo. Gracias a Dios, solo llovi\u00f3\u00bb.<\/p>\n<p>En el sudoeste, el temporal dej\u00f3 inundaciones y anegamientos en el partido de Salliquell\u00f3, aunque por el momento no se ha dado a conocer que haya evacuados; mientras que en toda la provincia se registraron fuertes lluvias y vientos que produjeron cortes de energ\u00eda el\u00e9ctrica.<\/p>\n<p>&nbsp;<\/p>\n<p>&nbsp;<\/p>\n<p>&nbsp;<\/p>\n<p>&nbsp;<\/p>\n<p>&nbsp;<\/p>\n<p>&nbsp;<\/p>\n<p>&nbsp;<\/p>\n<p>&nbsp;<\/p>\n<p>&nbsp;<\/p>\n<p>&nbsp;<\/p>\n<p>&nbsp;<\/p>\n<p>&nbsp;<\/p>\n<p>&nbsp;<\/p>\n<p>&nbsp;<\/p>\n<p>&nbsp;<\/p>\n<p>&nbsp;<\/p>\n<p>&nbsp;<\/p>\n<p>&nbsp;<\/p>\n<p>&nbsp;<\/p>\n<p>&nbsp;<\/p>\n<p>&nbsp;<\/p>\n<p>&nbsp;<\/p>\n<p>&nbsp;<\/p>\n<p>&nbsp;<\/p>\n<p>&nbsp;<\/p>\n<p>&nbsp;<\/p>\n<p>&nbsp;<\/p>\n<p>&nbsp;<\/p>\n<p>&nbsp;<\/p>\n<p>&nbsp;<\/p>\n","protected":false},"excerpt":{"rendered":"<p>Ca\u00eddas de \u00e1rboles, voladuras de techos y en algunos casos inundaciones son el saldo del fuerte temporal de lluvia, viento y granizo que azot\u00f3 al noroeste bonaerense en la noche del lunes y madrugada del martes, con epicentro en General Villegas. El intendente local, Gilberto Alegre, habl\u00f3 de \u201cdesastre\u201d clim\u00e1tico.<\/p>\n","protected":false},"author":4,"featured_media":0,"comment_status":"open","ping_status":"open","sticky":false,"template":"","format":"standard","meta":{"_jetpack_newsletter_access":"","_jetpack_dont_email_post_to_subs":false,"_jetpack_newsletter_tier_id":0,"_jetpack_memberships_contains_paywalled_content":false,"_jetpack_memberships_contains_paid_content":false,"footnotes":""},"categories":[40],"tags":[],"class_list":["post-10330","post","type-post","status-publish","format-standard","hentry","category-provincia"],"jetpack_featured_media_url":"","jetpack_shortlink":"https:\/\/wp.me\/p2JWE0-2GC","jetpack-related-posts":[{"id":106553,"url":"https:\/\/www.24baires.com\/?p=106553","url_meta":{"origin":10330,"position":0},"title":"Varios distritos bonaerenses sufrieron fuertes tormentas","author":"AF","date":"25\/01\/2019","format":false,"excerpt":"Un fuerte temporal de lluvia, viento y actividad el\u00e9ctrica castig\u00f3 este viernes a varios distritos bonaerenses, sobre todo en el norte y noroeste, donde en algunas localidades cayeron por encima de los 100 mil\u00edmetros (mm) en pocas horas. Calles anegadas, voladura de techos y rutas cortadas, fueron el saldo de\u2026","rel":"","context":"En \u00abProvincia\u00bb","block_context":{"text":"Provincia","link":"https:\/\/www.24baires.com\/?cat=40"},"img":{"alt_text":"","src":"https:\/\/i0.wp.com\/www.24baires.com\/wp-content\/uploads\/2017\/10\/campo-inundado.jpg?resize=350%2C200","width":350,"height":200,"srcset":"https:\/\/i0.wp.com\/www.24baires.com\/wp-content\/uploads\/2017\/10\/campo-inundado.jpg?resize=350%2C200 1x, https:\/\/i0.wp.com\/www.24baires.com\/wp-content\/uploads\/2017\/10\/campo-inundado.jpg?resize=525%2C300 1.5x"},"classes":[]},{"id":13510,"url":"https:\/\/www.24baires.com\/?p=13510","url_meta":{"origin":10330,"position":1},"title":"Violento temporal azot\u00f3 a Chascom\u00fas","author":"Grupo Sierra","date":"25\/01\/2013","format":false,"excerpt":"CHASCOMUS- En plena temporada tur\u00edstica, la ciudad de Chascom\u00fas fue objeto en la jornada de ayer de un violento temporal. Hay casas destruidas, \u00e1rboles ca\u00eddos y se produjeron innumerables da\u00f1os materiales. Minutos despu\u00e9s de las 17, una fuerte tormenta con intensas r\u00e1fagas de viento (se especul\u00f3 que podr\u00eda haber sido\u2026","rel":"","context":"En \u00abLocales\u00bb","block_context":{"text":"Locales","link":"https:\/\/www.24baires.com\/?cat=38"},"img":{"alt_text":"temporal chascomus","src":"https:\/\/i0.wp.com\/www.24baires.com\/wp-content\/uploads\/2013\/01\/temporal-chascomus.jpg?resize=350%2C200","width":350,"height":200,"srcset":"https:\/\/i0.wp.com\/www.24baires.com\/wp-content\/uploads\/2013\/01\/temporal-chascomus.jpg?resize=350%2C200 1x, https:\/\/i0.wp.com\/www.24baires.com\/wp-content\/uploads\/2013\/01\/temporal-chascomus.jpg?resize=525%2C300 1.5x"},"classes":[]},{"id":117005,"url":"https:\/\/www.24baires.com\/?p=117005","url_meta":{"origin":10330,"position":2},"title":"Chascom\u00fas: el temporal provoc\u00f3 ca\u00edda de \u00e1rboles y voladuras de techos","author":"AF","date":"11\/01\/2021","format":false,"excerpt":"Seg\u00fan precisaron desde el municipio se registraron r\u00e1fagas de vientos de hasta 120 kil\u00f3metros por hora. Un temporal de lluvia y vientos de 120 kil\u00f3metros por hora se registr\u00f3 en la ciudad de Chascom\u00fas y ocasion\u00f3 la voladura de m\u00e1s de una veintena de techos y la ca\u00edda de \u00e1rboles\u2026","rel":"","context":"En \u00abLocales\u00bb","block_context":{"text":"Locales","link":"https:\/\/www.24baires.com\/?cat=38"},"img":{"alt_text":"","src":"https:\/\/i0.wp.com\/www.24baires.com\/wp-content\/uploads\/2021\/01\/chascom%C3%BAs.jpg?resize=350%2C200","width":350,"height":200,"srcset":"https:\/\/i0.wp.com\/www.24baires.com\/wp-content\/uploads\/2021\/01\/chascom%C3%BAs.jpg?resize=350%2C200 1x, https:\/\/i0.wp.com\/www.24baires.com\/wp-content\/uploads\/2021\/01\/chascom%C3%BAs.jpg?resize=525%2C300 1.5x"},"classes":[]},{"id":10407,"url":"https:\/\/www.24baires.com\/?p=10407","url_meta":{"origin":10330,"position":3},"title":"Graves da\u00f1os en Tres Algarrobos tras el temporal","author":"AF","date":"26\/12\/2012","format":false,"excerpt":"Mar\u00eda Celia Gianini,\u00a0intendenta de Carlos Tejedor, dijo que las fuertes r\u00e1fagas de viento provocaron la voladura de m\u00e1s de 50 techos, ca\u00eddas de \u00e1rboles y tendido el\u00e9ctrico. La intendenta de Carlos Tejedor dijo que la localidad de Tres Algarrobos \u201cqued\u00f3 devastada\u201d por el temporal de lluvias y vientos que la\u2026","rel":"","context":"En \u00abLocales\u00bb","block_context":{"text":"Locales","link":"https:\/\/www.24baires.com\/?cat=38"},"img":{"alt_text":"","src":"","width":0,"height":0},"classes":[]},{"id":57800,"url":"https:\/\/www.24baires.com\/?p=57800","url_meta":{"origin":10330,"position":4},"title":"El temporal volvi\u00f3 locos a los vecinos de Olavarr\u00eda","author":"Grupo Sierra","date":"27\/11\/2014","format":false,"excerpt":"Tres personas heridas, voladuras de techos y cortes de luz, tel\u00e9fono y TV por ca\u00edda de cables y postes, fueron algunas de las consecuencias que provoc\u00f3 un fuerte temporal de lluvia y viento que afect\u00f3 a la ciudad bonaerense. El temporal, con r\u00e1fagas que superaron los 70 km\/h, comenz\u00f3 pasadas\u2026","rel":"","context":"En \u00abLocales\u00bb","block_context":{"text":"Locales","link":"https:\/\/www.24baires.com\/?cat=38"},"img":{"alt_text":"techo olavarr\u00eda temporal","src":"https:\/\/i0.wp.com\/www.24baires.com\/wp-content\/uploads\/2014\/11\/techo-olavarr%C3%ADa-temporal.jpg?resize=350%2C200","width":350,"height":200,"srcset":"https:\/\/i0.wp.com\/www.24baires.com\/wp-content\/uploads\/2014\/11\/techo-olavarr%C3%ADa-temporal.jpg?resize=350%2C200 1x, https:\/\/i0.wp.com\/www.24baires.com\/wp-content\/uploads\/2014\/11\/techo-olavarr%C3%ADa-temporal.jpg?resize=525%2C300 1.5x"},"classes":[]},{"id":101748,"url":"https:\/\/www.24baires.com\/?p=101748","url_meta":{"origin":10330,"position":5},"title":"Un fuerte temporal provoc\u00f3 destrozos en varios distritos bonaerenses","author":"GB","date":"23\/04\/2018","format":false,"excerpt":"Varios distritos del norte bonaerense fueron castigados durante esta tarde por un fuerte temporal de viento y lluvia que origin\u00f3 voladuras de techos e inconvenientes en el servicio de energ\u00eda el\u00e9ctrica, entre otras cuestiones. Una de las ciudades m\u00e1s afectadas fue Carlos Casares, donde se registraron fuertes da\u00f1os materiales en\u2026","rel":"","context":"En \u00abMunicipios\u00bb","block_context":{"text":"Municipios","link":"https:\/\/www.24baires.com\/?cat=44"},"img":{"alt_text":"","src":"https:\/\/i0.wp.com\/www.24baires.com\/wp-content\/uploads\/2018\/04\/temporal-bs-300x200.jpg?resize=350%2C200","width":350,"height":200},"classes":[]}],"jetpack_sharing_enabled":true,"jetpack_likes_enabled":true,"_links":{"self":[{"href":"https:\/\/www.24baires.com\/index.php?rest_route=\/wp\/v2\/posts\/10330","targetHints":{"allow":["GET"]}}],"collection":[{"href":"https:\/\/www.24baires.com\/index.php?rest_route=\/wp\/v2\/posts"}],"about":[{"href":"https:\/\/www.24baires.com\/index.php?rest_route=\/wp\/v2\/types\/post"}],"author":[{"embeddable":true,"href":"https:\/\/www.24baires.com\/index.php?rest_route=\/wp\/v2\/users\/4"}],"replies":[{"embeddable":true,"href":"https:\/\/www.24baires.com\/index.php?rest_route=%2Fwp%2Fv2%2Fcomments&post=10330"}],"version-history":[{"count":3,"href":"https:\/\/www.24baires.com\/index.php?rest_route=\/wp\/v2\/posts\/10330\/revisions"}],"predecessor-version":[{"id":10350,"href":"https:\/\/www.24baires.com\/index.php?rest_route=\/wp\/v2\/posts\/10330\/revisions\/10350"}],"wp:attachment":[{"href":"https:\/\/www.24baires.com\/index.php?rest_route=%2Fwp%2Fv2%2Fmedia&parent=10330"}],"wp:term":[{"taxonomy":"category","embeddable":true,"href":"https:\/\/www.24baires.com\/index.php?rest_route=%2Fwp%2Fv2%2Fcategories&post=10330"},{"taxonomy":"post_tag","embeddable":true,"href":"https:\/\/www.24baires.com\/index.php?rest_route=%2Fwp%2Fv2%2Ftags&post=10330"}],"curies":[{"name":"wp","href":"https:\/\/api.w.org\/{rel}","templated":true}]}}