{"id":10318,"date":"2012-12-24T21:34:01","date_gmt":"2012-12-25T00:34:01","guid":{"rendered":"http:\/\/www.24baires.com\/?p=10318"},"modified":"2012-12-24T21:34:08","modified_gmt":"2012-12-25T00:34:08","slug":"infernal-50oc-de-sensacion-termica-en-la-capital-federal-y-el-conurbano","status":"publish","type":"post","link":"https:\/\/www.24baires.com\/?p=10318","title":{"rendered":"Infernal: 50\u00baC de sensaci\u00f3n t\u00e9rmica en la Capital Federal y el conurbano"},"content":{"rendered":"<p><a href=\"http:\/\/www.24baires.com\/sociedad\/10318-infernal-50oc-de-sensacion-termica-en-la-capital-federal-y-el-conurbano\/attachment\/carlos-caba\/\" rel=\"attachment wp-att-10319\"><img data-recalc-dims=\"1\" loading=\"lazy\" decoding=\"async\" class=\"alignleft size-medium wp-image-10319\" alt=\"carlos caba\" src=\"https:\/\/i0.wp.com\/www.24baires.com\/wp-content\/uploads\/2012\/12\/carlos-caba.jpg?resize=300%2C200\" width=\"300\" height=\"200\" srcset=\"https:\/\/i0.wp.com\/www.24baires.com\/wp-content\/uploads\/2012\/12\/carlos-caba.jpg?resize=300%2C200&amp;ssl=1 300w, https:\/\/i0.wp.com\/www.24baires.com\/wp-content\/uploads\/2012\/12\/carlos-caba.jpg?w=510&amp;ssl=1 510w\" sizes=\"auto, (max-width: 300px) 100vw, 300px\" \/><\/a>La ciudad de Buenos Aires y el \u00e1rea metropolitana vivieron una jornada de calor sofocante, con<strong>\u00a0una sensaci\u00f3n t\u00e9rmica que, a las 13, lleg\u00f3 casi a los 50\u00b0<\/strong>, con una temperatura de 35.5\u00b0.<br \/>\n<!--more--><\/p>\n<p>La masa de aire c\u00e1lido, una humedad del 70% y viento del norte contribuyeron a elevar la sensaci\u00f3n t\u00e9rmica en una jornada en la que ya a media ma\u00f1ana la t\u00e9rmica se elevaba a 41.8 grados, de acuerdo con datos del Servicio Meteorol\u00f3gico Nacional.<\/p>\n<p>El organismo precis\u00f3 que hacia la noche se esperaban tormentas con descenso de la temperatura y vientos rotando al sur, mientras que ma\u00f1ana habr\u00e1 r\u00e1fagas de viento y precipitaciones con una temperatura m\u00e1xima prevista de 25 grados y una m\u00ednima de 18.<\/p>\n<p>El SMN emiti\u00f3 un informe por tormentas fuertes para Capital Federal, provincia de Buenos Aires, C\u00f3rdoba, Entre R\u00edos, centro y este de La Pampa, este de Mendoza, San Luis, centro y sur de Santa Fe y el R\u00edo de la Plata.<\/p>\n<p>El organismo se\u00f1al\u00f3 que aire caluroso, muy h\u00famedo e inestable contin\u00faa ingresando al \u00e1rea de cobertura desde el norte del pa\u00eds, en la zona de cobertura.<\/p>\n<p>En la zona de cobertura se desarrollar\u00e1n \u00e1reas de tormentas, que\u00a0 podr\u00edan tener en forma aislada caracter\u00edsticas de fuertes y\/o severas, con fuertes r\u00e1fagas de viento, ca\u00edda de granizo, y abundante ca\u00edda de agua en cortos periodos de tiempo.<\/p>\n<p>Con el arribo y posterior desplazamiento de un frente fr\u00edo se espera que los fen\u00f3menos tiendan generalizarse e intensificarse entre la noche del lunes 24 y madrugada del mi\u00e9rcoles 25.<\/p>\n<p>Por su parte, el gobierno porte\u00f1o record\u00f3 que esta noche, por la tradicional fiesta de Navidad, no habr\u00e1 recolecci\u00f3n de residuos.<\/p>\n<p>En consecuencia inst\u00f3 a los vecinos a no sacar la basura a la calle, teniendo en cuenta, adem\u00e1s, que se esperan tormentas hacia la medianoche.<\/p>\n<p>En tanto, ma\u00f1ana, el servicio se prestar\u00e1 normalmente por lo que \u00abse recuerda a los vecinos que para evitar la acumulaci\u00f3n de basura en la calle, saquen sus residuos entre las 20 y las 21\u00bb, indic\u00f3 el gobierno de la ciudad.<\/p>\n","protected":false},"excerpt":{"rendered":"<p>La ciudad de Buenos Aires y el \u00e1rea metropolitana vivieron una jornada de calor sofocante, con\u00a0una sensaci\u00f3n t\u00e9rmica que, a las 13, lleg\u00f3 casi a los 50\u00b0, con una temperatura de 35.5\u00b0.<\/p>\n","protected":false},"author":11,"featured_media":0,"comment_status":"open","ping_status":"open","sticky":false,"template":"","format":"standard","meta":{"_jetpack_newsletter_access":"","_jetpack_dont_email_post_to_subs":false,"_jetpack_newsletter_tier_id":0,"_jetpack_memberships_contains_paywalled_content":false,"_jetpack_memberships_contains_paid_content":false,"footnotes":""},"categories":[1],"tags":[],"class_list":["post-10318","post","type-post","status-publish","format-standard","hentry","category-sociedad"],"jetpack_featured_media_url":"","jetpack_shortlink":"https:\/\/wp.me\/p2JWE0-2Gq","jetpack-related-posts":[{"id":50611,"url":"https:\/\/www.24baires.com\/?p=50611","url_meta":{"origin":10318,"position":0},"title":"Medio pa\u00eds bajo una intensa ola de fr\u00edo","author":"Grupo Sierra","date":"27\/07\/2014","format":false,"excerpt":"Diez provincias vivieron temperaturas bajo cero a las 7 y la ciudad santacruce\u00f1a de El Calafate registr\u00f3 una marca extrema de 15 grados bajo cero y 20 grados bajo cero de sensaci\u00f3n t\u00e9rmica. Seg\u00fan inform\u00f3 el Servicio Meteorol\u00f3gico Nacional, a las 7 hab\u00eda temperaturas bajo cero en las provincias de\u2026","rel":"","context":"En \u00abSociedad\u00bb","block_context":{"text":"Sociedad","link":"https:\/\/www.24baires.com\/?cat=1"},"img":{"alt_text":"frio","src":"https:\/\/i0.wp.com\/www.24baires.com\/wp-content\/uploads\/2014\/07\/frio.jpg?resize=350%2C200","width":350,"height":200,"srcset":"https:\/\/i0.wp.com\/www.24baires.com\/wp-content\/uploads\/2014\/07\/frio.jpg?resize=350%2C200 1x, https:\/\/i0.wp.com\/www.24baires.com\/wp-content\/uploads\/2014\/07\/frio.jpg?resize=525%2C300 1.5x"},"classes":[]},{"id":26365,"url":"https:\/\/www.24baires.com\/?p=26365","url_meta":{"origin":10318,"position":1},"title":"Ola de fr\u00edo polar afecta al pa\u00eds y provoca temperaturas bajo cero","author":"AF","date":"19\/06\/2013","format":false,"excerpt":"La ola de fr\u00edo polar que por tercer d\u00eda consecutivo afecta al sur y centro del pa\u00eds gener\u00f3 registros de temperaturas bajo cero en gran parte de la provincia de Buenos Aires, La Pampa, C\u00f3rdoba y la Patagonia, inform\u00f3 el Servicio Meteorol\u00f3gico Nacional (SMN). En la provincia de Buenos Aires\u2026","rel":"","context":"En \u00abSociedad\u00bb","block_context":{"text":"Sociedad","link":"https:\/\/www.24baires.com\/?cat=1"},"img":{"alt_text":"","src":"","width":0,"height":0},"classes":[]},{"id":36892,"url":"https:\/\/www.24baires.com\/?p=36892","url_meta":{"origin":10318,"position":2},"title":"Ola de calor: la temperatura super\u00f3 los 30 grados en la mitad del pa\u00eds","author":"GB","date":"15\/12\/2013","format":false,"excerpt":"La mitad del territorio nacional soportaba temperaturas superiores a los 30 grados hacia las 10 y la Ciudad de Buenos Aires registraba por entonces el valor m\u00e1s alto, con 32,9 grados, seg\u00fan datos del Servicio Meteorol\u00f3gico Nacional (SMN). El clima en todo el pa\u00eds. En tanto, la sensaci\u00f3n t\u00e9rmica m\u00e1s\u2026","rel":"","context":"En \u00abSociedad\u00bb","block_context":{"text":"Sociedad","link":"https:\/\/www.24baires.com\/?cat=1"},"img":{"alt_text":"","src":"","width":0,"height":0},"classes":[]},{"id":38724,"url":"https:\/\/www.24baires.com\/?p=38724","url_meta":{"origin":10318,"position":3},"title":"Continuar\u00e1 durante el fin de semana la ola de calor en la Provincia","author":"GB","date":"18\/01\/2014","format":false,"excerpt":"La zona central del pa\u00eds permanecer\u00e1 con temperaturas elevadas, que rondar\u00e1n entre los 38 y 44 grados durante el fin de semana y por lo menos hasta el lunes, seg\u00fan adelant\u00f3 esta ma\u00f1ana el Servicio Meteorol\u00f3gico Nacional (SMN). Las provincias m\u00e1s afectadas ser\u00e1n Buenos Aires y La Pampa, inform\u00f3 el\u2026","rel":"","context":"En \u00abSociedad\u00bb","block_context":{"text":"Sociedad","link":"https:\/\/www.24baires.com\/?cat=1"},"img":{"alt_text":"ola de calor","src":"https:\/\/i0.wp.com\/www.24baires.com\/wp-content\/uploads\/2013\/12\/ola-de-calor.jpg?resize=350%2C200","width":350,"height":200,"srcset":"https:\/\/i0.wp.com\/www.24baires.com\/wp-content\/uploads\/2013\/12\/ola-de-calor.jpg?resize=350%2C200 1x, https:\/\/i0.wp.com\/www.24baires.com\/wp-content\/uploads\/2013\/12\/ola-de-calor.jpg?resize=525%2C300 1.5x"},"classes":[]},{"id":23410,"url":"https:\/\/www.24baires.com\/?p=23410","url_meta":{"origin":10318,"position":4},"title":"Una ola polar invadir\u00e1 el pa\u00eds desde el martes","author":"AF","date":"13\/05\/2013","format":false,"excerpt":"El Servicio Meteorol\u00f3gico Nacional emiti\u00f3 un informe especial por irrupci\u00f3n de aire fr\u00edo en todo el territorio nacional. El fen\u00f3meno, que llegar\u00e1 con vientos del sur, provocar\u00e1 desde ma\u00f1ana un brusco descenso de la temperatura. Tambi\u00e9n pronostican heladas y nevadas en la Patagonia. Una masa de aire polar que se\u2026","rel":"","context":"En \u00abSociedad\u00bb","block_context":{"text":"Sociedad","link":"https:\/\/www.24baires.com\/?cat=1"},"img":{"alt_text":"ola fr\u00edo","src":"https:\/\/i0.wp.com\/www.24baires.com\/wp-content\/uploads\/2013\/05\/ola-fr%C3%ADo.jpg?resize=350%2C200","width":350,"height":200,"srcset":"https:\/\/i0.wp.com\/www.24baires.com\/wp-content\/uploads\/2013\/05\/ola-fr%C3%ADo.jpg?resize=350%2C200 1x, https:\/\/i0.wp.com\/www.24baires.com\/wp-content\/uploads\/2013\/05\/ola-fr%C3%ADo.jpg?resize=525%2C300 1.5x"},"classes":[]},{"id":30631,"url":"https:\/\/www.24baires.com\/?p=30631","url_meta":{"origin":10318,"position":5},"title":"Tras el fr\u00edo polar, lleg\u00f3 la nieve a Mar del Plata","author":"AF","date":"23\/08\/2013","format":false,"excerpt":"Gran cantidad de copos de nieve cayeron esta madrugada en esa ciudad balnearia, donde los barrios de Los Troncos, Playa Grande, Punta Mogotes y el Puerto fueron los m\u00e1s afectados por el fen\u00f3meno clim\u00e1tico. Poco despu\u00e9s de la medianoche y con 3,5 grados bajo cero de sensaci\u00f3n t\u00e9rmica y 89\u2026","rel":"","context":"En \u00abLocales\u00bb","block_context":{"text":"Locales","link":"https:\/\/www.24baires.com\/?cat=38"},"img":{"alt_text":"mdp nieve","src":"https:\/\/i0.wp.com\/www.24baires.com\/wp-content\/uploads\/2013\/08\/mdp-nieve.jpg?resize=350%2C200","width":350,"height":200,"srcset":"https:\/\/i0.wp.com\/www.24baires.com\/wp-content\/uploads\/2013\/08\/mdp-nieve.jpg?resize=350%2C200 1x, https:\/\/i0.wp.com\/www.24baires.com\/wp-content\/uploads\/2013\/08\/mdp-nieve.jpg?resize=525%2C300 1.5x"},"classes":[]}],"jetpack_sharing_enabled":true,"jetpack_likes_enabled":true,"_links":{"self":[{"href":"https:\/\/www.24baires.com\/index.php?rest_route=\/wp\/v2\/posts\/10318","targetHints":{"allow":["GET"]}}],"collection":[{"href":"https:\/\/www.24baires.com\/index.php?rest_route=\/wp\/v2\/posts"}],"about":[{"href":"https:\/\/www.24baires.com\/index.php?rest_route=\/wp\/v2\/types\/post"}],"author":[{"embeddable":true,"href":"https:\/\/www.24baires.com\/index.php?rest_route=\/wp\/v2\/users\/11"}],"replies":[{"embeddable":true,"href":"https:\/\/www.24baires.com\/index.php?rest_route=%2Fwp%2Fv2%2Fcomments&post=10318"}],"version-history":[{"count":4,"href":"https:\/\/www.24baires.com\/index.php?rest_route=\/wp\/v2\/posts\/10318\/revisions"}],"predecessor-version":[{"id":10323,"href":"https:\/\/www.24baires.com\/index.php?rest_route=\/wp\/v2\/posts\/10318\/revisions\/10323"}],"wp:attachment":[{"href":"https:\/\/www.24baires.com\/index.php?rest_route=%2Fwp%2Fv2%2Fmedia&parent=10318"}],"wp:term":[{"taxonomy":"category","embeddable":true,"href":"https:\/\/www.24baires.com\/index.php?rest_route=%2Fwp%2Fv2%2Fcategories&post=10318"},{"taxonomy":"post_tag","embeddable":true,"href":"https:\/\/www.24baires.com\/index.php?rest_route=%2Fwp%2Fv2%2Ftags&post=10318"}],"curies":[{"name":"wp","href":"https:\/\/api.w.org\/{rel}","templated":true}]}}