{"id":103085,"date":"2018-06-30T18:00:51","date_gmt":"2018-06-30T21:00:51","guid":{"rendered":"http:\/\/www.24baires.com\/?p=103085"},"modified":"2018-06-30T14:27:47","modified_gmt":"2018-06-30T17:27:47","slug":"en-las-fauces-de-estas-bestias","status":"publish","type":"post","link":"https:\/\/www.24baires.com\/?p=103085","title":{"rendered":"En las fauces de estas bestias"},"content":{"rendered":"<p><img data-recalc-dims=\"1\" loading=\"lazy\" decoding=\"async\" src=\"https:\/\/i0.wp.com\/www.24baires.com\/wp-content\/uploads\/2018\/06\/telam.jpeg?resize=560%2C315\" alt=\"\" width=\"560\" height=\"315\" class=\"aligncenter size-full wp-image-103010\" srcset=\"https:\/\/i0.wp.com\/www.24baires.com\/wp-content\/uploads\/2018\/06\/telam.jpeg?w=560&amp;ssl=1 560w, https:\/\/i0.wp.com\/www.24baires.com\/wp-content\/uploads\/2018\/06\/telam.jpeg?resize=300%2C169&amp;ssl=1 300w\" sizes=\"auto, (max-width: 560px) 100vw, 560px\" \/>Nos han da\u00f1ado tanto y de maneras tan profundas y diversas, que ahora creemos que hay que aclarar que los cientos de trabajadoras y trabajadores despedidos de T\u00e9lam no eran necesariamente kirchneristas, como si tener una ideolog\u00eda partidaria determinada fuera un estigma, una plaga a erradicar, una causa para perder la fuente de sustento. Porque este gobierno implant\u00f3 la idea de que quienes trabajaban en el Estado eran vagos de Cristina, los \u00f1oquis enquistados en la burocracia, seres ruines que viv\u00edan de la gran teta gubernamental, aliment\u00e1ndose de los impuestos que les pagamos todos&#8230; incluso quienes trabajan en el Estado. <!--more--><\/p>\n<p>Parece que hay que aclarar que los despedidos son de ideolog\u00edas variadas, que tambi\u00e9n votaron a este gobierno, que los echaron a todos por igual. Porque nos instalaron la duda en el trabajo y el esfuerzo del otro, nos profundizaron el ego\u00edsmo y nos separaron, solidariamente, un poco m\u00e1s. Han destruido tanto los lazos que pueden y deben unirnos, que, cuando te dejan sin trabajo, lo importante, lo que logra el z\u00f3calo en la TV o el t\u00edtulo en el portal, es que votaste a Macri, qu\u00e9 locura que a vos tambi\u00e9n te echaran. <\/p>\n<p>Si adher\u00edas al gobierno anterior o si te manifestaste o hiciste alguna huelga, \u00bfsi eras susceptible a perder tu puesto? Esa es la verdadera locura en la que nos han sumergido, en la que tantas argentinas y argentinos nadan, ahog\u00e1ndose en cada brazada: creer que mientras le pase a otro eso me mantiene a salvo, sobre la l\u00ednea de flotaci\u00f3n. Es la base del pensamiento individualista que la derecha que hoy ocupa la Casa Rosada gusta que profesemos. Porque as\u00ed pueden ir por cada uno de nosotras y nosotros, caz\u00e1ndonos, esperando poco impacto mientras esparcen desocupaci\u00f3n, hambre y miseria. <\/p>\n<p>Debemos entender que si le pasa a otro me pasa a m\u00ed, efectivamente, sin importar c\u00f3mo piense el otro. Porque Cambiemos con su discurso siempre c\u00ednico afirma que gana el periodismo, mientras deja en la calle a 350 familias de la Agencia T\u00e9lam. Trabajadoras y trabajadores con d\u00e9cadas de trayectoria y experiencia en sus espaldas, basureados, violentados, marginados. Hern\u00e1n Lombardi, el Rey de los C\u00ednicos, adem\u00e1s quiere que aplaudamos lo que consideran un avance. Pero es otro de los retrocesos hist\u00f3ricos a los que estos chetos garcas nos tienen acostumbrados. <\/p>\n<p>Vivir con el miedo de perder el empleo. Vivir con la clara posibilidad de convertirte en un desocupado m\u00e1s de los que engrosan las filas de solicitantes, cada vez m\u00e1s largas, cada vez m\u00e1s densas, cada vez m\u00e1s tristes. Vivir sin empleo. Vivir buscando trabajo. La desesperaci\u00f3n de la plata que se termina, no alcanza. Vivir con esa mesa que empieza a vaciarse, con las panzas que no pueden llenarse.<\/p>\n<p>No gan\u00f3 el periodismo, perdi\u00f3 por goleada, como venimos perdiendo desde hace m\u00e1s de dos a\u00f1os. Perdemos derechos, perdemos oportunidades, nos roban a\u00f1os de vida, se burlan en nuestra cara.<\/p>\n<p>El totalitarismo de este gobierno se palpa, se sufre. Nos quitan la comida de la boca, nos meten la mano en el bolsillo, le bajan a patadas el futuro a nuestros ni\u00f1os y j\u00f3venes, les regalan la vej\u00e9z m\u00e1s pobre y solitaria posible a nuestros viejos. Y si nos quejamos, nos muelen a palos. Porque esa fue siempre la receta: un pueblo miserable y triste, dominado. No les demos el gusto, asimilemos esa verdad: si le pasa al otro, a m\u00ed tambi\u00e9n. Luchemos por el otro, que el otro luchar\u00e1 por nosotros. Tiene nombre, se llama solidaridad, y es la clave, es la carta que nos queda para jugar en este partido de pobres contra ricos, del pueblo contra el antipueblo, de la pol\u00edtica contra la antipol\u00edtica. Es la empat\u00eda, es poner el hombro en esta hora tan oscura, es la organizaci\u00f3n, es la fidelidad al otro lo que lograr\u00e1 arrojar un poco de luz mientras estemos atrapados en las fauces de estas bestias.<\/p>\n","protected":false},"excerpt":{"rendered":"<p>Nos han da\u00f1ado tanto y de maneras tan profundas y diversas, que ahora creemos que hay que aclarar que los cientos de trabajadoras y trabajadores despedidos de T\u00e9lam no eran necesariamente kirchneristas, como si tener una ideolog\u00eda partidaria determinada fuera un estigma, una plaga a erradicar, una causa para perder la fuente de sustento. Porque este gobierno implant\u00f3 la idea [&#8230;]<\/p>\n","protected":false},"author":4,"featured_media":0,"comment_status":"open","ping_status":"open","sticky":false,"template":"","format":"standard","meta":{"_jetpack_newsletter_access":"","_jetpack_dont_email_post_to_subs":false,"_jetpack_newsletter_tier_id":0,"_jetpack_memberships_contains_paywalled_content":false,"_jetpack_memberships_contains_paid_content":false,"footnotes":""},"categories":[64],"tags":[],"class_list":["post-103085","post","type-post","status-publish","format-standard","hentry","category-opinion"],"jetpack_featured_media_url":"","jetpack_shortlink":"https:\/\/wp.me\/p2JWE0-qOF","jetpack-related-posts":[{"id":78389,"url":"https:\/\/www.24baires.com\/?p=78389","url_meta":{"origin":103085,"position":0},"title":"Desde el Gobierno admiten que no s\u00f3lo se est\u00e1n despidiendo \u00ab\u00f1oquis\u00bb","author":"AF","date":"01\/02\/2016","format":false,"excerpt":"El secretario de Trabajo, Ezequiel Sabor, reconoci\u00f3 que la actual gesti\u00f1on hered\u00f3 \"un Estado sobredimensionado\" y afirm\u00f3: \"No podemos tener un estado enorme que nos traiga d\u00e9ficit\". El gobierno nacional reconoci\u00f3 hoy, luego de despedir a m\u00e1s de 30 mil personas del sector p\u00fablico, que no s\u00f3lo estaba eliminando a\u2026","rel":"","context":"En \u00abSociedad\u00bb","block_context":{"text":"Sociedad","link":"https:\/\/www.24baires.com\/?cat=1"},"img":{"alt_text":"sabor","src":"https:\/\/i0.wp.com\/www.24baires.com\/wp-content\/uploads\/2016\/02\/sabor.jpg?resize=350%2C200","width":350,"height":200,"srcset":"https:\/\/i0.wp.com\/www.24baires.com\/wp-content\/uploads\/2016\/02\/sabor.jpg?resize=350%2C200 1x, https:\/\/i0.wp.com\/www.24baires.com\/wp-content\/uploads\/2016\/02\/sabor.jpg?resize=525%2C300 1.5x"},"classes":[]},{"id":12553,"url":"https:\/\/www.24baires.com\/?p=12553","url_meta":{"origin":103085,"position":1},"title":"Se levant\u00f3 el paro de trenes previsto para el martes 22","author":"AF","date":"17\/01\/2013","format":false,"excerpt":"Tras reunirse en Casa de Gobierno con Florencio Randazzo,\u00a0 la Fraternidad y la Uni\u00f3n Ferroviaria levantaron el paro nacional de 24 horas que se iba a realizar el martes 22, en apoyo a las demandas laborales de los trabajadores ferroviarios del servicio conocido como \"La Trochita\" en Chubut.\u00a0 As\u00ed lo\u2026","rel":"","context":"En \u00abSociedad\u00bb","block_context":{"text":"Sociedad","link":"https:\/\/www.24baires.com\/?cat=1"},"img":{"alt_text":"la trochita","src":"https:\/\/i0.wp.com\/www.24baires.com\/wp-content\/uploads\/2013\/01\/la-trochita.jpg?resize=350%2C200","width":350,"height":200,"srcset":"https:\/\/i0.wp.com\/www.24baires.com\/wp-content\/uploads\/2013\/01\/la-trochita.jpg?resize=350%2C200 1x, https:\/\/i0.wp.com\/www.24baires.com\/wp-content\/uploads\/2013\/01\/la-trochita.jpg?resize=525%2C300 1.5x"},"classes":[]},{"id":86805,"url":"https:\/\/www.24baires.com\/?p=86805","url_meta":{"origin":103085,"position":2},"title":"Siguen los despidos: ahora echaron a 50 trabajadores en Educaci\u00f3n","author":"GB","date":"26\/08\/2016","format":false,"excerpt":"El Gobierno cesante\u00f3 a una nueva tanda de empleados p\u00fablicos, pese a que Modernizaci\u00f3n hab\u00eda anunciado que ya no habr\u00eda despidos. El Gobierno volvi\u00f3 a cesantear a empleados p\u00fablicos, pese a que el Ministerio de Modernizaci\u00f3n hab\u00eda anunciado que ya no habr\u00eda despidos en el Estado. Fueron 50 los nuevos\u2026","rel":"","context":"En \u00abSociedad\u00bb","block_context":{"text":"Sociedad","link":"https:\/\/www.24baires.com\/?cat=1"},"img":{"alt_text":"","src":"","width":0,"height":0},"classes":[]},{"id":111273,"url":"https:\/\/www.24baires.com\/?p=111273","url_meta":{"origin":103085,"position":3},"title":"Tomada: \u00abEl objetivo del Fondo y de este gobierno era aumentar desocupaci\u00f3n\u00bb","author":"AF","date":"20\/07\/2019","format":false,"excerpt":"El exfuncionario kirchnerista arremeti\u00f3 contra las pol\u00edticas de trabajo del gobierno de Mauricio Macri y revel\u00f3 que fueron pedidas por el organismo internacional. El ex ministro de Trabajo Carlos Tomada esgrimi\u00f3 que \"el objetivo del FMI y de este gobierno era aumentar la desocupaci\u00f3n\", y analiz\u00f3 que \"nunca dieron resultado\u2026","rel":"","context":"En \u00abPol\u00edtica\u00bb","block_context":{"text":"Pol\u00edtica","link":"https:\/\/www.24baires.com\/?cat=51"},"img":{"alt_text":"","src":"https:\/\/i0.wp.com\/www.24baires.com\/wp-content\/uploads\/2019\/07\/tomada.png?resize=350%2C200","width":350,"height":200,"srcset":"https:\/\/i0.wp.com\/www.24baires.com\/wp-content\/uploads\/2019\/07\/tomada.png?resize=350%2C200 1x, https:\/\/i0.wp.com\/www.24baires.com\/wp-content\/uploads\/2019\/07\/tomada.png?resize=525%2C300 1.5x"},"classes":[]},{"id":97554,"url":"https:\/\/www.24baires.com\/?p=97554","url_meta":{"origin":103085,"position":4},"title":"Trabajadores de Pepsico reclaman contra los despidos en el Obelisco","author":"GB","date":"20\/09\/2017","format":false,"excerpt":"Los operarios de la planta que se ubica en Vicente L\u00f3pez que fueron despedidos de la empresa multinacional, exigen al gobierno nacional que brinde respuestas ante la situaci\u00f3n que atraviesan. Desde las 7.30 aproximadamente, los trabajadores despedidos de Pepsico de la planta ubicada en la localidad bonaerense de Vicente L\u00f3pez,\u2026","rel":"","context":"En \u00abSociedad\u00bb","block_context":{"text":"Sociedad","link":"https:\/\/www.24baires.com\/?cat=1"},"img":{"alt_text":"","src":"https:\/\/i0.wp.com\/www.24baires.com\/wp-content\/uploads\/2017\/09\/pepsico-obelisco.jpg?resize=350%2C200","width":350,"height":200,"srcset":"https:\/\/i0.wp.com\/www.24baires.com\/wp-content\/uploads\/2017\/09\/pepsico-obelisco.jpg?resize=350%2C200 1x, https:\/\/i0.wp.com\/www.24baires.com\/wp-content\/uploads\/2017\/09\/pepsico-obelisco.jpg?resize=525%2C300 1.5x"},"classes":[]},{"id":91366,"url":"https:\/\/www.24baires.com\/?p=91366","url_meta":{"origin":103085,"position":5},"title":"Las pymes, preocupadas por la apertura de importaciones","author":"AF","date":"05\/01\/2017","format":false,"excerpt":"El presidente de la Central de Entidades Empresarias Nacionales (CEEN), Francisco Dos Reis, sali\u00f3 a cruza ra Dujovne y alert\u00f3 que \u201caumentar el ingreso de productos importados disparar\u00e1 el desempleo en el pa\u00eds, las f\u00e1bricas y los comercios no podr\u00e1n\u201d. El presidente de la Central de Entidades Empresarias Nacionales (CEEN),\u2026","rel":"","context":"En \u00abEconom\u00eda\u00bb","block_context":{"text":"Econom\u00eda","link":"https:\/\/www.24baires.com\/?cat=45"},"img":{"alt_text":"","src":"https:\/\/i0.wp.com\/www.24baires.com\/wp-content\/uploads\/2016\/05\/pymes.jpg?resize=350%2C200","width":350,"height":200,"srcset":"https:\/\/i0.wp.com\/www.24baires.com\/wp-content\/uploads\/2016\/05\/pymes.jpg?resize=350%2C200 1x, https:\/\/i0.wp.com\/www.24baires.com\/wp-content\/uploads\/2016\/05\/pymes.jpg?resize=525%2C300 1.5x"},"classes":[]}],"jetpack_sharing_enabled":true,"jetpack_likes_enabled":true,"_links":{"self":[{"href":"https:\/\/www.24baires.com\/index.php?rest_route=\/wp\/v2\/posts\/103085","targetHints":{"allow":["GET"]}}],"collection":[{"href":"https:\/\/www.24baires.com\/index.php?rest_route=\/wp\/v2\/posts"}],"about":[{"href":"https:\/\/www.24baires.com\/index.php?rest_route=\/wp\/v2\/types\/post"}],"author":[{"embeddable":true,"href":"https:\/\/www.24baires.com\/index.php?rest_route=\/wp\/v2\/users\/4"}],"replies":[{"embeddable":true,"href":"https:\/\/www.24baires.com\/index.php?rest_route=%2Fwp%2Fv2%2Fcomments&post=103085"}],"version-history":[{"count":2,"href":"https:\/\/www.24baires.com\/index.php?rest_route=\/wp\/v2\/posts\/103085\/revisions"}],"predecessor-version":[{"id":103087,"href":"https:\/\/www.24baires.com\/index.php?rest_route=\/wp\/v2\/posts\/103085\/revisions\/103087"}],"wp:attachment":[{"href":"https:\/\/www.24baires.com\/index.php?rest_route=%2Fwp%2Fv2%2Fmedia&parent=103085"}],"wp:term":[{"taxonomy":"category","embeddable":true,"href":"https:\/\/www.24baires.com\/index.php?rest_route=%2Fwp%2Fv2%2Fcategories&post=103085"},{"taxonomy":"post_tag","embeddable":true,"href":"https:\/\/www.24baires.com\/index.php?rest_route=%2Fwp%2Fv2%2Ftags&post=103085"}],"curies":[{"name":"wp","href":"https:\/\/api.w.org\/{rel}","templated":true}]}}