{"id":10295,"date":"2012-12-24T13:38:05","date_gmt":"2012-12-24T16:38:05","guid":{"rendered":"http:\/\/www.24baires.com\/?p=10295"},"modified":"2012-12-24T13:39:02","modified_gmt":"2012-12-24T16:39:02","slug":"un-halo-solar-sorprendio-a-los-turistas-en-la-costa-bonaerense","status":"publish","type":"post","link":"https:\/\/www.24baires.com\/?p=10295","title":{"rendered":"Un halo solar sorprendi\u00f3 a los turistas en la costa bonaerense"},"content":{"rendered":"<p><strong><a href=\"http:\/\/www.24baires.com\/sociedad\/10295-un-halo-solar-sorprendio-a-los-turistas-en-la-costa-bonaerense\/attachment\/sol_aureola\/\" rel=\"attachment wp-att-10296\"><img data-recalc-dims=\"1\" loading=\"lazy\" decoding=\"async\" class=\"alignleft size-medium wp-image-10296\" alt=\"sol_aureola\" src=\"https:\/\/i0.wp.com\/www.24baires.com\/wp-content\/uploads\/2012\/12\/sol_aureola.jpg?resize=300%2C225\" width=\"300\" height=\"225\" srcset=\"https:\/\/i0.wp.com\/www.24baires.com\/wp-content\/uploads\/2012\/12\/sol_aureola.jpg?resize=300%2C225&amp;ssl=1 300w, https:\/\/i0.wp.com\/www.24baires.com\/wp-content\/uploads\/2012\/12\/sol_aureola.jpg?w=360&amp;ssl=1 360w\" sizes=\"auto, (max-width: 300px) 100vw, 300px\" \/><\/a>VILLA GESELL &#8211;<\/strong> En estos\u00a0d\u00edas\u00a0en que se cruzan los mejores deseos por estas fiestas y el a\u00f1o que viene con las profesias del apocalipsis maya, el sol pareci\u00f3 dejar un mensaje de misterio e inmensidad,\u00a0rode\u00e1ndose\u00a0de un colorido halo luminoso sobre las playas de Villa Gesell.<!--more--><br \/>\nClaro, para astr\u00f3nomos y estudiosos de los fen\u00f3menos que est\u00e1n sobre nuestras cabezas todo tiene explicaci\u00f3n: se trata de un halo solar, fen\u00f3meno muy parecido al del arco iris, que se d\u00e1 cuando nubes a gran altura generan esa refracci\u00f3n que imita a un prisma y descompone la luz en los colores primarios.<\/p>\n<p>Los halos tienen habitualmente un radio de aproximadamente 22 grados y presentan en el borde interior una coloraci\u00f3n rojiza.<\/p>\n<p>Los cirrostatos -asi se llaman las nubes a gran altura, cercana a los siete mil metros &#8211; tienen peque\u00f1os cristales en suspensi\u00f3n, e indican cambios en el tiempo.<\/p>\n<p>Todo muy lindo, pero esta noche, el asado va con techo.<\/p>\n<p>&nbsp;<\/p>\n<p>&nbsp;<\/p>\n<p>&nbsp;<\/p>\n<p>&nbsp;<\/p>\n<p>&nbsp;<\/p>\n<p>&nbsp;<\/p>\n","protected":false},"excerpt":{"rendered":"<p>VILLA GESELL &#8211; En estos\u00a0d\u00edas\u00a0en que se cruzan los mejores deseos por estas fiestas y el a\u00f1o que viene con las profesias del apocalipsis maya, el sol pareci\u00f3 dejar un mensaje de misterio e inmensidad,\u00a0rode\u00e1ndose\u00a0de un colorido halo luminoso sobre las playas de Villa Gesell.<\/p>\n","protected":false},"author":11,"featured_media":0,"comment_status":"open","ping_status":"open","sticky":false,"template":"","format":"standard","meta":{"_jetpack_newsletter_access":"","_jetpack_dont_email_post_to_subs":false,"_jetpack_newsletter_tier_id":0,"_jetpack_memberships_contains_paywalled_content":false,"_jetpack_memberships_contains_paid_content":false,"footnotes":""},"categories":[1],"tags":[],"class_list":["post-10295","post","type-post","status-publish","format-standard","hentry","category-sociedad"],"jetpack_featured_media_url":"","jetpack_shortlink":"https:\/\/wp.me\/p2JWE0-2G3","jetpack-related-posts":[{"id":112856,"url":"https:\/\/www.24baires.com\/?p=112856","url_meta":{"origin":10295,"position":0},"title":"Barrera denunci\u00f3 que discriminaron a Villa Gesell en el reparto de fondos y apunt\u00f3 a Vidal","author":"GB","date":"05\/11\/2019","format":false,"excerpt":"El Intendente peronista hizo le\u00f1a del \u00e1rbol ca\u00eddo y carg\u00f3 munici\u00f3n gruesa contra la Gobernadora saliente, Mar\u00eda Eugenia Vidal. \"Nosotros tenemos municipios cercanos vecinos, como Pinamar, que recibieron $500 millones en obras, mientras que a Villa Gesell no se le ha entregado ni un solo peso\", asegur\u00f3. Luego de ganar\u2026","rel":"","context":"En \u00abMunicipios\u00bb","block_context":{"text":"Municipios","link":"https:\/\/www.24baires.com\/?cat=44"},"img":{"alt_text":"","src":"https:\/\/i0.wp.com\/www.24baires.com\/wp-content\/uploads\/2019\/11\/barrera-300x188.jpg?resize=350%2C200","width":350,"height":200},"classes":[]},{"id":120053,"url":"https:\/\/www.24baires.com\/?p=120053","url_meta":{"origin":10295,"position":1},"title":"Villa Gesell: municipales acuerdan paritaria con una gran suba del salario para estatales","author":"GB","date":"28\/04\/2023","format":false,"excerpt":"La Municipalidad de Villa Gesell acord\u00f3 la paritaria de los trabajadores municipales por arriba de la inflaci\u00f3n. Seg\u00fan funcionarios municipales, es el m\u00e1s alto de los municipios bonaerenses. La paritaria de los trabajadores municipales de Villa Gesell cerr\u00f3 con un alza del 120,9% del salario b\u00e1sico, una de las m\u00e1s\u2026","rel":"","context":"En \u00abMunicipios\u00bb","block_context":{"text":"Municipios","link":"https:\/\/www.24baires.com\/?cat=44"},"img":{"alt_text":"","src":"https:\/\/i0.wp.com\/www.24baires.com\/wp-content\/uploads\/2023\/04\/intendente-villa-gesell.webp?resize=350%2C200","width":350,"height":200,"srcset":"https:\/\/i0.wp.com\/www.24baires.com\/wp-content\/uploads\/2023\/04\/intendente-villa-gesell.webp?resize=350%2C200 1x, https:\/\/i0.wp.com\/www.24baires.com\/wp-content\/uploads\/2023\/04\/intendente-villa-gesell.webp?resize=525%2C300 1.5x, https:\/\/i0.wp.com\/www.24baires.com\/wp-content\/uploads\/2023\/04\/intendente-villa-gesell.webp?resize=700%2C400 2x"},"classes":[]},{"id":120720,"url":"https:\/\/www.24baires.com\/?p=120720","url_meta":{"origin":10295,"position":2},"title":"Ruta 11: Arrancan las obras para la autov\u00eda entre Villa Gesell y Mar Chiquita","author":"GB","date":"05\/12\/2023","format":false,"excerpt":"La intervenci\u00f3n sobre Ruta 11, entre Villa Gesell \u2013 Mar Chiquita cuenta con una inversi\u00f3n de 130 millones de d\u00f3lares con fondos del BID. En medio de la incertidumbre ante la posible paralizaci\u00f3n de la obra p\u00fablica nacional y su impacto en las ciudades bonaerenses, una importante noticia fue confirmada\u2026","rel":"","context":"En \u00abProvincia\u00bb","block_context":{"text":"Provincia","link":"https:\/\/www.24baires.com\/?cat=40"},"img":{"alt_text":"","src":"https:\/\/i0.wp.com\/www.24baires.com\/wp-content\/uploads\/2023\/12\/autopista.webp?resize=350%2C200","width":350,"height":200,"srcset":"https:\/\/i0.wp.com\/www.24baires.com\/wp-content\/uploads\/2023\/12\/autopista.webp?resize=350%2C200 1x, https:\/\/i0.wp.com\/www.24baires.com\/wp-content\/uploads\/2023\/12\/autopista.webp?resize=525%2C300 1.5x, https:\/\/i0.wp.com\/www.24baires.com\/wp-content\/uploads\/2023\/12\/autopista.webp?resize=700%2C400 2x"},"classes":[]},{"id":113863,"url":"https:\/\/www.24baires.com\/?p=113863","url_meta":{"origin":10295,"position":3},"title":"Se negaron a declarar los rugbiers que mataron a Fernando B\u00e1ez en Villa Gesell","author":"GB","date":"20\/01\/2020","format":false,"excerpt":"Los diez rugbiers detenidos el s\u00e1bado por el crimen de Fernando B\u00e1ez Sosa, el joven de 19 a\u00f1os que muri\u00f3 tras ser golpeado a la salida de un boliche en la ciudad de Villa Gesell, se negaron a declarar ante la Justicia, mientras que la fiscal se aprestaba a indagar\u2026","rel":"","context":"En \u00abPoliciales\u00bb","block_context":{"text":"Policiales","link":"https:\/\/www.24baires.com\/?cat=49"},"img":{"alt_text":"","src":"https:\/\/i0.wp.com\/www.24baires.com\/wp-content\/uploads\/2020\/01\/rugbiers-detenidos.jpg?resize=350%2C200","width":350,"height":200,"srcset":"https:\/\/i0.wp.com\/www.24baires.com\/wp-content\/uploads\/2020\/01\/rugbiers-detenidos.jpg?resize=350%2C200 1x, https:\/\/i0.wp.com\/www.24baires.com\/wp-content\/uploads\/2020\/01\/rugbiers-detenidos.jpg?resize=525%2C300 1.5x"},"classes":[]},{"id":122208,"url":"https:\/\/www.24baires.com\/?p=122208","url_meta":{"origin":10295,"position":4},"title":"Villa Gesell declara la emergencia econ\u00f3mica y congela salarios para enfrentar la recesi\u00f3n","author":"GB","date":"22\/04\/2025","format":false,"excerpt":"El intendente Gustavo Barrera decret\u00f3 la emergencia econ\u00f3mica en Villa Gesell, congelando salarios y tomando medidas para afrontar la ca\u00edda de la recaudaci\u00f3n. El intendente de Villa Gesell, Gustavo Barrera, tom\u00f3 una medida dr\u00e1stica ante la situaci\u00f3n econ\u00f3mica que enfrenta la provincia y los municipios: decret\u00f3 la Emergencia Municipal en\u2026","rel":"","context":"En \u00abMunicipios\u00bb","block_context":{"text":"Municipios","link":"https:\/\/www.24baires.com\/?cat=44"},"img":{"alt_text":"","src":"https:\/\/i0.wp.com\/www.24baires.com\/wp-content\/uploads\/2025\/04\/barreda.jpg?resize=350%2C200","width":350,"height":200,"srcset":"https:\/\/i0.wp.com\/www.24baires.com\/wp-content\/uploads\/2025\/04\/barreda.jpg?resize=350%2C200 1x, https:\/\/i0.wp.com\/www.24baires.com\/wp-content\/uploads\/2025\/04\/barreda.jpg?resize=525%2C300 1.5x, https:\/\/i0.wp.com\/www.24baires.com\/wp-content\/uploads\/2025\/04\/barreda.jpg?resize=700%2C400 2x"},"classes":[]},{"id":101648,"url":"https:\/\/www.24baires.com\/?p=101648","url_meta":{"origin":10295,"position":5},"title":"Villa Gesell declar\u00f3 la emergencia tarifaria por un a\u00f1o","author":"GB","date":"17\/04\/2018","format":false,"excerpt":"El Concejo Deliberante de Villa Gesell aprob\u00f3 la iniciativa por unanimidad y le exigi\u00f3 a Macri y a Vidal que suspendan los aumentos vigentes. Los tarifazos autorizados por Cambiemos empezaron a encontrar resistencia en los municipios bonaerenses. El Concejo Deliberante de Villa Gesell, distrito gobernado por el peronista Gustavo Barrera,\u2026","rel":"","context":"En \u00abMunicipios\u00bb","block_context":{"text":"Municipios","link":"https:\/\/www.24baires.com\/?cat=44"},"img":{"alt_text":"","src":"https:\/\/i0.wp.com\/www.24baires.com\/wp-content\/uploads\/2016\/03\/electricidad.jpg?resize=350%2C200","width":350,"height":200,"srcset":"https:\/\/i0.wp.com\/www.24baires.com\/wp-content\/uploads\/2016\/03\/electricidad.jpg?resize=350%2C200 1x, https:\/\/i0.wp.com\/www.24baires.com\/wp-content\/uploads\/2016\/03\/electricidad.jpg?resize=525%2C300 1.5x"},"classes":[]}],"jetpack_sharing_enabled":true,"jetpack_likes_enabled":true,"_links":{"self":[{"href":"https:\/\/www.24baires.com\/index.php?rest_route=\/wp\/v2\/posts\/10295","targetHints":{"allow":["GET"]}}],"collection":[{"href":"https:\/\/www.24baires.com\/index.php?rest_route=\/wp\/v2\/posts"}],"about":[{"href":"https:\/\/www.24baires.com\/index.php?rest_route=\/wp\/v2\/types\/post"}],"author":[{"embeddable":true,"href":"https:\/\/www.24baires.com\/index.php?rest_route=\/wp\/v2\/users\/11"}],"replies":[{"embeddable":true,"href":"https:\/\/www.24baires.com\/index.php?rest_route=%2Fwp%2Fv2%2Fcomments&post=10295"}],"version-history":[{"count":4,"href":"https:\/\/www.24baires.com\/index.php?rest_route=\/wp\/v2\/posts\/10295\/revisions"}],"predecessor-version":[{"id":10301,"href":"https:\/\/www.24baires.com\/index.php?rest_route=\/wp\/v2\/posts\/10295\/revisions\/10301"}],"wp:attachment":[{"href":"https:\/\/www.24baires.com\/index.php?rest_route=%2Fwp%2Fv2%2Fmedia&parent=10295"}],"wp:term":[{"taxonomy":"category","embeddable":true,"href":"https:\/\/www.24baires.com\/index.php?rest_route=%2Fwp%2Fv2%2Fcategories&post=10295"},{"taxonomy":"post_tag","embeddable":true,"href":"https:\/\/www.24baires.com\/index.php?rest_route=%2Fwp%2Fv2%2Ftags&post=10295"}],"curies":[{"name":"wp","href":"https:\/\/api.w.org\/{rel}","templated":true}]}}