{"id":10293,"date":"2012-12-24T13:28:51","date_gmt":"2012-12-24T16:28:51","guid":{"rendered":"http:\/\/www.24baires.com\/?p=10293"},"modified":"2012-12-24T13:28:51","modified_gmt":"2012-12-24T16:28:51","slug":"tambien-en-aeroparque-los-vuelos-salen-colmados-a-todos-los-puntos-del-pais","status":"publish","type":"post","link":"https:\/\/www.24baires.com\/?p=10293","title":{"rendered":"Tambi\u00e9n en Aeroparque los vuelos salen colmados a todos los puntos del pa\u00eds"},"content":{"rendered":"<p>Sin demoras ni cancelaciones hasta el momento, el movimiento del aeroparque desde la madrugada era intenso, con largas colas en todos los puestos de las empresas, algo que se increment\u00f3 a partir de las 10. Algo similar se vivi\u00f3 este fin de semana en la Estaci\u00f3n de\u00a0\u00d3mnibus\u00a0de Retiro.\u00a0<!--more--><\/p>\n<p>La empresa Aerol\u00edneas Argentinas inform\u00f3 que los vuelos de este 24 de diciembre \u00abvan completos\u00bb, con mucha gente en lista de espera.<\/p>\n<p>Fuentes aeroportuarias informaron que se espera que en el aeroparque metropolitano haya mucho movimiento de pasajeros hasta pasada la media tarde<\/p>\n","protected":false},"excerpt":{"rendered":"<p>Sin demoras ni cancelaciones hasta el momento, el movimiento del aeroparque desde la madrugada era intenso, con largas colas en todos los puestos de las empresas, algo que se increment\u00f3 a partir de las 10. Algo similar se vivi\u00f3 este fin de semana en la Estaci\u00f3n de\u00a0\u00d3mnibus\u00a0de Retiro.\u00a0<\/p>\n","protected":false},"author":11,"featured_media":0,"comment_status":"open","ping_status":"open","sticky":false,"template":"","format":"standard","meta":{"_jetpack_newsletter_access":"","_jetpack_dont_email_post_to_subs":false,"_jetpack_newsletter_tier_id":0,"_jetpack_memberships_contains_paywalled_content":false,"_jetpack_memberships_contains_paid_content":false,"footnotes":""},"categories":[1],"tags":[],"class_list":["post-10293","post","type-post","status-publish","format-standard","hentry","category-sociedad"],"jetpack_featured_media_url":"","jetpack_shortlink":"https:\/\/wp.me\/p2JWE0-2G1","jetpack-related-posts":[{"id":111153,"url":"https:\/\/www.24baires.com\/?p=111153","url_meta":{"origin":10293,"position":0},"title":"Demoras en Aeroparque y Ezeiza por mal tiempo","author":"GB","date":"12\/07\/2019","format":false,"excerpt":"Varios vuelos registraban demoras esta ma\u00f1ana en el Aeroparque Metropolitano Jorge Newbery y el Aeropuerto Internacional de Ezeiza debido al mal tiempo que afectaba principalmente los despegues. En el aeropuerto de Ezeiza se activo el plan de Procedimientos de Visibilidad Reducida (PVR), por lo que trabajadores de la Administraci\u00f3n Nacional\u2026","rel":"","context":"En \u00abSociedad\u00bb","block_context":{"text":"Sociedad","link":"https:\/\/www.24baires.com\/?cat=1"},"img":{"alt_text":"","src":"https:\/\/i0.wp.com\/www.24baires.com\/wp-content\/uploads\/2018\/11\/aeropuerto.jpg?resize=350%2C200","width":350,"height":200,"srcset":"https:\/\/i0.wp.com\/www.24baires.com\/wp-content\/uploads\/2018\/11\/aeropuerto.jpg?resize=350%2C200 1x, https:\/\/i0.wp.com\/www.24baires.com\/wp-content\/uploads\/2018\/11\/aeropuerto.jpg?resize=525%2C300 1.5x"},"classes":[]},{"id":107460,"url":"https:\/\/www.24baires.com\/?p=107460","url_meta":{"origin":10293,"position":1},"title":"Desde este lunes Aeroparque solo operar\u00e1 vuelos de cabotaje","author":"GB","date":"01\/04\/2019","format":false,"excerpt":"Es por el plan de desregionalizaci\u00f3n del aeropuerto porte\u00f1o, que busca evitar su saturaci\u00f3n por los vuelos a pa\u00edses lim\u00edtrofes. Todos los vuelos internacionales se realizar\u00e1n desde Ezeiza. El Aeroparque Jorge Newbery comenzar\u00e1 a operar desde este lunes solamente vuelos de cabotaje y con destino a Uruguay, lo que implica\u2026","rel":"","context":"En \u00abSociedad\u00bb","block_context":{"text":"Sociedad","link":"https:\/\/www.24baires.com\/?cat=1"},"img":{"alt_text":"","src":"https:\/\/i0.wp.com\/www.24baires.com\/wp-content\/uploads\/2014\/08\/aeropuerto.png?resize=350%2C200","width":350,"height":200,"srcset":"https:\/\/i0.wp.com\/www.24baires.com\/wp-content\/uploads\/2014\/08\/aeropuerto.png?resize=350%2C200 1x, https:\/\/i0.wp.com\/www.24baires.com\/wp-content\/uploads\/2014\/08\/aeropuerto.png?resize=525%2C300 1.5x"},"classes":[]},{"id":111323,"url":"https:\/\/www.24baires.com\/?p=111323","url_meta":{"origin":10293,"position":2},"title":"Los pilotos vuelven a protestar en Aeroparque","author":"AF","date":"25\/07\/2019","format":false,"excerpt":"El jefe de Uni\u00f3n de Aviadores de L\u00edneas A\u00e9reas, Cristian Erhardt, encabez\u00f3 una peque\u00f1a conferencia de prensa antes de repartir volantes a los pasajeros en Aeroparque. En medio del conflicto con Aerol\u00edneas Argentinas, los pilotos de aviones iniciaron una nueva jornada de protestas que no afecta a ning\u00fan vuelo, para\u2026","rel":"","context":"En \u00abSociedad\u00bb","block_context":{"text":"Sociedad","link":"https:\/\/www.24baires.com\/?cat=1"},"img":{"alt_text":"","src":"https:\/\/i0.wp.com\/www.24baires.com\/wp-content\/uploads\/2019\/07\/piloto-aeroparque.jpg?resize=350%2C200","width":350,"height":200,"srcset":"https:\/\/i0.wp.com\/www.24baires.com\/wp-content\/uploads\/2019\/07\/piloto-aeroparque.jpg?resize=350%2C200 1x, https:\/\/i0.wp.com\/www.24baires.com\/wp-content\/uploads\/2019\/07\/piloto-aeroparque.jpg?resize=525%2C300 1.5x"},"classes":[]},{"id":111088,"url":"https:\/\/www.24baires.com\/?p=111088","url_meta":{"origin":10293,"position":3},"title":"Demoras y cancelaciones de vuelos en Aeroparque y Ezeiza por una huelga","author":"GB","date":"05\/07\/2019","format":false,"excerpt":"Los vuelos de Aerol\u00edneas Argentinas, Latam y Andes en Aeroparque y en el aeropuerto de Ezeiza registraban esta ma\u00f1ana demoras y se prev\u00e9n cancelaciones para lo que resta del d\u00eda, debido a las medidas de fuerza que llevan adelante gremios aeron\u00e1uticos, consistentes en la realizaci\u00f3n de \"asambleas informativas\" en los\u2026","rel":"","context":"En \u00abPol\u00edtica\u00bb","block_context":{"text":"Pol\u00edtica","link":"https:\/\/www.24baires.com\/?cat=51"},"img":{"alt_text":"","src":"https:\/\/i0.wp.com\/www.24baires.com\/wp-content\/uploads\/2017\/11\/aeropuerto.jpg?resize=350%2C200","width":350,"height":200,"srcset":"https:\/\/i0.wp.com\/www.24baires.com\/wp-content\/uploads\/2017\/11\/aeropuerto.jpg?resize=350%2C200 1x, https:\/\/i0.wp.com\/www.24baires.com\/wp-content\/uploads\/2017\/11\/aeropuerto.jpg?resize=525%2C300 1.5x"},"classes":[]},{"id":100517,"url":"https:\/\/www.24baires.com\/?p=100517","url_meta":{"origin":10293,"position":4},"title":"El Gobierno cerr\u00f3 Arbus, que conectaba Ezeiza con Aeroparque","author":"AF","date":"14\/02\/2018","format":false,"excerpt":"En el marco del plan de ajuste para reducir el d\u00e9ficit, el Gobierno nacional cerr\u00f3 la empresa ArBus que prestaba servicios de transporte urbano de pasajeros entre el Aeroparque Metropolitano y el Aeropuerto Internacional de Ezeiza. El cierre de la firma estatal fue denunciada por los propios trabajadores y luego\u2026","rel":"","context":"En \u00abSociedad\u00bb","block_context":{"text":"Sociedad","link":"https:\/\/www.24baires.com\/?cat=1"},"img":{"alt_text":"","src":"","width":0,"height":0},"classes":[]},{"id":115314,"url":"https:\/\/www.24baires.com\/?p=115314","url_meta":{"origin":10293,"position":5},"title":"Los vuelos de cabotaje volver\u00e1n en julio","author":"GB","date":"11\/06\/2020","format":false,"excerpt":"Operar\u00e1n s\u00f3lo desde el aeropuerto de Ezeiza y habr\u00e1 servicios entre provincias. Aeroparque y El Palomar, por ahora, se mantendr\u00e1n cerrados. Los vuelos de cabotaje comenzar\u00e1n a operar a partir de la segunda quincena de julio, con servicios entre provincias y tambi\u00e9n desde y hacia Buenos Aires. En esa primera\u2026","rel":"","context":"En \u00abPol\u00edtica\u00bb","block_context":{"text":"Pol\u00edtica","link":"https:\/\/www.24baires.com\/?cat=51"},"img":{"alt_text":"","src":"https:\/\/i0.wp.com\/www.24baires.com\/wp-content\/uploads\/2017\/04\/aerolineas-argentinas.jpg?resize=350%2C200","width":350,"height":200,"srcset":"https:\/\/i0.wp.com\/www.24baires.com\/wp-content\/uploads\/2017\/04\/aerolineas-argentinas.jpg?resize=350%2C200 1x, https:\/\/i0.wp.com\/www.24baires.com\/wp-content\/uploads\/2017\/04\/aerolineas-argentinas.jpg?resize=525%2C300 1.5x"},"classes":[]}],"jetpack_sharing_enabled":true,"jetpack_likes_enabled":true,"_links":{"self":[{"href":"https:\/\/www.24baires.com\/index.php?rest_route=\/wp\/v2\/posts\/10293","targetHints":{"allow":["GET"]}}],"collection":[{"href":"https:\/\/www.24baires.com\/index.php?rest_route=\/wp\/v2\/posts"}],"about":[{"href":"https:\/\/www.24baires.com\/index.php?rest_route=\/wp\/v2\/types\/post"}],"author":[{"embeddable":true,"href":"https:\/\/www.24baires.com\/index.php?rest_route=\/wp\/v2\/users\/11"}],"replies":[{"embeddable":true,"href":"https:\/\/www.24baires.com\/index.php?rest_route=%2Fwp%2Fv2%2Fcomments&post=10293"}],"version-history":[{"count":1,"href":"https:\/\/www.24baires.com\/index.php?rest_route=\/wp\/v2\/posts\/10293\/revisions"}],"predecessor-version":[{"id":10294,"href":"https:\/\/www.24baires.com\/index.php?rest_route=\/wp\/v2\/posts\/10293\/revisions\/10294"}],"wp:attachment":[{"href":"https:\/\/www.24baires.com\/index.php?rest_route=%2Fwp%2Fv2%2Fmedia&parent=10293"}],"wp:term":[{"taxonomy":"category","embeddable":true,"href":"https:\/\/www.24baires.com\/index.php?rest_route=%2Fwp%2Fv2%2Fcategories&post=10293"},{"taxonomy":"post_tag","embeddable":true,"href":"https:\/\/www.24baires.com\/index.php?rest_route=%2Fwp%2Fv2%2Ftags&post=10293"}],"curies":[{"name":"wp","href":"https:\/\/api.w.org\/{rel}","templated":true}]}}