{"id":10282,"date":"2012-12-23T21:57:13","date_gmt":"2012-12-24T00:57:13","guid":{"rendered":"http:\/\/www.24baires.com\/?p=10282"},"modified":"2012-12-23T21:57:58","modified_gmt":"2012-12-24T00:57:58","slug":"judiciales-bonaerenses-despiden-el-ano-con-un-paro-para-el-miercoles-26","status":"publish","type":"post","link":"https:\/\/www.24baires.com\/?p=10282","title":{"rendered":"Judiciales bonaerenses despiden el a\u00f1o parando el mi\u00e9rcoles 26"},"content":{"rendered":"<p>Los trabajadores nucleados en la Asociaci\u00f3n Judicial Bonaerense (AJB), definieron convocar a un paro de actividades para el pr\u00f3ximo mi\u00e9rcoles 26 de diciembre, a ra\u00edz de la decisi\u00f3n de la Suprema Corte de iniciar sumarios y causas penales a un grupo de trabajadores que particip\u00f3 de las huelgas que se desarrollaron este a\u00f1o.<!--more--><\/p>\n<p>Desde la AJB sostuvieron que \u201cse efectu\u00f3 un pedido de urgente reuni\u00f3n a la Corte para tratar la grave situaci\u00f3n originada a ra\u00edz de la instrucci\u00f3n de sumarios y causas penales a trabajadores por participar de las medidas de fuerza durante el conflicto de este a\u00f1o, en una clara actitud represiva ejercida por el tribunal\u201d.<\/p>\n<p>El titular del gremio, por Hugo Blasco, explic\u00f3 que \u201clas medidas disciplinarias que aparecen seis meses despu\u00e9s de que se suspendi\u00f3 el conflicto, comprenden a cuatro trabajadores que fueron mencionados por polic\u00edas que estaban haciendo tareas de inteligencia\u201d.<\/p>\n<p>En ese sentido, se\u00f1al\u00f3 que \u201ces una barbaridad avanzar con este tipo de sanciones cuando el conflicto, en su exteriorizaci\u00f3n, no existe\u201d y afirm\u00f3 que \u201cquien juzga el comportamiento de los compa\u00f1eros es quien tambi\u00e9n acusa: la propia Corte\u201d.<\/p>\n<p>Por esa raz\u00f3n, el gremio resolvi\u00f3 volver a la huelga el pr\u00f3ximo 26 de diciembre con el fin de reclamar que el m\u00e1ximo tribunal bonaerense d\u00e9 marcha atr\u00e1s con los sumarios y causas penales iniciadas.<\/p>\n<p>&nbsp;<\/p>\n<p>&nbsp;<\/p>\n<p>&nbsp;<\/p>\n<p>&nbsp;<\/p>\n<p>&nbsp;<\/p>\n<p>&nbsp;<\/p>\n<p>&nbsp;<\/p>\n<p>&nbsp;<\/p>\n<p>&nbsp;<\/p>\n<p>&nbsp;<\/p>\n<p>&nbsp;<\/p>\n<p>&nbsp;<\/p>\n<p>&nbsp;<\/p>\n<p>&nbsp;<\/p>\n<p>&nbsp;<\/p>\n<p>&nbsp;<\/p>\n<p>&nbsp;<\/p>\n<p>&nbsp;<\/p>\n","protected":false},"excerpt":{"rendered":"<p>Los trabajadores nucleados en la Asociaci\u00f3n Judicial Bonaerense (AJB), definieron convocar a un paro de actividades para el pr\u00f3ximo mi\u00e9rcoles 26 de diciembre, a ra\u00edz de la decisi\u00f3n de la Suprema Corte de iniciar sumarios y causas penales a un grupo de trabajadores que particip\u00f3 de las huelgas que se desarrollaron este a\u00f1o.<\/p>\n","protected":false},"author":4,"featured_media":0,"comment_status":"open","ping_status":"open","sticky":false,"template":"","format":"standard","meta":{"_jetpack_newsletter_access":"","_jetpack_dont_email_post_to_subs":false,"_jetpack_newsletter_tier_id":0,"_jetpack_memberships_contains_paywalled_content":false,"_jetpack_memberships_contains_paid_content":false,"footnotes":""},"categories":[1],"tags":[],"class_list":["post-10282","post","type-post","status-publish","format-standard","hentry","category-sociedad"],"jetpack_featured_media_url":"","jetpack_shortlink":"https:\/\/wp.me\/p2JWE0-2FQ","jetpack-related-posts":[{"id":10343,"url":"https:\/\/www.24baires.com\/?p=10343","url_meta":{"origin":10282,"position":0},"title":"Judiciales bonaerenses levantaron el paro previsto para el pr\u00f3ximo mi\u00e9rcoles","author":"AF","date":"25\/12\/2012","format":false,"excerpt":"El gremio que nuclea a los trabajadores de la Justicia bonaerense, decidi\u00f3 suspender el paro de actividades que hab\u00eda convocado para el pr\u00f3ximo mi\u00e9rcoles. La protesta se iba a desarrollar en rechazo a la decisi\u00f3n de la Suprema Corte de iniciar sumarios administrativos a algunos de los trabajadores que participaron\u2026","rel":"","context":"En \u00abSociedad\u00bb","block_context":{"text":"Sociedad","link":"https:\/\/www.24baires.com\/?cat=1"},"img":{"alt_text":"","src":"","width":0,"height":0},"classes":[]},{"id":111483,"url":"https:\/\/www.24baires.com\/?p=111483","url_meta":{"origin":10282,"position":1},"title":"Judiciales anunciaron un nuevo paro","author":"GB","date":"07\/08\/2019","format":false,"excerpt":"Desde la AJB resolvieron llevar a cabo una nueva medida de fuerza para este jueves y apuntaron sus cr\u00edticas hacia el titular de la cartera de Justicia bonaerense. Los judiciales bonaerenses atraviesan un conflicto salarial con el gobierno de Mar\u00eda Eugenia Vidal y profundizaron las medidas de fuerza. Tras el\u2026","rel":"","context":"En \u00abProvincia\u00bb","block_context":{"text":"Provincia","link":"https:\/\/www.24baires.com\/?cat=40"},"img":{"alt_text":"","src":"https:\/\/i0.wp.com\/www.24baires.com\/wp-content\/uploads\/2014\/04\/judiciales.jpg?resize=350%2C200","width":350,"height":200,"srcset":"https:\/\/i0.wp.com\/www.24baires.com\/wp-content\/uploads\/2014\/04\/judiciales.jpg?resize=350%2C200 1x, https:\/\/i0.wp.com\/www.24baires.com\/wp-content\/uploads\/2014\/04\/judiciales.jpg?resize=525%2C300 1.5x"},"classes":[]},{"id":96508,"url":"https:\/\/www.24baires.com\/?p=96508","url_meta":{"origin":10282,"position":2},"title":"Judiciales vuelven a parar martes y jueves","author":"AF","date":"07\/08\/2017","format":false,"excerpt":"La Asociaci\u00f3n Judicial Bonaerense (AJB) lanz\u00f3 un nuevo paro de 48 horas para este martes y mi\u00e9rcoles, que culminar\u00e1 con una movilizaci\u00f3n por la ciudad de La Plata, ante la falta de convocatoria a paritarias por parte de la administraci\u00f3n de Mar\u00eda Eugenia Vidal. \u201cEstamos ante un escenario sin precedentes\u2026","rel":"","context":"En \u00abSociedad\u00bb","block_context":{"text":"Sociedad","link":"https:\/\/www.24baires.com\/?cat=1"},"img":{"alt_text":"","src":"https:\/\/i0.wp.com\/www.24baires.com\/wp-content\/uploads\/2014\/03\/judicial.gif?resize=350%2C200","width":350,"height":200,"srcset":"https:\/\/i0.wp.com\/www.24baires.com\/wp-content\/uploads\/2014\/03\/judicial.gif?resize=350%2C200 1x, https:\/\/i0.wp.com\/www.24baires.com\/wp-content\/uploads\/2014\/03\/judicial.gif?resize=525%2C300 1.5x"},"classes":[]},{"id":112563,"url":"https:\/\/www.24baires.com\/?p=112563","url_meta":{"origin":10282,"position":3},"title":"Judiciales y m\u00e9dicos bonaerenses confluyen en un nuevo paro contra Vidal","author":"GB","date":"21\/10\/2019","format":false,"excerpt":"Tanto la AJB como Cicop llevar\u00e1n a cabo este mi\u00e9rcoles 23 una huelga en todo el territorio bonaerense en busca de que el gobierno los convoque a paritarias. A d\u00edas de las elecciones, dos de los gremios estatales bonaerenses revolvieron continuar con sus reclamos hacia la gobernadora, Mar\u00eda Eugenia Vidal.\u2026","rel":"","context":"En \u00abProvincia\u00bb","block_context":{"text":"Provincia","link":"https:\/\/www.24baires.com\/?cat=40"},"img":{"alt_text":"","src":"https:\/\/i0.wp.com\/www.24baires.com\/wp-content\/uploads\/2017\/09\/judiciales-cicop.jpg?resize=350%2C200","width":350,"height":200,"srcset":"https:\/\/i0.wp.com\/www.24baires.com\/wp-content\/uploads\/2017\/09\/judiciales-cicop.jpg?resize=350%2C200 1x, https:\/\/i0.wp.com\/www.24baires.com\/wp-content\/uploads\/2017\/09\/judiciales-cicop.jpg?resize=525%2C300 1.5x"},"classes":[]},{"id":112599,"url":"https:\/\/www.24baires.com\/?p=112599","url_meta":{"origin":10282,"position":4},"title":"Nuevo paro de judiciales y m\u00e9dicos bonaerenses","author":"GB","date":"23\/10\/2019","format":false,"excerpt":"Tanto la AJB como Cicop lleva a cabo este mi\u00e9rcoles una huelga en todo el territorio bonaerense en busca de que el gobierno los convoque a paritarias. Dos de los gremios estatales bonaerenses revolvieron continuar con sus reclamos hacia la gobernadora, Mar\u00eda Eugenia Vidal. La AJB y Cicop resolvieron confluir\u2026","rel":"","context":"En \u00abProvincia\u00bb","block_context":{"text":"Provincia","link":"https:\/\/www.24baires.com\/?cat=40"},"img":{"alt_text":"","src":"https:\/\/i0.wp.com\/www.24baires.com\/wp-content\/uploads\/2019\/04\/judiciales-cicop.jpg?resize=350%2C200","width":350,"height":200,"srcset":"https:\/\/i0.wp.com\/www.24baires.com\/wp-content\/uploads\/2019\/04\/judiciales-cicop.jpg?resize=350%2C200 1x, https:\/\/i0.wp.com\/www.24baires.com\/wp-content\/uploads\/2019\/04\/judiciales-cicop.jpg?resize=525%2C300 1.5x"},"classes":[]},{"id":110948,"url":"https:\/\/www.24baires.com\/?p=110948","url_meta":{"origin":10282,"position":5},"title":"Los gremios bonaerenses instalar\u00e1n una carpa frente al Congreso","author":"GB","date":"26\/06\/2019","format":false,"excerpt":"En el marco de nuevos paros, estatales, judiciales y m\u00e9dicos realizar\u00e1n este mi\u00e9rcoles una actividad conjunta para exigir la reapertura de las negociaciones salariales. La Asociaci\u00f3n de Trabajadores del Estado (ATE), la Asociaci\u00f3n Judicial Bonaerense (AJB) y la Asociaci\u00f3n Sindical de Profesionales de la Salud (Cicop) instalar\u00e1n este mi\u00e9rcoles 26\u2026","rel":"","context":"En \u00abProvincia\u00bb","block_context":{"text":"Provincia","link":"https:\/\/www.24baires.com\/?cat=40"},"img":{"alt_text":"","src":"https:\/\/i0.wp.com\/www.24baires.com\/wp-content\/uploads\/2019\/03\/ate-cicop.jpg?resize=350%2C200","width":350,"height":200,"srcset":"https:\/\/i0.wp.com\/www.24baires.com\/wp-content\/uploads\/2019\/03\/ate-cicop.jpg?resize=350%2C200 1x, https:\/\/i0.wp.com\/www.24baires.com\/wp-content\/uploads\/2019\/03\/ate-cicop.jpg?resize=525%2C300 1.5x"},"classes":[]}],"jetpack_sharing_enabled":true,"jetpack_likes_enabled":true,"_links":{"self":[{"href":"https:\/\/www.24baires.com\/index.php?rest_route=\/wp\/v2\/posts\/10282","targetHints":{"allow":["GET"]}}],"collection":[{"href":"https:\/\/www.24baires.com\/index.php?rest_route=\/wp\/v2\/posts"}],"about":[{"href":"https:\/\/www.24baires.com\/index.php?rest_route=\/wp\/v2\/types\/post"}],"author":[{"embeddable":true,"href":"https:\/\/www.24baires.com\/index.php?rest_route=\/wp\/v2\/users\/4"}],"replies":[{"embeddable":true,"href":"https:\/\/www.24baires.com\/index.php?rest_route=%2Fwp%2Fv2%2Fcomments&post=10282"}],"version-history":[{"count":3,"href":"https:\/\/www.24baires.com\/index.php?rest_route=\/wp\/v2\/posts\/10282\/revisions"}],"predecessor-version":[{"id":10285,"href":"https:\/\/www.24baires.com\/index.php?rest_route=\/wp\/v2\/posts\/10282\/revisions\/10285"}],"wp:attachment":[{"href":"https:\/\/www.24baires.com\/index.php?rest_route=%2Fwp%2Fv2%2Fmedia&parent=10282"}],"wp:term":[{"taxonomy":"category","embeddable":true,"href":"https:\/\/www.24baires.com\/index.php?rest_route=%2Fwp%2Fv2%2Fcategories&post=10282"},{"taxonomy":"post_tag","embeddable":true,"href":"https:\/\/www.24baires.com\/index.php?rest_route=%2Fwp%2Fv2%2Ftags&post=10282"}],"curies":[{"name":"wp","href":"https:\/\/api.w.org\/{rel}","templated":true}]}}