{"id":10255,"date":"2012-12-23T19:53:42","date_gmt":"2012-12-23T22:53:42","guid":{"rendered":"http:\/\/www.24baires.com\/?p=10255"},"modified":"2012-12-23T20:17:30","modified_gmt":"2012-12-23T23:17:30","slug":"en-argentina-te-enteras-antes-si-manejas-redes-sociales","status":"publish","type":"post","link":"https:\/\/www.24baires.com\/?p=10255","title":{"rendered":"En Argentina, te enter\u00e1s antes si manej\u00e1s redes sociales"},"content":{"rendered":"<p><a href=\"http:\/\/www.24baires.com\/sociedad\/10255-en-argentina-te-enteras-antes-si-manejas-redes-sociales\/attachment\/twitter\/\" rel=\"attachment wp-att-10258\"><img data-recalc-dims=\"1\" loading=\"lazy\" decoding=\"async\" class=\"alignleft size-medium wp-image-10258\" alt=\"twitter\" src=\"https:\/\/i0.wp.com\/www.24baires.com\/wp-content\/uploads\/2012\/12\/twitter.jpg?resize=300%2C200\" width=\"300\" height=\"200\" srcset=\"https:\/\/i0.wp.com\/www.24baires.com\/wp-content\/uploads\/2012\/12\/twitter.jpg?resize=300%2C200&amp;ssl=1 300w, https:\/\/i0.wp.com\/www.24baires.com\/wp-content\/uploads\/2012\/12\/twitter.jpg?w=320&amp;ssl=1 320w\" sizes=\"auto, (max-width: 300px) 100vw, 300px\" \/><\/a>El auge de las redes sociales como caja de resonancia de los sucesos que conmueven a los argentinos se hace notar desde 2010 y hoy se intensifica con los \u00absmartphones\u00bb o tel\u00e9fonos inteligentes.<!--more--><br \/>\nEl auge de las redes sociales en la Argentina, notorio ya desde 2010 con los comicios que llevaron a Cristina Fern\u00e1ndez de Kirchner a la Presidencia, no s\u00f3lo continu\u00f3 firme en 2012 sino que logr\u00f3 un nuevo impulso con los \u00absmartphones\u00bb o tel\u00e9fonos inteligentes.<\/p>\n<p>As\u00ed, las redes sociales volvieron a ser este a\u00f1o la caja de resonancia de los sucesos que conmovieron a los argentinos, pero en forma cada vez m\u00e1s amplia y avanzando en su capacidad de amplificaci\u00f3n, y con frecuencia creciente trasmitieron la primera versi\u00f3n de noticias importantes.<\/p>\n<p>A fines de 2009, fue toda una novedad que \u00c1ngel Cappa anunciara su renuncia como director t\u00e9cnico de Hurac\u00e1n con una carta a los hinchas publicada en su blog, y desde mayo de 2010, la familia de Gustavo Cerati utiliza la p\u00e1gina web oficial del m\u00fasico para informar sobre la evoluci\u00f3n de su salud.<\/p>\n<p>En febrero de 2012, en cambio, el cantante Dante Spinetta, utiliz\u00f3 Twitter para anoticiar la muerte de su padre, Luis Alberto Spinetta, y fue tambi\u00e9n esa red la que difundi\u00f3 los acongojados mensajes de despedida de sus tres hermanos.<\/p>\n<p>Este a\u00f1o, millones de usuarios cuestionaron pol\u00edticas o debatieron tragedias, comentaron espect\u00e1culos y competencias deportivas, polemizaron por el consumo de marihuana, la violencia de g\u00e9nero, las inundaciones porte\u00f1as y la ley de medios.<\/p>\n<p>El 22 de febrero las palabras \u00abSarmiento\u00bb, \u00abTBA\u00bb y \u00abtragedia\u00bb fueron algunos de los temas (topic, en ingl\u00e9s) m\u00e1s comentados en Twitter desde la Argentina despu\u00e9s del accidente ferroviario que les costara la vida a m\u00e1s de cincuenta personas.<\/p>\n<p>Hoy todav\u00eda muchos usuarios mantienen en sus perfiles la expresi\u00f3n \u00ab#once\u00bb, como \u00abhashtag\u00bb, con la que conectan a otros que opinan sobre el tema.<\/p>\n<p>Miles de usuarios de Facebook siguen los progresos de Luz Milagros, la beba chaque\u00f1a que naci\u00f3 prematura y, dada por muerta, pas\u00f3 doce horas en la morgue antes de ser rescatada por su madre.<\/p>\n<p>El perfil en el que su mam\u00e1, Natalia Boutet, cuenta la vida de esa familia desde hace nueve meses tiene 4742 amigos, muy cerca del l\u00edmite de 5000 que plantea esa red social.<\/p>\n<p>A fines de noviembre, cuando ocurri\u00f3 algo parecido a un beb\u00e9 llamado Santino, en Pilar, la mam\u00e1 de Luz Milagros escribi\u00f3 a la mam\u00e1 del peque\u00f1o desde su cuenta de Facebook.<\/p>\n<p>\u00abEstuve escuch\u00e1ndola a Gisele que dijo que no quiere tener mucho contacto con su beb\u00e9 porque lo ve muy chiquito, pero desde ac\u00e1, y teniendo en cuenta lo que nos pas\u00f3 con Luz, le recomiendo que est\u00e9 con \u00e9l, porque el contacto madre e hijo, es lo m\u00e1s importante en los reci\u00e9n nacidos\u00bb, aconsej\u00f3.<\/p>\n<p>El 13 de septiembre y el 8 de noviembre \u00ab#cacerolazo\u00bb fue uno de los \u00abhashtag\u00bb m\u00e1s usados por los argentinos, tanto por promotores como por detractores de esas protestas. Lo mismo sucedi\u00f3 durante el a\u00f1o con las sucesivas decisiones judiciales respecto de la ley de medios con \u00ab#7d\u00bb.<\/p>\n<p>El 7 de noviembre, durante una serie de apagones que afectaron el \u00e1rea metropolitana, el jefe de gobierno porte\u00f1o, Mauricio Macri, comparti\u00f3 con sus 448.349 seguidores una foto suya junto a la banda estadounidense de rock Kiss, y en pocas horas se convirti\u00f3 en uno de los temas m\u00e1s mencionados en el pa\u00eds.<\/p>\n<p>Tras recibir por Twitter miles de cr\u00edticas e iron\u00edas, Macri explic\u00f3 en su cuenta oficial que \u00abs\u00f3lo estuvo diez minutos ah\u00ed\u00bb.<\/p>\n<p>El 20 de noviembre la legisladora porte\u00f1a Gabriela Cerruti, que tiene 56.949 seguidores en Twitter, public\u00f3 en su cuenta la foto de una planta de marihuana y desat\u00f3 la pol\u00e9mica sobre la tenencia y el consumo de estupefacientes.<\/p>\n<p>Finalmente, la misma Cerruti aclar\u00f3 que la planta era un regalo del militante por los derechos de g\u00e9nero Alex Freyre, porque era masculina \u00aby no pegaba\u00bb.<\/p>\n<p>El programa televisivo \u00abBailando por un sue\u00f1o\u00bb, conducido por Marcelo Tinelli es uno de los temas m\u00e1s comunes entre los usuarios de esa red social en el pa\u00eds. La cuenta que el animador abri\u00f3 este a\u00f1o en Twitter ya tiene 781.027 seguidores, mientras que algunos de los participantes de ese programa superan el mill\u00f3n y medio.<\/p>\n<p>Los Juegos Ol\u00edmpicos de Londres 2012 fueron otro de los temas m\u00e1s comentados por los tuiteros argentinos en agosto.<\/p>\n<p>Sin embargo el taekwondista Sebasti\u00e1n Crismanich, ganador de una medalla dorada y uno de los temas m\u00e1s citados de ese momento, apenas tiene 22.051 seguidores, lejos del delantero Sergio Ag\u00fcero que ostenta casi tres millones de seguidores.<\/p>\n<p>En marzo pasado, cuando la representaci\u00f3n comercial de la estadounidense Facebook se instal\u00f3 en el pa\u00eds, ya hab\u00eda 18 millones de perfiles de argentinos en esa red social.<\/p>\n<p>Siete meses despu\u00e9s, cuando Twitter, tambi\u00e9n de Estados Unidos, abri\u00f3 su oficina comercial en Buenos Aires, registraba casi seis millones y medio de tuiteros nacionales.<\/p>\n<p>Uno de los especialistas que ya en 2010 observ\u00f3 la explosi\u00f3n de las redes sociales en el pa\u00eds fue Martiniano Nemirovsci, quien explic\u00f3 adem\u00e1s c\u00f3mo se potenciaron a partir de otros medios de comunicaci\u00f3n o de figuras surgidas de ellos.<\/p>\n<p>\u00abEl reconocimiento para la redes sociales se dio cuando los principales diarios del pa\u00eds comenzaron a utilizar en sus titulares frases que los pol\u00edticos publicaron en Twitter, y la llegada de muchos famosos argentinos a esa red social hizo que se masificara m\u00e1s r\u00e1pidamente, especialmente entre los adolescentes\u00bb, explic\u00f3.<\/p>\n<p>En cuanto a la influencia de los tel\u00e9fonos inteligentes Nemirovsci dedujo que \u00abla aparici\u00f3n de modelos no tan costosos y que vienen con las aplicaciones de redes sociales incorporadas permiti\u00f3 que muchos argentinos vivan m\u00e1s conectados\u00bb.<\/p>\n<p>&nbsp;<\/p>\n<p>&nbsp;<\/p>\n<p>&nbsp;<\/p>\n<p>&nbsp;<\/p>\n<p>&nbsp;<\/p>\n<p>&nbsp;<\/p>\n<p>&nbsp;<\/p>\n<p>&nbsp;<\/p>\n<p>&nbsp;<\/p>\n<p>&nbsp;<\/p>\n<p>&nbsp;<\/p>\n<p>&nbsp;<\/p>\n<p>&nbsp;<\/p>\n<p>&nbsp;<\/p>\n<p>&nbsp;<\/p>\n<p>&nbsp;<\/p>\n<p>&nbsp;<\/p>\n<p>&nbsp;<\/p>\n<p>&nbsp;<\/p>\n<p>&nbsp;<\/p>\n<p>&nbsp;<\/p>\n<p>&nbsp;<\/p>\n<p>&nbsp;<\/p>\n<p>&nbsp;<\/p>\n<p>&nbsp;<\/p>\n","protected":false},"excerpt":{"rendered":"<p>El auge de las redes sociales como caja de resonancia de los sucesos que conmueven a los argentinos se hace notar desde 2010 y hoy se intensifica con los \u00absmartphones\u00bb o tel\u00e9fonos inteligentes.<\/p>\n","protected":false},"author":4,"featured_media":0,"comment_status":"open","ping_status":"open","sticky":false,"template":"","format":"standard","meta":{"_jetpack_newsletter_access":"","_jetpack_dont_email_post_to_subs":false,"_jetpack_newsletter_tier_id":0,"_jetpack_memberships_contains_paywalled_content":false,"_jetpack_memberships_contains_paid_content":false,"footnotes":""},"categories":[1],"tags":[],"class_list":["post-10255","post","type-post","status-publish","format-standard","hentry","category-sociedad"],"jetpack_featured_media_url":"","jetpack_shortlink":"https:\/\/wp.me\/p2JWE0-2Fp","jetpack-related-posts":[{"id":48135,"url":"https:\/\/www.24baires.com\/?p=48135","url_meta":{"origin":10255,"position":0},"title":"Mozilla lanzar\u00e1 un smartphone a s\u00f3lo 200 pesos","author":"Grupo Sierra","date":"16\/06\/2014","format":false,"excerpt":"La compa\u00f1\u00eda anunci\u00f3 la venta de un tel\u00e9fono inteligente de \"ultra bajo costo\". \"La iniciativa puede replicarse en Latinoam\u00e9rica\", seg\u00fan inform\u00f3. El dispositivo con el sistema operativo Firefox OS, basado en tecnolog\u00edas abiertas, saldr\u00e1 a la venta en el pa\u00eds asi\u00e1tico en los pr\u00f3ximos meses, en una movida conjunta entre\u2026","rel":"","context":"En \u00abTecnolog\u00eda\u00bb","block_context":{"text":"Tecnolog\u00eda","link":"https:\/\/www.24baires.com\/?cat=46"},"img":{"alt_text":"mozilla-firefox-os-25-dollar-smartphone","src":"https:\/\/i0.wp.com\/www.24baires.com\/wp-content\/uploads\/2014\/06\/mozilla-firefox-os-25-dollar-smartphone.jpg?resize=350%2C200","width":350,"height":200,"srcset":"https:\/\/i0.wp.com\/www.24baires.com\/wp-content\/uploads\/2014\/06\/mozilla-firefox-os-25-dollar-smartphone.jpg?resize=350%2C200 1x, https:\/\/i0.wp.com\/www.24baires.com\/wp-content\/uploads\/2014\/06\/mozilla-firefox-os-25-dollar-smartphone.jpg?resize=525%2C300 1.5x"},"classes":[]},{"id":25426,"url":"https:\/\/www.24baires.com\/?p=25426","url_meta":{"origin":10255,"position":1},"title":"Proyectan crecimiento exponencial de las conexiones a internet y mayor tr\u00e1fico de videos","author":"Grupo Sierra","date":"09\/06\/2013","format":false,"excerpt":"S\u00f3lo en la Argentina se espera que las l\u00edneas m\u00f3viles con conexi\u00f3n a Internet llegar\u00e1n a 70 millones en los pr\u00f3ximos cinco a\u00f1os, con una multiplicaci\u00f3n por 12 del tr\u00e1fico de datos sobre este tipo de redes, sostiene un informe privado. \u00a0 El informe el Reporte de Movilidad de Ericsson,\u2026","rel":"","context":"En \u00abTecnolog\u00eda\u00bb","block_context":{"text":"Tecnolog\u00eda","link":"https:\/\/www.24baires.com\/?cat=46"},"img":{"alt_text":"tecnologia redes","src":"https:\/\/i0.wp.com\/www.24baires.com\/wp-content\/uploads\/2013\/06\/tecnologia-redes-300x199.jpg?resize=350%2C200","width":350,"height":200},"classes":[]},{"id":51010,"url":"https:\/\/www.24baires.com\/?p=51010","url_meta":{"origin":10255,"position":2},"title":"Investigadores argentinos encontraron fallas de seguridad en Facebook","author":"GB","date":"02\/08\/2014","format":false,"excerpt":"Las vulnerabilidades, presentes en la aplicaci\u00f3n m\u00f3vil de la red social, permit\u00edan que un usuario pudiera capturar videos y grabaciones de audio de otro usuario. Investigadores argentinos descubrieron vulnerabilidades en la aplicaci\u00f3n m\u00f3vil de Facebook, que permit\u00edan que un usuario pudiera capturar videos y grabaciones de audio de otro usuario,\u2026","rel":"","context":"En \u00abTecnolog\u00eda\u00bb","block_context":{"text":"Tecnolog\u00eda","link":"https:\/\/www.24baires.com\/?cat=46"},"img":{"alt_text":"facebook","src":"https:\/\/i0.wp.com\/www.24baires.com\/wp-content\/uploads\/2014\/08\/facebook.jpg?resize=350%2C200","width":350,"height":200,"srcset":"https:\/\/i0.wp.com\/www.24baires.com\/wp-content\/uploads\/2014\/08\/facebook.jpg?resize=350%2C200 1x, https:\/\/i0.wp.com\/www.24baires.com\/wp-content\/uploads\/2014\/08\/facebook.jpg?resize=525%2C300 1.5x"},"classes":[]},{"id":95221,"url":"https:\/\/www.24baires.com\/?p=95221","url_meta":{"origin":10255,"position":3},"title":"El Papa, en contra del recorte a las pensiones por discapacidad","author":"AF","date":"15\/06\/2017","format":false,"excerpt":"El Pont\u00edfice public\u00f3 en las redes una foto que es todo un mensaje al gobierno de Cambiemos en medio de los recortes a personas con discapacidades. El papa Francisco volvi\u00f3 a participar de las discusiones que conmueven al pa\u00eds y lo hizo desde el Vaticano, en un gesto emitido a\u2026","rel":"","context":"En \u00abSociedad\u00bb","block_context":{"text":"Sociedad","link":"https:\/\/www.24baires.com\/?cat=1"},"img":{"alt_text":"","src":"https:\/\/i0.wp.com\/www.24baires.com\/wp-content\/uploads\/2015\/07\/papa-tablet.jpg?resize=350%2C200","width":350,"height":200,"srcset":"https:\/\/i0.wp.com\/www.24baires.com\/wp-content\/uploads\/2015\/07\/papa-tablet.jpg?resize=350%2C200 1x, https:\/\/i0.wp.com\/www.24baires.com\/wp-content\/uploads\/2015\/07\/papa-tablet.jpg?resize=525%2C300 1.5x"},"classes":[]},{"id":55894,"url":"https:\/\/www.24baires.com\/?p=55894","url_meta":{"origin":10255,"position":4},"title":"Motorola proyecta producir tel\u00e9fonos 4G en Tierra del Fuego","author":"GB","date":"23\/10\/2014","format":false,"excerpt":"\"Tenemos previsto los proyectos y esperamos empezar en 2015, para el primer semestre\", se\u00f1al\u00f3 el vicepresidente para Am\u00e9rica Latina Hispana de Motorola Mobility, Rudinei Khalil, en el marco del lanzamiento del nuevo Moto G. La fabricante Motorola proyecta comenzar a producir smartphones con tecnolog\u00eda de cuarta generaci\u00f3n (4G) de telefon\u00eda\u2026","rel":"","context":"En \u00abTecnolog\u00eda\u00bb","block_context":{"text":"Tecnolog\u00eda","link":"https:\/\/www.24baires.com\/?cat=46"},"img":{"alt_text":"motorola gps","src":"https:\/\/i0.wp.com\/www.24baires.com\/wp-content\/uploads\/2014\/10\/motorola-gps.jpg?resize=350%2C200","width":350,"height":200,"srcset":"https:\/\/i0.wp.com\/www.24baires.com\/wp-content\/uploads\/2014\/10\/motorola-gps.jpg?resize=350%2C200 1x, https:\/\/i0.wp.com\/www.24baires.com\/wp-content\/uploads\/2014\/10\/motorola-gps.jpg?resize=525%2C300 1.5x"},"classes":[]},{"id":116353,"url":"https:\/\/www.24baires.com\/?p=116353","url_meta":{"origin":10255,"position":5},"title":"Espionaje ilegal: un exagente confirm\u00f3 la visita al centro de monitoreo del Penal de Ezeiza","author":"AF","date":"29\/09\/2020","format":false,"excerpt":"Es Dominique Lasaigues, que hoy ampli\u00f3 declaraci\u00f3n indagatoria ante el juez federal de Lomas de Zamora, Juan Pablo Auge. Se\u00f1al\u00f3 que la visita la realiz\u00f3 por orden de su jefe Alan Ruiz y en compa\u00f1\u00eda de \u00e9l y otros agentes. Una exagente de la Agencia Federal de Inteligencia (AFI) confirm\u00f3\u2026","rel":"","context":"En \u00abJUDICIALES\u00bb","block_context":{"text":"JUDICIALES","link":"https:\/\/www.24baires.com\/?cat=68"},"img":{"alt_text":"","src":"https:\/\/i0.wp.com\/www.24baires.com\/wp-content\/uploads\/2020\/07\/ezeiza.jpeg?resize=350%2C200","width":350,"height":200,"srcset":"https:\/\/i0.wp.com\/www.24baires.com\/wp-content\/uploads\/2020\/07\/ezeiza.jpeg?resize=350%2C200 1x, https:\/\/i0.wp.com\/www.24baires.com\/wp-content\/uploads\/2020\/07\/ezeiza.jpeg?resize=525%2C300 1.5x"},"classes":[]}],"jetpack_sharing_enabled":true,"jetpack_likes_enabled":true,"_links":{"self":[{"href":"https:\/\/www.24baires.com\/index.php?rest_route=\/wp\/v2\/posts\/10255","targetHints":{"allow":["GET"]}}],"collection":[{"href":"https:\/\/www.24baires.com\/index.php?rest_route=\/wp\/v2\/posts"}],"about":[{"href":"https:\/\/www.24baires.com\/index.php?rest_route=\/wp\/v2\/types\/post"}],"author":[{"embeddable":true,"href":"https:\/\/www.24baires.com\/index.php?rest_route=\/wp\/v2\/users\/4"}],"replies":[{"embeddable":true,"href":"https:\/\/www.24baires.com\/index.php?rest_route=%2Fwp%2Fv2%2Fcomments&post=10255"}],"version-history":[{"count":3,"href":"https:\/\/www.24baires.com\/index.php?rest_route=\/wp\/v2\/posts\/10255\/revisions"}],"predecessor-version":[{"id":10257,"href":"https:\/\/www.24baires.com\/index.php?rest_route=\/wp\/v2\/posts\/10255\/revisions\/10257"}],"wp:attachment":[{"href":"https:\/\/www.24baires.com\/index.php?rest_route=%2Fwp%2Fv2%2Fmedia&parent=10255"}],"wp:term":[{"taxonomy":"category","embeddable":true,"href":"https:\/\/www.24baires.com\/index.php?rest_route=%2Fwp%2Fv2%2Fcategories&post=10255"},{"taxonomy":"post_tag","embeddable":true,"href":"https:\/\/www.24baires.com\/index.php?rest_route=%2Fwp%2Fv2%2Ftags&post=10255"}],"curies":[{"name":"wp","href":"https:\/\/api.w.org\/{rel}","templated":true}]}}