{"id":102506,"date":"2018-06-03T10:00:15","date_gmt":"2018-06-03T13:00:15","guid":{"rendered":"http:\/\/www.24baires.com\/?p=102506"},"modified":"2018-06-03T14:55:08","modified_gmt":"2018-06-03T17:55:08","slug":"pobre-vidal","status":"publish","type":"post","link":"https:\/\/www.24baires.com\/?p=102506","title":{"rendered":"Pobre Vidal"},"content":{"rendered":"<p><img data-recalc-dims=\"1\" loading=\"lazy\" decoding=\"async\" class=\"aligncenter size-full wp-image-101314\" src=\"https:\/\/i0.wp.com\/www.24baires.com\/wp-content\/uploads\/2018\/03\/vidal-1.jpg?resize=560%2C314\" alt=\"\" width=\"560\" height=\"314\" srcset=\"https:\/\/i0.wp.com\/www.24baires.com\/wp-content\/uploads\/2018\/03\/vidal-1.jpg?w=560&amp;ssl=1 560w, https:\/\/i0.wp.com\/www.24baires.com\/wp-content\/uploads\/2018\/03\/vidal-1.jpg?resize=300%2C168&amp;ssl=1 300w\" sizes=\"auto, (max-width: 560px) 100vw, 560px\" \/><\/p>\n<p style=\"text-align: right;\">\u201cCuanto m\u00e1s alto trepa el monito<br \/>\n(as\u00ed es la vida) el culo m\u00e1s se le ve.\u201d<\/p>\n<p style=\"text-align: right;\">(Los Redondos)<\/p>\n<p>Hay una imagen que resalta belleza por su simpleza y exactitud. Es algo perfecto, hecho con casi nada m\u00e1s que imaginaci\u00f3n, aunque eso es un mont\u00f3n, porque apela a cada uno de nosotros y nosotras. Y ah\u00ed est\u00e1 lo m\u00e1s bello. Es aquel dibujo de El Principito que, si le\u00edste el libro, sabr\u00e1s que es un elefante tragado entero por una boa. Si no le\u00edste esa peque\u00f1a y maravillosa historia dir\u00e1s, quiz\u00e1, que lo que vemos es un sombrero. Porque la idea original es que veas lo que est\u00e1s acostumbrado a ver, lo que te plantan delante de la cara, lo que quieren que veas.<!--more--><\/p>\n<p>Hay personas trabajando de sol a sol para que no utilices tu imaginaci\u00f3n. Hay personas esforz\u00e1ndose a diario para que no analices lo que ves y lo asimiles sin pasar por el tamiz de tus ideas, experiencias, conocimientos, sensaciones. Hay personas dando todo de s\u00ed para que tragues de golpe esa masa amorfa y mentirosa que ellos se empe\u00f1an en llamar realidad. Eso es tan cierto como que entre todos y todas les pagamos sus abultados sueldos.<\/p>\n<p>Es que cuando los que dise\u00f1an la exclusi\u00f3n social gobiernan, no s\u00f3lo tienen las ideas y la financiaci\u00f3n, sino que adem\u00e1s pueden dedicarse a aplicarlas. Y ese es el pa\u00eds que buscan los que nos gobiernan: uno peque\u00f1o, para pocos. Para ellos, m\u00e1s espec\u00edficamente. Para ellos que creen que si naciste en la pobreza no vas a poder acceder a la educaci\u00f3n superior. Ellos quieren que siempre veas, apenas, un sombrero.<\/p>\n<p>Hace un tiempo se llenaban la boca hablando de la \u201cmeritocracia\u201d, \u00bfrecuerdan? Dec\u00edan que, si te esforzabas en la vida, sin importar tu origen social, con dedicaci\u00f3n y trabajo ibas a lograr lo que quisieras. Que lo que hoy ten\u00edas era producto de dedicaci\u00f3n, y que pod\u00edas tener m\u00e1s, ser m\u00e1s, si eras positivo, confiabas en ellos y te romp\u00edas el lomo laburando. De esa manera quer\u00edan decir que las pol\u00edticas estatales no influ\u00edan en las oportunidades a los sectores m\u00e1s vulnerados de la sociedad. Nada ten\u00eda que ver lo que hac\u00eda el gobierno de turno con la econom\u00eda, con las condiciones laborales: si vos te mol\u00edas los huesos trabajando, ibas a conseguir lo que anhelaras.<\/p>\n<p>Sepamos, si alguna duda queda, que, si ven\u00eds pele\u00e1ndola de abajo y el gobierno endeuda el pa\u00eds por 100 a\u00f1os, condona deudas millonarias a los m\u00e1s poderosos, fuga capitales, cierra escuelas, anula paritarias, reprime el hambre, flexibiliza las condiciones laborales, aumenta con locura todas las tarifas y descontrola la inflaci\u00f3n aumentando pan y leche cada d\u00eda, lo m\u00e1s probable es que, a menos que te ganes el Loto, sigas siendo un pobre laburante esforzado toda tu vida.<\/p>\n<p>Pero si ven\u00eds de abajo, y hay un gobierno que abre paritarias y garantiza derechos laborales, que genera pol\u00edticas de incentivos para la reapertura de f\u00e1bricas, que promueve programas de contenci\u00f3n social, que facilita la educaci\u00f3n en los sectores m\u00e1s desprotegidos, que interviene para abaratar los costos de vida y regula los precios del mercado en insumos y servicios, que abre cr\u00e9ditos hipotecarios accesibles, que crea empleo, bueno, ah\u00ed pod\u00e9s esperar ascenso social con alg\u00fan grado de realidad. Ah\u00ed se puede traslucir el elefante que se trag\u00f3 la boa.<\/p>\n<p>Ahora quienes hoy son gobierno nos revelan el verdadero pensamiento que siempre han llevado en sus chetas cabecitas: \u201cNadie que nace en la pobreza en la Argentina hoy llega a la universidad\u201d, dice la Gobernadora Mar\u00eda Eugenia Vidal con la liviandad de una c\u00ednica consagrada.<\/p>\n<p>Entonces, te avisa, tu esfuerzo no sirve. Ni tus ganas y deseos, tu voluntad es anulada por el decretazo ideol\u00f3gico de la derecha rancia, aunque tradicional: que el pobre muera pobre no es s\u00f3lo una valoraci\u00f3n del otro, sino una necesidad, porque as\u00ed somos f\u00e1cilmente explotados y manipulados. Porque cuando los neoliberales gobiernan, el hambre es ley. Y tanto Vidal como el resto de Cambiemos, aplican esta ley a rajatabla. Para que el sistema que quieren aplicar en el pa\u00eds cierre, necesitan dejar a los pobres afuera. Siempre.<\/p>\n<p>Ese concepto de la meritocracia era de cart\u00f3n pintado, como sab\u00edamos. Todo lo que hacen desde el gobierno apunta a eliminar derechos conquistados, deteriorar la calidad de vida del pueblo, empobrecerlo, embrutecerlo, volverlo d\u00f3cil y suplicante. Aunque ocupan el Estado, entienden lo p\u00fablico s\u00f3lo en beneficio de lo privado, no como herramienta transformadora. Utilizan lo p\u00fablico para hacer negocios: mientras ac\u00e1 cierran escuelas ellos se llevan sus d\u00f3lares afuera.<\/p>\n<p>Vidal, que gobierna para los ricos y dice sin eufemismos que no hay que hacer m\u00e1s universidades p\u00fablicas donde viven los pobres porque para qu\u00e9 si no las van a usar, no fue pobre ni un momento en su vida de comodidades y ego\u00edsmos. Vidal nunca padeci\u00f3 hambre ni fr\u00edo. Nunca camin\u00f3 en el barro para tomar un colectivo. Vidal nunca tuvo que elegir entre los apuntes o la comida. Vidal est\u00e1 acostumbrada a mirarnos desde arriba.<\/p>\n<p>Mi mam\u00e1 sol\u00eda explicar, reveladora: \u201cHay gente como nosotros, pobre. Pero tambi\u00e9n hay pobre gente\u201d. S\u00ed, un origen humilde puede definir muchas cosas en tu vida, pero las oportunidades que el gobierno elige quitarte, muchas m\u00e1s. El orgullo de venir de un hogar con carencias se ha transformado en el motor del esfuerzo de millones de argentinos y argentinas a lo largo de la historia particular con nuestras propias superaciones, y la historia colectiva, la que escribe el pueblo cuando conquista sus derechos y se empodera. Vidal nunca sentir\u00e1 ni tendr\u00e1 eso. Pobre Vidal.<\/p>\n","protected":false},"excerpt":{"rendered":"<p>\u201cCuanto m\u00e1s alto trepa el monito (as\u00ed es la vida) el culo m\u00e1s se le ve.\u201d (Los Redondos) Hay una imagen que resalta belleza por su simpleza y exactitud. Es algo perfecto, hecho con casi nada m\u00e1s que imaginaci\u00f3n, aunque eso es un mont\u00f3n, porque apela a cada uno de nosotros y nosotras. Y ah\u00ed est\u00e1 lo m\u00e1s bello. Es [&#8230;]<\/p>\n","protected":false},"author":4,"featured_media":0,"comment_status":"open","ping_status":"open","sticky":false,"template":"","format":"standard","meta":{"_jetpack_newsletter_access":"","_jetpack_dont_email_post_to_subs":false,"_jetpack_newsletter_tier_id":0,"_jetpack_memberships_contains_paywalled_content":false,"_jetpack_memberships_contains_paid_content":false,"footnotes":""},"categories":[64],"tags":[],"class_list":["post-102506","post","type-post","status-publish","format-standard","hentry","category-opinion"],"jetpack_featured_media_url":"","jetpack_shortlink":"https:\/\/wp.me\/p2JWE0-qFk","jetpack-related-posts":[{"id":102181,"url":"https:\/\/www.24baires.com\/?p=102181","url_meta":{"origin":102506,"position":0},"title":"Todo pasa, nos destruye, y se va","author":"AF","date":"16\/05\/2018","format":false,"excerpt":"La inminencia de un desastre agita los d\u00edas con las r\u00e1fagas poderosas de un d\u00f3lar que desborda al gobierno y desnuda su incapacidad para estabilizar la econom\u00eda. Cuando reci\u00e9n asumieron, ten\u00edamos que confiar en el Cambio, en el l\u00edder ben\u00e9fico de ojos azules que era rico, por eso no iba\u2026","rel":"","context":"En \u00abOpini\u00f3n\u00bb","block_context":{"text":"Opini\u00f3n","link":"https:\/\/www.24baires.com\/?cat=64"},"img":{"alt_text":"","src":"https:\/\/i0.wp.com\/www.24baires.com\/wp-content\/uploads\/2018\/05\/macri.jpg?resize=350%2C200","width":350,"height":200,"srcset":"https:\/\/i0.wp.com\/www.24baires.com\/wp-content\/uploads\/2018\/05\/macri.jpg?resize=350%2C200 1x, https:\/\/i0.wp.com\/www.24baires.com\/wp-content\/uploads\/2018\/05\/macri.jpg?resize=525%2C300 1.5x"},"classes":[]},{"id":73731,"url":"https:\/\/www.24baires.com\/?p=73731","url_meta":{"origin":102506,"position":1},"title":"Cristina, sobre los coches 0 km del Belgrano cargas: \u00abUna buena forma de honrar el 17 de octubre\u00bb","author":"AF","date":"17\/10\/2015","format":false,"excerpt":"La Presidenta celebr\u00f3 la llegada de los primeros 151 vagones nuevos para esa l\u00ednea clave para la econom\u00eda nacional. \"Finalmente el Estado, como siempre, se hizo cargo de las inversiones estructurales que demanda el Pa\u00eds\", agreg\u00f3.\u00a0 La presidenta Cristina Fern\u00e1ndez de Kirchner anunci\u00f3 que el viernes llegaron los primeros 151\u2026","rel":"","context":"En \u00abLocales\u00bb","block_context":{"text":"Locales","link":"https:\/\/www.24baires.com\/?cat=38"},"img":{"alt_text":"","src":"","width":0,"height":0},"classes":[]},{"id":60956,"url":"https:\/\/www.24baires.com\/?p=60956","url_meta":{"origin":102506,"position":2},"title":"Las hip\u00f3tesis ficcionales y la realidad","author":"GB","date":"29\/01\/2015","format":false,"excerpt":"No s\u00e9 qu\u00e9 les ocurrir\u00e1 a otros escritores, pero imagino que a muchos les han dicho por estos d\u00edas cosas como \u201cSeguro todo esto te da un mont\u00f3n de ideas para un policial\u201d, o similares. Lo cierto es que, personalmente, prefiero mis propias ideas, por simples o malas que resulten,\u2026","rel":"","context":"En \u00abOpini\u00f3n\u00bb","block_context":{"text":"Opini\u00f3n","link":"https:\/\/www.24baires.com\/?cat=64"},"img":{"alt_text":"lagomarsino 1","src":"https:\/\/i0.wp.com\/www.24baires.com\/wp-content\/uploads\/2015\/01\/lagomarsino-11.jpg?resize=350%2C200","width":350,"height":200,"srcset":"https:\/\/i0.wp.com\/www.24baires.com\/wp-content\/uploads\/2015\/01\/lagomarsino-11.jpg?resize=350%2C200 1x, https:\/\/i0.wp.com\/www.24baires.com\/wp-content\/uploads\/2015\/01\/lagomarsino-11.jpg?resize=525%2C300 1.5x"},"classes":[]},{"id":41458,"url":"https:\/\/www.24baires.com\/?p=41458","url_meta":{"origin":102506,"position":3},"title":"M\u00e1s cupos, m\u00e1s dignidad","author":"Grupo Sierra","date":"03\/03\/2014","format":false,"excerpt":"El mi\u00e9rcoles 26 de febrero se conoci\u00f3 una resoluci\u00f3n de la Sala V de la C\u00e1mara en lo Contencioso Administrativo Federal, mediante la cual se orden\u00f3 indemnizar con $30.000 a cuatro personas que hab\u00edan sido detenidas y alojadas en el Penal de Devoto. Los cuatro hombres convivieron 14 meses en\u2026","rel":"","context":"En \u00abOpini\u00f3n\u00bb","block_context":{"text":"Opini\u00f3n","link":"https:\/\/www.24baires.com\/?cat=64"},"img":{"alt_text":"c\u00e1rcel","src":"https:\/\/i0.wp.com\/www.24baires.com\/wp-content\/uploads\/2014\/03\/c%C3%A1rcel.jpg?resize=350%2C200","width":350,"height":200,"srcset":"https:\/\/i0.wp.com\/www.24baires.com\/wp-content\/uploads\/2014\/03\/c%C3%A1rcel.jpg?resize=350%2C200 1x, https:\/\/i0.wp.com\/www.24baires.com\/wp-content\/uploads\/2014\/03\/c%C3%A1rcel.jpg?resize=525%2C300 1.5x"},"classes":[]},{"id":14903,"url":"https:\/\/www.24baires.com\/?p=14903","url_meta":{"origin":102506,"position":4},"title":"Picadas de motos sobre la Ruta 226: una problem\u00e1tica dif\u00edcil de erradicar","author":"AF","date":"07\/02\/2013","format":false,"excerpt":"TANDIL - A pesar del alt\u00edsimo y evidente riesgo que conlleva esta particular \u201cdiversi\u00f3n\u201d para quienes la llevan a cabo y para terceros, las carreras de motos sobre la Ruta Nacional 226 son una problem\u00e1tica instalada desde hace un tiempo, cuya posible soluci\u00f3n se presenta muy compleja. Hace alg\u00fan tiempo,\u2026","rel":"","context":"En \u00abLocales\u00bb","block_context":{"text":"Locales","link":"https:\/\/www.24baires.com\/?cat=38"},"img":{"alt_text":"","src":"","width":0,"height":0},"classes":[]},{"id":42030,"url":"https:\/\/www.24baires.com\/?p=42030","url_meta":{"origin":102506,"position":5},"title":"La administraci\u00f3n de la informaci\u00f3n","author":"Grupo Sierra","date":"13\/03\/2014","format":false,"excerpt":"En esta columna ya nos hemos referido con anterioridad al manejo medi\u00e1tico de de las noticias, que pueden ir desde una manipulaci\u00f3n tendenciosa y cuentapropista de la informaci\u00f3n hasta la formulaci\u00f3n de mentiras que no resisten un an\u00e1lisis elemental, invenciones que s\u00f3lo pretenden instalar temas que benefician o perjudican a\u2026","rel":"","context":"En \u00abOpini\u00f3n\u00bb","block_context":{"text":"Opini\u00f3n","link":"https:\/\/www.24baires.com\/?cat=64"},"img":{"alt_text":"garc\u00eda","src":"https:\/\/i0.wp.com\/www.24baires.com\/wp-content\/uploads\/2014\/03\/garc%C3%ADa.jpg?resize=350%2C200","width":350,"height":200,"srcset":"https:\/\/i0.wp.com\/www.24baires.com\/wp-content\/uploads\/2014\/03\/garc%C3%ADa.jpg?resize=350%2C200 1x, https:\/\/i0.wp.com\/www.24baires.com\/wp-content\/uploads\/2014\/03\/garc%C3%ADa.jpg?resize=525%2C300 1.5x"},"classes":[]}],"jetpack_sharing_enabled":true,"jetpack_likes_enabled":true,"_links":{"self":[{"href":"https:\/\/www.24baires.com\/index.php?rest_route=\/wp\/v2\/posts\/102506","targetHints":{"allow":["GET"]}}],"collection":[{"href":"https:\/\/www.24baires.com\/index.php?rest_route=\/wp\/v2\/posts"}],"about":[{"href":"https:\/\/www.24baires.com\/index.php?rest_route=\/wp\/v2\/types\/post"}],"author":[{"embeddable":true,"href":"https:\/\/www.24baires.com\/index.php?rest_route=\/wp\/v2\/users\/4"}],"replies":[{"embeddable":true,"href":"https:\/\/www.24baires.com\/index.php?rest_route=%2Fwp%2Fv2%2Fcomments&post=102506"}],"version-history":[{"count":1,"href":"https:\/\/www.24baires.com\/index.php?rest_route=\/wp\/v2\/posts\/102506\/revisions"}],"predecessor-version":[{"id":102507,"href":"https:\/\/www.24baires.com\/index.php?rest_route=\/wp\/v2\/posts\/102506\/revisions\/102507"}],"wp:attachment":[{"href":"https:\/\/www.24baires.com\/index.php?rest_route=%2Fwp%2Fv2%2Fmedia&parent=102506"}],"wp:term":[{"taxonomy":"category","embeddable":true,"href":"https:\/\/www.24baires.com\/index.php?rest_route=%2Fwp%2Fv2%2Fcategories&post=102506"},{"taxonomy":"post_tag","embeddable":true,"href":"https:\/\/www.24baires.com\/index.php?rest_route=%2Fwp%2Fv2%2Ftags&post=102506"}],"curies":[{"name":"wp","href":"https:\/\/api.w.org\/{rel}","templated":true}]}}