{"id":1024,"date":"2012-10-04T21:53:50","date_gmt":"2012-10-05T00:53:50","guid":{"rendered":"http:\/\/www.24baires.com\/?p=1024"},"modified":"2012-10-04T21:53:50","modified_gmt":"2012-10-05T00:53:50","slug":"sabbatella-se-reunio-con-la-coalicion-por-una-comunicacion-democratica","status":"publish","type":"post","link":"https:\/\/www.24baires.com\/?p=1024","title":{"rendered":"Sabbatella se reuni\u00f3 con la Coalici\u00f3n por una Comunicaci\u00f3n Democr\u00e1tica"},"content":{"rendered":"<p>El titular de la Autoridad Federal de Servicios de Comunicaci\u00f3n Audiovisual (AFSCA), Mart\u00edn Sabbatella, se reuni\u00f3 hoy con integrantes de la Coalici\u00f3n por una Comunicaci\u00f3n Democr\u00e1tica quienes ratificaron su \u201ccompromiso con el cumplimiento de la Ley de Servicios de Comunicaci\u00f3n Audiovisual\u201d.<!--more--><br \/>\nLuego de la reuni\u00f3n, Sabbatella afirm\u00f3 que con la Coalici\u00f3n \u201cnos une el mismo compromiso militante y una historia compartida en el proceso democr\u00e1tico y participativo de la redacci\u00f3n de dicha ley, que apunta a multiplicar las voces y que permite que nuevos actores sociales y culturales tomen la palabra\u201d.<br \/>\nEn ese sentido, el titular de la AFSCA resalt\u00f3 \u201cel debate plural, amplio y federal que llev\u00f3 adelante la Coalici\u00f3n durante el per\u00edodo de elaboraci\u00f3n de la Ley\u201d, al que calific\u00f3 como un \u201cverdadero ejemplo de participaci\u00f3n democr\u00e1tica\u00bb.<br \/>\nCon respecto al reciente nombramiento del ex intendente de Mor\u00f3n al frente del organismo, la Coalici\u00f3n celebr\u00f3 la designaci\u00f3n del funcionario y expresaron su \u201cabsoluto acompa\u00f1amiento y compromiso con el cumplimiento de la Ley\u201d.<br \/>\n\u201cContar con el apoyo de la Coalici\u00f3n y el compromiso de trabajo conjunto, nos llena de satisfacci\u00f3n y ser\u00e1 fundamental para lograr la aplicaci\u00f3n integral de esta ley a lo largo y a lo ancho de todo el pa\u00eds\u201d, destac\u00f3 Sabbatella.<br \/>\nEn la reuni\u00f3n estuvieron presentes, entre otros, representantes de la Federaci\u00f3n Argentina de Radios Comunitarias (FARCO), Asociaci\u00f3n de Radiodifusoras Bonaerenses y del Interior de la Rep\u00fablica Argentina (ARBIA), C\u00e1mara Argentina de Televisi\u00f3n Digital (CATD), Diarios y Peri\u00f3dicos Regionales Argentinos (DyPRA), COSITMECOS, FETRACOM.<br \/>\nTambi\u00e9n estuvieron la Asociaci\u00f3n Argentina de Trabajadores de las Comunicaciones (AATRAC), Asociaci\u00f3n Argentina de Actores, Sociedad Argentina de Locutores (SAL), Instituto Nacional de Cine y Artes Audiovisuales (INCAA), Instituto Movilizador de Fondos Cooperativos (IMFC), Sindicato de Prensa de Rosario, Federaci\u00f3n Argentina de M\u00fasicos Independientes (FAMI) y Pueblos Originarios.<\/p>\n","protected":false},"excerpt":{"rendered":"<p>El titular de la Autoridad Federal de Servicios de Comunicaci\u00f3n Audiovisual (AFSCA), Mart\u00edn Sabbatella, se reuni\u00f3 hoy con integrantes de la Coalici\u00f3n por una Comunicaci\u00f3n Democr\u00e1tica quienes ratificaron su \u201ccompromiso con el cumplimiento de la Ley de Servicios de Comunicaci\u00f3n Audiovisual\u201d.<\/p>\n","protected":false},"author":11,"featured_media":0,"comment_status":"open","ping_status":"open","sticky":false,"template":"","format":"standard","meta":{"_jetpack_newsletter_access":"","_jetpack_dont_email_post_to_subs":false,"_jetpack_newsletter_tier_id":0,"_jetpack_memberships_contains_paywalled_content":false,"_jetpack_memberships_contains_paid_content":false,"footnotes":""},"categories":[54],"tags":[],"class_list":["post-1024","post","type-post","status-publish","format-standard","hentry","category-medios"],"jetpack_featured_media_url":"","jetpack_shortlink":"https:\/\/wp.me\/p2JWE0-gw","jetpack-related-posts":[{"id":1621,"url":"https:\/\/www.24baires.com\/?p=1621","url_meta":{"origin":1024,"position":0},"title":"Ley de Medios: \u00abHay sectores que quieren desconocer decisiones democr\u00e1ticas\u00bb","author":"AF","date":"10\/10\/2012","format":false,"excerpt":"Al cumplirse tres a\u00f1os de la ley, el titular del Consejo Federal de Comunicaci\u00f3n Audiovisual, Pedro B\u00e1ez, critic\u00f3 a los sectores que las desconocen . La Presidenta encabezar\u00e1 el acto por el aniversario. El flamante titular del Consejo Federal de Comunicaci\u00f3n Audiovisual (COFECA), Pedro B\u00e1ez, critic\u00f3 a los sectores que\u2026","rel":"","context":"En \u00abMedios\u00bb","block_context":{"text":"Medios","link":"https:\/\/www.24baires.com\/?cat=54"},"img":{"alt_text":"","src":"","width":0,"height":0},"classes":[]},{"id":3363,"url":"https:\/\/www.24baires.com\/?p=3363","url_meta":{"origin":1024,"position":1},"title":"Sabbatella se reuni\u00f3 con la C\u00e1mara de Cableoperadores Independientes","author":"Grupo Sierra","date":"26\/10\/2012","format":false,"excerpt":"El presidente de la Autoridad Federal de Servicios de Comunicaci\u00f3n Audiovisual, Mart\u00edn Sabbatella, mantuvo un encuentro con el presidente de la C\u00e1mara de Cableoperadores Independientes (CCI), Gabriel Bandiera, quien afirm\u00f3 que para los \"cableoperadores independientes es muy importante que se abran nuevas posibilidades de expresi\u00f3n y que se termine con\u2026","rel":"","context":"En \u00abMedios\u00bb","block_context":{"text":"Medios","link":"https:\/\/www.24baires.com\/?cat=54"},"img":{"alt_text":"","src":"","width":0,"height":0},"classes":[]},{"id":24098,"url":"https:\/\/www.24baires.com\/?p=24098","url_meta":{"origin":1024,"position":2},"title":"Para Sabbatella el Decreto de Macri es un \u00abmamarracho jur\u00eddico\u00bb","author":"Grupo Sierra","date":"22\/05\/2013","format":false,"excerpt":"El titular de la Afsca, Mart\u00edn Sabbatella, se refiri\u00f3 hoy a la medida cautelar dectada ayer por la Justicia porte\u00f1a y que frena el DNU de Macri, del que reiter\u00f3 que \u201cdesde el punto de vista jur\u00eddico es un mamarracho\". \u201cEl titular de la Autoridad Federal de Servicios de Comunicaci\u00f3n\u2026","rel":"","context":"En \u00abMedios\u00bb","block_context":{"text":"Medios","link":"https:\/\/www.24baires.com\/?cat=54"},"img":{"alt_text":"","src":"","width":0,"height":0},"classes":[]},{"id":9149,"url":"https:\/\/www.24baires.com\/?p=9149","url_meta":{"origin":1024,"position":3},"title":"Sabbatella Feliz: \u00abEstamos muy contentos, se hizo justicia\u00bb","author":"Grupo Sierra","date":"14\/12\/2012","format":false,"excerpt":"El titular de la Autoridad Federal de Servicios de Comunicaci\u00f3n Audiovisual (AFSCA) se\u00f1al\u00f3 que \u201cse termin\u00f3 la medida cautelar\u201d y \u201cse aplicar\u00e1 la ley de Servicios de Comunicaci\u00f3n Audiovisual de manera integral\u201d. \u00a0La sonrisa no le entraba en la cara al Jefe del AFSCA.\u00a0 \u00a0 El titular de la Autoridad\u2026","rel":"","context":"En \u00abMedios\u00bb","block_context":{"text":"Medios","link":"https:\/\/www.24baires.com\/?cat=54"},"img":{"alt_text":"sabbatella rie","src":"https:\/\/i0.wp.com\/www.24baires.com\/wp-content\/uploads\/2012\/12\/sabbatella-rie-300x200.jpg?resize=350%2C200","width":350,"height":200},"classes":[]},{"id":3243,"url":"https:\/\/www.24baires.com\/?p=3243","url_meta":{"origin":1024,"position":4},"title":"La CTA respald\u00f3 la gesti\u00f3n de Mart\u00edn Sabbatella al frente de la AFSCA","author":"Grupo Sierra","date":"25\/10\/2012","format":false,"excerpt":"La Central de Trabajadores de la Argentina, que encabeza Hugo Yasky, reiter\u00f3 este jueves su apoyo a la gesti\u00f3n de Mart\u00edn Sabbatella al frente de la Autoridad Federal de Servicios de Comunicaci\u00f3n Audiovisual (AFSCA), y el compromiso con la inmediata aplicaci\u00f3n de la ley de Servicios de Comunicaci\u00f3n Audiovisual. \u201cVenimos\u2026","rel":"","context":"En \u00abMedios\u00bb","block_context":{"text":"Medios","link":"https:\/\/www.24baires.com\/?cat=54"},"img":{"alt_text":"","src":"https:\/\/i0.wp.com\/www.24baires.com\/wp-content\/uploads\/2012\/10\/yasky-sabbatella-300x213.jpg?resize=350%2C200","width":350,"height":200},"classes":[]},{"id":783,"url":"https:\/\/www.24baires.com\/?p=783","url_meta":{"origin":1024,"position":5},"title":"\u00abTodos sin ninguna excepci\u00f3n tienen que cumplir la Ley\u00bb de medios","author":"Grupo Sierra","date":"01\/10\/2012","format":false,"excerpt":"El flamante titular de la Autoridad Federal de Servicios de Comunicaci\u00f3n Audiovisual (AFSCA), Mart\u00edn Sabbatella, asegur\u00f3 que \"todos, sin excepci\u00f3n, tendr\u00e1n que cumplir la ley\" de medios. Sabbatella afirm\u00f3 hoy que el 7 de diciembre pr\u00f3ximo \"vence el plazo para que se ponga en marcha el proceso de adecuaci\u00f3n a\u2026","rel":"","context":"En \u00abMedios\u00bb","block_context":{"text":"Medios","link":"https:\/\/www.24baires.com\/?cat=54"},"img":{"alt_text":"","src":"","width":0,"height":0},"classes":[]}],"jetpack_sharing_enabled":true,"jetpack_likes_enabled":true,"_links":{"self":[{"href":"https:\/\/www.24baires.com\/index.php?rest_route=\/wp\/v2\/posts\/1024","targetHints":{"allow":["GET"]}}],"collection":[{"href":"https:\/\/www.24baires.com\/index.php?rest_route=\/wp\/v2\/posts"}],"about":[{"href":"https:\/\/www.24baires.com\/index.php?rest_route=\/wp\/v2\/types\/post"}],"author":[{"embeddable":true,"href":"https:\/\/www.24baires.com\/index.php?rest_route=\/wp\/v2\/users\/11"}],"replies":[{"embeddable":true,"href":"https:\/\/www.24baires.com\/index.php?rest_route=%2Fwp%2Fv2%2Fcomments&post=1024"}],"version-history":[{"count":0,"href":"https:\/\/www.24baires.com\/index.php?rest_route=\/wp\/v2\/posts\/1024\/revisions"}],"wp:attachment":[{"href":"https:\/\/www.24baires.com\/index.php?rest_route=%2Fwp%2Fv2%2Fmedia&parent=1024"}],"wp:term":[{"taxonomy":"category","embeddable":true,"href":"https:\/\/www.24baires.com\/index.php?rest_route=%2Fwp%2Fv2%2Fcategories&post=1024"},{"taxonomy":"post_tag","embeddable":true,"href":"https:\/\/www.24baires.com\/index.php?rest_route=%2Fwp%2Fv2%2Ftags&post=1024"}],"curies":[{"name":"wp","href":"https:\/\/api.w.org\/{rel}","templated":true}]}}