{"id":102181,"date":"2018-05-16T16:00:39","date_gmt":"2018-05-16T19:00:39","guid":{"rendered":"http:\/\/www.24baires.com\/?p=102181"},"modified":"2018-05-16T15:26:46","modified_gmt":"2018-05-16T18:26:46","slug":"todo-pasa-nos-destruye-y-se-va","status":"publish","type":"post","link":"https:\/\/www.24baires.com\/?p=102181","title":{"rendered":"Todo pasa, nos destruye, y se va"},"content":{"rendered":"<p><img data-recalc-dims=\"1\" loading=\"lazy\" decoding=\"async\" src=\"https:\/\/i0.wp.com\/www.24baires.com\/wp-content\/uploads\/2018\/05\/macri.jpg?resize=560%2C385\" alt=\"\" width=\"560\" height=\"385\" class=\"aligncenter size-full wp-image-102182\" srcset=\"https:\/\/i0.wp.com\/www.24baires.com\/wp-content\/uploads\/2018\/05\/macri.jpg?w=560&amp;ssl=1 560w, https:\/\/i0.wp.com\/www.24baires.com\/wp-content\/uploads\/2018\/05\/macri.jpg?resize=300%2C206&amp;ssl=1 300w\" sizes=\"auto, (max-width: 560px) 100vw, 560px\" \/>La inminencia de un desastre agita los d\u00edas con las r\u00e1fagas poderosas de un d\u00f3lar que desborda al gobierno y desnuda su incapacidad para estabilizar la econom\u00eda.<!--more--><\/p>\n<p>Cuando reci\u00e9n asumieron, ten\u00edamos que confiar en el Cambio, en el l\u00edder ben\u00e9fico de ojos azules que era rico, por eso no iba a venir a robar, y en el mejor equipo de los \u00faltimos 50 a\u00f1os, que, finalmente, rompi\u00f3 cuanto toc\u00f3. Nadie nos dijo por qu\u00e9 hab\u00eda que confiar en un rico, mientras hac\u00edan gala de un concepto que iba en detrimento del pobre. Supongo que a algunos el anhelo de formar parte de otros c\u00edrculos les hace olvidar de d\u00f3nde vienen. En fin, ahora hay que confiar en los bonos que emiten con locura y un pacto con el FMI, que, dicen, no es m\u00e1s aquella entidad cruel e inhumana de los \u201990, y ahora, el Fondo Monetario es justo, bueno y generoso con los pa\u00edses en desarrollo: le piden esfuerzos sobrecogedores a nuestra imaginaci\u00f3n. Quieren imponer la idea de que la brutal escalada del d\u00f3lar fue un cimbronazo pasajero que lograron controlar, otra vez nos piden que les creamos, cuando sabemos que, si la gente est\u00e1 pasando hambre, el cimbronazo verdadero est\u00e1 por venir. Si dentro de unos meses nos piden que hagamos o\u00eddos sordos al estruendo que har\u00e1 este gobierno de chetos al caer, no les hagamos caso.<\/p>\n<p>Parece que los funcionarios de Cambiemos han estado siempre tan lejos de preocuparse por poner pan sobre la mesa que no entienden que cuando no se puede pagar, no se puede pagar. Est\u00e1n llevando todo a extremos irremontables tan r\u00e1pido que de verdad parecer\u00eda que creen que aguantamos mucho, much\u00edsimo m\u00e1s que esto. Y hasta que lo merecemos. Que somos una bolsa de arena, y que los golpes nos mueven un poco de nuestro eje y nada m\u00e1s. Pero no, nuestra carne magullada ya no resiste m\u00e1s ensa\u00f1amiento.<\/p>\n<p>Hace unos d\u00edas, sin aviso, Edenor, (empresa de energ\u00eda que el primo hermano de Macri, Calcaterra, vendi\u00f3 el a\u00f1o pasado a Marcelo Mindlin, due\u00f1o de Edesur), decidi\u00f3 cortarle la luz y retirarle el medidor a una anciana de la localidad de San Miguel, luego de que su \u00faltima factura llegara reclamando m\u00e1s de 26 mil pesos. Quiz\u00e1 viste el video que circul\u00f3 por las redes sociales o le\u00edste los datos en alg\u00fan portal. La se\u00f1ora mayor cumpl\u00eda 90 a\u00f1os ese d\u00eda: una larga vida para llegar a esa edad y tener que sufrir el ajuste, el recorte de las jubilaciones, la quita de prestaciones m\u00e9dicas como los remedios, los tarifazos impagables. Y nos detenemos en esta injusticia porque es abrumadora. Est\u00e1 tan pero tan mal, que nos desespera la pena inmensa de esa anciana que pierde derechos frente a nuestros ojos, sin que podamos modificar su realidad inmediata.<\/p>\n<p>Nos han fajado tanto en tan poco tiempo que s\u00f3lo nos mueve el amper\u00edmetro lo m\u00e1s brutal, lo m\u00e1s violento, lo m\u00e1s obvio y siniestro. Este hecho, esos 26 mil pesos absurdos e imposibles, esa se\u00f1ora de 90 a\u00f1os, conmueve hasta la l\u00e1grima. Nos enteramos, nos indignamos. Pero, \u00bftenemos idea, acaso, de las realidades m\u00ednimas y dom\u00e9sticas que estallan bajo el techo de cada casa y no llegan a los medios? De esos sufrimientos que se han hecho tan comunes, tan promedio, que se repiten hasta el hartazgo. No tenemos idea de los padecimientos de las y los jubilados que cobran la m\u00ednima y no les alcanza ni para comer y tienen que optar por qu\u00e9 remedio comprar. De los miles de desocupados recientes, de las y los pibes que se quedaron sin la ayuda del Progresar, sin Conectar Igualdad, sin escuelas rurales, sin secundarios nocturnos. De los presos pol\u00edticos, de los pibes asesinados por la espalda con la venia de este gobierno hip\u00f3crita y autoritario.<\/p>\n<p>Todo pasa, nos destruye, y se va. Quedamos ac\u00e1, con la falsa ilusi\u00f3n de que alguna magia ajena restituir\u00e1 derechos, curar\u00e1 heridas, llenar\u00e1 la heladera, resucitar\u00e1 a los muertos. Porque naturalizamos las violencias cotidianas y los abusos diarios, por supervivencia. Porque todav\u00eda aguantamos un poquito m\u00e1s. Y hasta porque no me pas\u00f3 a m\u00ed, qu\u00e9 pena la se\u00f1ora, pero no me pas\u00f3 a m\u00ed. Todav\u00eda tengo luz.<\/p>\n<p>Error. Sobrevivir no es vivir. Cuando alguien sufre, cuando a alguien le quitan un derecho, cada vez que vemos una injusticia, tiene que partirnos en dos. Porque si empezamos a mirar para el costado, quiz\u00e1, el paisaje mejore de momento. Pero habremos fracasado en todo lo importante. Le habremos fallado al otro. Y ahora, con los tiempos aun m\u00e1s dif\u00edciles que vienen, amar al otro es urgente.<\/p>\n<p>Elijamos no buscar con la vista el paisaje c\u00f3modo. Que la realidad pinche hasta doler lo suficiente, hasta que ya no sea opci\u00f3n quedarnos sentados, viendo c\u00f3mo, de a poco, nos matan por separado.<\/p>\n","protected":false},"excerpt":{"rendered":"<p>La inminencia de un desastre agita los d\u00edas con las r\u00e1fagas poderosas de un d\u00f3lar que desborda al gobierno y desnuda su incapacidad para estabilizar la econom\u00eda.<\/p>\n","protected":false},"author":4,"featured_media":0,"comment_status":"open","ping_status":"open","sticky":false,"template":"","format":"standard","meta":{"_jetpack_newsletter_access":"","_jetpack_dont_email_post_to_subs":false,"_jetpack_newsletter_tier_id":0,"_jetpack_memberships_contains_paywalled_content":false,"_jetpack_memberships_contains_paid_content":false,"footnotes":""},"categories":[64],"tags":[],"class_list":["post-102181","post","type-post","status-publish","format-standard","hentry","category-opinion"],"jetpack_featured_media_url":"","jetpack_shortlink":"https:\/\/wp.me\/p2JWE0-qA5","jetpack-related-posts":[{"id":98207,"url":"https:\/\/www.24baires.com\/?p=98207","url_meta":{"origin":102181,"position":0},"title":"Carlotto: \u00abEs una muerte desde el Estado y en democracia\u00bb","author":"AF","date":"20\/10\/2017","format":false,"excerpt":"\"Hay grandes responsabilidades que desde el presidente (Mauricio Macri) para abajo tendr\u00e1n que rendir cuentas a la historia, pero primero a la justicia\", advirti\u00f3 la titular de Abuelas de Plaza de Mayo al analizar la confirmaci\u00f3n de la identidad de Santiago Maldonado. Destac\u00f3 la templanza de la familia y repudi\u00f3\u2026","rel":"","context":"En \u00abSociedad\u00bb","block_context":{"text":"Sociedad","link":"https:\/\/www.24baires.com\/?cat=1"},"img":{"alt_text":"","src":"https:\/\/i0.wp.com\/www.24baires.com\/wp-content\/uploads\/2017\/10\/carlotto-maldonado.jpg?resize=350%2C200","width":350,"height":200,"srcset":"https:\/\/i0.wp.com\/www.24baires.com\/wp-content\/uploads\/2017\/10\/carlotto-maldonado.jpg?resize=350%2C200 1x, https:\/\/i0.wp.com\/www.24baires.com\/wp-content\/uploads\/2017\/10\/carlotto-maldonado.jpg?resize=525%2C300 1.5x"},"classes":[]},{"id":84578,"url":"https:\/\/www.24baires.com\/?p=84578","url_meta":{"origin":102181,"position":1},"title":"Macri asegura confiar \u00aben el liderazgo de Alemania\u00bb para un acuerdo con el Mercosur","author":"AF","date":"05\/07\/2016","format":false,"excerpt":"El presidente argentino y la canciller alemana mantuvieron un almuerzo de trabajo en el que abordaron la relaci\u00f3n bilateral, el impulso del acuerdo UE-Mercosur, el apoyo de Alemania a las inversiones en Argentina y temas de la actualidad internacional, como el Brexit. El presidente Mauricio Macri asegur\u00f3 este martes que\u2026","rel":"","context":"En \u00abPol\u00edtica\u00bb","block_context":{"text":"Pol\u00edtica","link":"https:\/\/www.24baires.com\/?cat=51"},"img":{"alt_text":"macri conferencia","src":"https:\/\/i0.wp.com\/www.24baires.com\/wp-content\/uploads\/2016\/05\/macri-conferencia.jpg?resize=350%2C200","width":350,"height":200,"srcset":"https:\/\/i0.wp.com\/www.24baires.com\/wp-content\/uploads\/2016\/05\/macri-conferencia.jpg?resize=350%2C200 1x, https:\/\/i0.wp.com\/www.24baires.com\/wp-content\/uploads\/2016\/05\/macri-conferencia.jpg?resize=525%2C300 1.5x"},"classes":[]},{"id":33489,"url":"https:\/\/www.24baires.com\/?p=33489","url_meta":{"origin":102181,"position":2},"title":"\u00abEstamos muy confiados en revertir el resultado de las PASO\u00bb","author":"GB","date":"13\/10\/2013","format":false,"excerpt":"SAN FRANCISCO SOLANO-\u00a0El candidato a primer diputado por el Frente para la Victoria en la provincia de Buenos Aires, Mart\u00edn Insaurralde, se mostr\u00f3 hoy \"confiado de revertir el resultado de las PASO\" y dijo que a las encuestas \"cada vez las veo mejor\". Insaurralde se expres\u00f3 as\u00ed al participar hoy\u2026","rel":"","context":"En \u00abELECCIONES 2013\u00bb","block_context":{"text":"ELECCIONES 2013","link":"https:\/\/www.24baires.com\/?cat=72"},"img":{"alt_text":"insaurralde","src":"https:\/\/i0.wp.com\/www.24baires.com\/wp-content\/uploads\/2013\/10\/insaurralde.jpg?resize=350%2C200","width":350,"height":200,"srcset":"https:\/\/i0.wp.com\/www.24baires.com\/wp-content\/uploads\/2013\/10\/insaurralde.jpg?resize=350%2C200 1x, https:\/\/i0.wp.com\/www.24baires.com\/wp-content\/uploads\/2013\/10\/insaurralde.jpg?resize=525%2C300 1.5x"},"classes":[]},{"id":59454,"url":"https:\/\/www.24baires.com\/?p=59454","url_meta":{"origin":102181,"position":3},"title":"Scioli, confiado asegur\u00f3 que \u00abel primer trimestre de 2015 va a ser muy bueno\u201d","author":"GB","date":"02\/01\/2015","format":false,"excerpt":"El gobernador bonaerense consider\u00f3 que \"el primer trimestre del a\u00f1o va a ser muy bueno para la econom\u00eda del pa\u00eds ya que lo peor qued\u00f3 atr\u00e1s\". \"El primer trimestre va a ser muy bueno. Lo peor qued\u00f3 atr\u00e1s, para ponerlo en t\u00e9rminos de navegantes. Ahora, proa al futuro, proa a\u2026","rel":"","context":"En \u00abPol\u00edtica\u00bb","block_context":{"text":"Pol\u00edtica","link":"https:\/\/www.24baires.com\/?cat=51"},"img":{"alt_text":"scioli sorteo","src":"https:\/\/i0.wp.com\/www.24baires.com\/wp-content\/uploads\/2014\/05\/scioli-sorteo.jpg?resize=350%2C200","width":350,"height":200,"srcset":"https:\/\/i0.wp.com\/www.24baires.com\/wp-content\/uploads\/2014\/05\/scioli-sorteo.jpg?resize=350%2C200 1x, https:\/\/i0.wp.com\/www.24baires.com\/wp-content\/uploads\/2014\/05\/scioli-sorteo.jpg?resize=525%2C300 1.5x"},"classes":[]},{"id":79363,"url":"https:\/\/www.24baires.com\/?p=79363","url_meta":{"origin":102181,"position":4},"title":"Petrocini: \u00abLa paritaria docente est\u00e1 en un callej\u00f3n sin salida\u00bb","author":"AF","date":"25\/02\/2016","format":false,"excerpt":"La titular de la Federaci\u00f3n de Educadores Bonaerenses (FEB), Mirta Petrocini, asegur\u00f3 este jueves que la paritaria docente provincial est\u00e1 \u201cen un callej\u00f3n sin salida\", que mantiene \u201cen vilo\u201d a maestros, padres y chicos. \"Confiamos que esto se destrabe porque estamos a 24 horas del inicio del ciclo lectivo y\u2026","rel":"","context":"En \u00abSociedad\u00bb","block_context":{"text":"Sociedad","link":"https:\/\/www.24baires.com\/?cat=1"},"img":{"alt_text":"petrocini","src":"https:\/\/i0.wp.com\/www.24baires.com\/wp-content\/uploads\/2014\/03\/petrocini.jpg?resize=350%2C200","width":350,"height":200,"srcset":"https:\/\/i0.wp.com\/www.24baires.com\/wp-content\/uploads\/2014\/03\/petrocini.jpg?resize=350%2C200 1x, https:\/\/i0.wp.com\/www.24baires.com\/wp-content\/uploads\/2014\/03\/petrocini.jpg?resize=525%2C300 1.5x"},"classes":[]},{"id":90637,"url":"https:\/\/www.24baires.com\/?p=90637","url_meta":{"origin":102181,"position":5},"title":"Una encuesta ubica a Vidal como la pol\u00edtica con mayor impacto positivo","author":"AF","date":"09\/12\/2016","format":false,"excerpt":"Un estudio de opini\u00f3n p\u00fablica afirma que la gobernadora bonaerense es la funcionaria m\u00e1s importante por lo positivo. Casi la mitad de la poblaci\u00f3n sigue confiando en Mauricio Macri, pero la inflaci\u00f3n es una preocupaci\u00f3n central. Seg\u00fan una encuesta realizada por Taquion, Axonier y el Programa de Opini\u00f3n P\u00fablica de\u2026","rel":"","context":"En \u00abPol\u00edtica\u00bb","block_context":{"text":"Pol\u00edtica","link":"https:\/\/www.24baires.com\/?cat=51"},"img":{"alt_text":"vidal","src":"https:\/\/i0.wp.com\/www.24baires.com\/wp-content\/uploads\/2016\/08\/vidal.jpg?resize=350%2C200","width":350,"height":200,"srcset":"https:\/\/i0.wp.com\/www.24baires.com\/wp-content\/uploads\/2016\/08\/vidal.jpg?resize=350%2C200 1x, https:\/\/i0.wp.com\/www.24baires.com\/wp-content\/uploads\/2016\/08\/vidal.jpg?resize=525%2C300 1.5x"},"classes":[]}],"jetpack_sharing_enabled":true,"jetpack_likes_enabled":true,"_links":{"self":[{"href":"https:\/\/www.24baires.com\/index.php?rest_route=\/wp\/v2\/posts\/102181","targetHints":{"allow":["GET"]}}],"collection":[{"href":"https:\/\/www.24baires.com\/index.php?rest_route=\/wp\/v2\/posts"}],"about":[{"href":"https:\/\/www.24baires.com\/index.php?rest_route=\/wp\/v2\/types\/post"}],"author":[{"embeddable":true,"href":"https:\/\/www.24baires.com\/index.php?rest_route=\/wp\/v2\/users\/4"}],"replies":[{"embeddable":true,"href":"https:\/\/www.24baires.com\/index.php?rest_route=%2Fwp%2Fv2%2Fcomments&post=102181"}],"version-history":[{"count":1,"href":"https:\/\/www.24baires.com\/index.php?rest_route=\/wp\/v2\/posts\/102181\/revisions"}],"predecessor-version":[{"id":102183,"href":"https:\/\/www.24baires.com\/index.php?rest_route=\/wp\/v2\/posts\/102181\/revisions\/102183"}],"wp:attachment":[{"href":"https:\/\/www.24baires.com\/index.php?rest_route=%2Fwp%2Fv2%2Fmedia&parent=102181"}],"wp:term":[{"taxonomy":"category","embeddable":true,"href":"https:\/\/www.24baires.com\/index.php?rest_route=%2Fwp%2Fv2%2Fcategories&post=102181"},{"taxonomy":"post_tag","embeddable":true,"href":"https:\/\/www.24baires.com\/index.php?rest_route=%2Fwp%2Fv2%2Ftags&post=102181"}],"curies":[{"name":"wp","href":"https:\/\/api.w.org\/{rel}","templated":true}]}}