{"id":10162,"date":"2012-12-22T21:06:20","date_gmt":"2012-12-23T00:06:20","guid":{"rendered":"http:\/\/www.24baires.com\/?p=10162"},"modified":"2012-12-22T21:06:27","modified_gmt":"2012-12-23T00:06:27","slug":"los-shoppings-otra-vez-las-estrellas-de-las-compras-navidenas","status":"publish","type":"post","link":"https:\/\/www.24baires.com\/?p=10162","title":{"rendered":"Los shoppings otra vez las estrellas de las compras navide\u00f1as"},"content":{"rendered":"<p><a href=\"http:\/\/www.24baires.com\/sociedad\/10162-los-shoppings-otra-vez-las-estrellas-de-las-compras-navidenas\/attachment\/shopping-interior\/\" rel=\"attachment wp-att-10163\"><img data-recalc-dims=\"1\" loading=\"lazy\" decoding=\"async\" class=\"aligncenter size-full wp-image-10163\" alt=\"shopping interior\" src=\"https:\/\/i0.wp.com\/www.24baires.com\/wp-content\/uploads\/2012\/12\/shopping-interior.jpg?resize=560%2C373\" width=\"560\" height=\"373\" srcset=\"https:\/\/i0.wp.com\/www.24baires.com\/wp-content\/uploads\/2012\/12\/shopping-interior.jpg?w=560&amp;ssl=1 560w, https:\/\/i0.wp.com\/www.24baires.com\/wp-content\/uploads\/2012\/12\/shopping-interior.jpg?resize=300%2C199&amp;ssl=1 300w\" sizes=\"auto, (max-width: 560px) 100vw, 560px\" \/><\/a><\/p>\n<p>Miles de personas se agolpaban en todos los centros comerciales del \u00e1rea metropolitana para comprar los regalos de Navidad, adquiridos a trav\u00e9s de descuentos y ofertas.<!--more--><\/p>\n<p>Entre los compradores, c\u00f3mo suele ser cl\u00e1sico, predominaban las mujeres de diversas edades que, cargadas de bolsas, se atropellaban y mov\u00edan de una vidriera a la otra buscando ofertas o siguiendo las promociones indicadas por los altoparlantes, seg\u00fan constat\u00f3 esta agencia en una recorrida por varios centros.<\/p>\n<p>Los visitantes pasaban bastante tiempo frente a las vidrieras antes de entrar a los locales y las bolsas que cada uno llevaba, en general con ropa o juguetes, no repet\u00edan el mismo local de origen.<\/p>\n<p>Patricia, una empleada administrativa de Lan\u00fas que cargaba bolsas de por lo menos cinco locales distintos, le cont\u00f3 a T\u00e9lam que \u00abac\u00e1 hay de todo un poco y encuentro regalos para toda la familia: es verdad que las cosas cuestan un poco m\u00e1s, pero no tanto\u00bb.<\/p>\n<p>\u00abCompr\u00e9 los regalos de todos los a\u00f1os para la familia y amigos cercanos; la mayor\u00eda es ropa y alg\u00fan par de zapatos\u00bb, detall\u00f3.<\/p>\n<p>La mujer consider\u00f3 que \u00abestuvo bueno que no nos cobren (impuesto a las) Ganancias en el aguinaldo, eso ayuda a cubrir algunos costos de las fiestas, pero a la hora de programar los regalos, no hab\u00eda tenido en cuenta esa plata extra\u00bb, concluy\u00f3.<\/p>\n<p>Natalia, una enfermera de Lomas de Zamora que esperaba en una larga fila a que envolvieran sus regalos, indic\u00f3: \u00abCompr\u00e9 bastante ropa y algunos accesorios; los precios est\u00e1n razonables, yo pens\u00e9 que para estas fechas los iban a aumentar, pero gracias a Dios, no\u00bb.<\/p>\n<p>\u00abAc\u00e1 se puede comparar precios de una marca a la otra y de un local al otro y as\u00ed es m\u00e1s f\u00e1cil elegir\u00bb, finaliz\u00f3.<\/p>\n<p>Herminio, un jubilado que era llevado de una vidriera a la otra por sus hijas adolescentes, le dijo a T\u00e9lam: \u00abNosotros somos de Barracas y venimos siempre a pasear ac\u00e1, as\u00ed que ahora que hab\u00eda que comprar los regalos, cargu\u00e9 a toda la familia en el auto y nos vinimos a comprar todo de una vez\u00bb.<\/p>\n<p>\u00abEn general, compramos ropa y algunos juguetes por los chicos, los precios de algunas cosas estaban demasiado altos, pero caminando se encuentran ofertas de temporada\u00bb, agreg\u00f3.<\/p>\n<p>Anal\u00eda, una empleada municipal de Quilmes, le cont\u00f3 a T\u00e9lam que \u00abvine a comprar ropa para la familia y un juguete para mi sobrino que me pidi\u00f3 un mu\u00f1eco, eleg\u00ed comprar ac\u00e1 porque a trav\u00e9s de la aplicaci\u00f3n de facebook del shopping me llegaron todos los descuentos y as\u00ed compro a muy buen precio\u00bb.<\/p>\n<p>\u00abLos precios de vidriera son caros, pero entre las promociones y los descuentos se pueden conseguir algunas cosas m\u00e1s baratas\u00bb, indic\u00f3.<\/p>\n<p>Dar\u00edo, un electricista que esperaba a su mujer en la puerta de un local con el cochecito cargado de bolsas y un beb\u00e9 en brazos, le explic\u00f3 a T\u00e9lam que \u00abvenimos a comprar ac\u00e1 por una cuesti\u00f3n de comodidad, ac\u00e1 est\u00e1 todo junto y no hace falta caminar mucho para comprar los regalos de toda la familia\u00bb.<\/p>\n<p>\u00abCompramos ropa y juguetes, los precios est\u00e1n dentro de lo que calcul\u00e1bamos y eso nos alivi\u00f3 bastante\u00bb, se\u00f1al\u00f3.<\/p>\n<p>\u00abEl hecho de que no hayan descontado Ganancias del aguinaldo nos dej\u00f3 unos pesos m\u00e1s disponibles para estas compras, pero igual no nos quejamos, porque esta es de las pocas veces en el a\u00f1o que uno gasta con gusto\u00bb, finaliz\u00f3 Dar\u00edo.<\/p>\n","protected":false},"excerpt":{"rendered":"<p>Miles de personas se agolpaban en todos los centros comerciales del \u00e1rea metropolitana para comprar los regalos de Navidad, adquiridos a trav\u00e9s de descuentos y ofertas.<\/p>\n","protected":false},"author":11,"featured_media":0,"comment_status":"open","ping_status":"open","sticky":false,"template":"","format":"standard","meta":{"_jetpack_newsletter_access":"","_jetpack_dont_email_post_to_subs":false,"_jetpack_newsletter_tier_id":0,"_jetpack_memberships_contains_paywalled_content":false,"_jetpack_memberships_contains_paid_content":false,"footnotes":""},"categories":[1],"tags":[],"class_list":["post-10162","post","type-post","status-publish","format-standard","hentry","category-sociedad"],"jetpack_featured_media_url":"","jetpack_shortlink":"https:\/\/wp.me\/p2JWE0-2DU","jetpack-related-posts":[{"id":41245,"url":"https:\/\/www.24baires.com\/?p=41245","url_meta":{"origin":10162,"position":0},"title":"La Plata: presentan una \u00abbolsa escolar\u00bb accesible a todos","author":"Grupo Sierra","date":"27\/02\/2014","format":false,"excerpt":"LA PLATA- Todas las librer\u00edas ofrecer\u00e1n art\u00edculos a \u201cprecios reales\u201d, tal como lo puntualiz\u00f3 el titular de la C\u00e1mara que agrupa a esos comercios. El presidente de la C\u00e1mara de Librer\u00edas, Papeler\u00edas y Afines de La Plata, Mariano Picasso, confirm\u00f3 que este a\u00f1o tambi\u00e9n saldr\u00e1 a la vente \u201cuna canasta\u2026","rel":"","context":"En \u00abEconom\u00eda\u00bb","block_context":{"text":"Econom\u00eda","link":"https:\/\/www.24baires.com\/?cat=45"},"img":{"alt_text":"","src":"","width":0,"height":0},"classes":[]},{"id":61599,"url":"https:\/\/www.24baires.com\/?p=61599","url_meta":{"origin":10162,"position":1},"title":"Mar del Plata espera el fin de semana largo con importantes reservas y buen clima","author":"GB","date":"11\/02\/2015","format":false,"excerpt":"Los empresarios del sector hotelero se\u00f1alaron que \u201cexiste ya a mediados de semana un alto nivel de reservas, donde la ocupaci\u00f3n hotelera por el feriado de Carnaval rondar\u00e1 entre el 90 y 100 por ciento\u201d. Mar del Plata vivir\u00e1 un \u201cgran carnaval de turistas\u201d -estimaron desde el sector-, ya que\u2026","rel":"","context":"En \u00abTurismo\u00bb","block_context":{"text":"Turismo","link":"https:\/\/www.24baires.com\/?cat=69"},"img":{"alt_text":"turistas mar del plata","src":"https:\/\/i0.wp.com\/www.24baires.com\/wp-content\/uploads\/2015\/01\/turistas-mar-del-plata.jpg?resize=350%2C200","width":350,"height":200,"srcset":"https:\/\/i0.wp.com\/www.24baires.com\/wp-content\/uploads\/2015\/01\/turistas-mar-del-plata.jpg?resize=350%2C200 1x, https:\/\/i0.wp.com\/www.24baires.com\/wp-content\/uploads\/2015\/01\/turistas-mar-del-plata.jpg?resize=525%2C300 1.5x"},"classes":[]},{"id":10883,"url":"https:\/\/www.24baires.com\/?p=10883","url_meta":{"origin":10162,"position":2},"title":"Espectacular choque entre un colectivo y un cami\u00f3n de bomberos","author":"AF","date":"31\/12\/2012","format":false,"excerpt":"MAR DEL PLATA - Un colectivo de la l\u00ednea 571 y un autobomba chocaron en la esquina de la avenida Col\u00f3n y la calle Santiago del Estero, en Mar del Plata. No se lamentaron v\u00edctimas fatales. Seg\u00fan declararon testigos del siniestro, el cami\u00f3n de bomberos circulaba por Col\u00f3n con la\u2026","rel":"","context":"En \u00abLocales\u00bb","block_context":{"text":"Locales","link":"https:\/\/www.24baires.com\/?cat=38"},"img":{"alt_text":"IMG-20121231-WA0002","src":"https:\/\/i0.wp.com\/www.24baires.com\/wp-content\/uploads\/2012\/12\/IMG-20121231-WA0002.jpg?resize=350%2C200","width":350,"height":200,"srcset":"https:\/\/i0.wp.com\/www.24baires.com\/wp-content\/uploads\/2012\/12\/IMG-20121231-WA0002.jpg?resize=350%2C200 1x, https:\/\/i0.wp.com\/www.24baires.com\/wp-content\/uploads\/2012\/12\/IMG-20121231-WA0002.jpg?resize=525%2C300 1.5x"},"classes":[]},{"id":35047,"url":"https:\/\/www.24baires.com\/?p=35047","url_meta":{"origin":10162,"position":3},"title":"El 14 y 15 de diciembre se realizar\u00e1 la Expo Z\u00e1rate","author":"AF","date":"12\/11\/2013","format":false,"excerpt":"Es organizada por el Centro del Comercio e Industrias y la municipalidad y ser\u00e1 en la Plaza Mitre y la calle Justa Lima Peatonal. Al igual que todos los a\u00f1os estar\u00e1n presentes los stands de industrias, pymes, comercios y profesionales que expondr\u00e1n y ofrecer\u00e1n sus productos y servicios. Se trata\u2026","rel":"","context":"En \u00abLocales\u00bb","block_context":{"text":"Locales","link":"https:\/\/www.24baires.com\/?cat=38"},"img":{"alt_text":"expo zarate","src":"https:\/\/i0.wp.com\/www.24baires.com\/wp-content\/uploads\/2013\/11\/expo-zarate.jpg?resize=350%2C200","width":350,"height":200,"srcset":"https:\/\/i0.wp.com\/www.24baires.com\/wp-content\/uploads\/2013\/11\/expo-zarate.jpg?resize=350%2C200 1x, https:\/\/i0.wp.com\/www.24baires.com\/wp-content\/uploads\/2013\/11\/expo-zarate.jpg?resize=525%2C300 1.5x"},"classes":[]},{"id":39780,"url":"https:\/\/www.24baires.com\/?p=39780","url_meta":{"origin":10162,"position":4},"title":"Ya no se podr\u00e1n exhibir armas de fuego en las vidrieras","author":"Grupo Sierra","date":"04\/02\/2014","format":false,"excerpt":"No podr\u00e1n exhibirse en las vidrieras de los comercios, en tanto los leg\u00edtimos usuarios para la guarda deber\u00e1n respetar nuevas medidas de seguridad, de acuerdo con una disposici\u00f3n del Renar publicada en el Bolet\u00edn Oficial. La Disposici\u00f3n 0233\/14 del Registro Nacional de Armas y Explosivos (RENAR), dependiente del Ministerio de\u2026","rel":"","context":"En \u00abSociedad\u00bb","block_context":{"text":"Sociedad","link":"https:\/\/www.24baires.com\/?cat=1"},"img":{"alt_text":"arsenal armas","src":"https:\/\/i0.wp.com\/www.24baires.com\/wp-content\/uploads\/2013\/04\/arsenal-armas.jpg?resize=350%2C200","width":350,"height":200,"srcset":"https:\/\/i0.wp.com\/www.24baires.com\/wp-content\/uploads\/2013\/04\/arsenal-armas.jpg?resize=350%2C200 1x, https:\/\/i0.wp.com\/www.24baires.com\/wp-content\/uploads\/2013\/04\/arsenal-armas.jpg?resize=525%2C300 1.5x"},"classes":[]},{"id":45283,"url":"https:\/\/www.24baires.com\/?p=45283","url_meta":{"origin":10162,"position":5},"title":"\u00bfQu\u00e9 obras busca Scioli en la provincia para asegurar votos?","author":"Grupo Sierra","date":"04\/05\/2014","format":false,"excerpt":"Quiere que sean la vidriera de su gesti\u00f3n y potenciar su campa\u00f1a. Por eso apura la terminaci\u00f3n de la Autopista, la ruta 6 y el Puerto La Plata. Con un c\u00edrculo rojo, como para resaltar a\u00fan m\u00e1s la importancia que le otorga a esa fecha, Daniel Scioli tiene marcado el\u2026","rel":"","context":"En \u00abProvincia\u00bb","block_context":{"text":"Provincia","link":"https:\/\/www.24baires.com\/?cat=40"},"img":{"alt_text":"scioli saluda","src":"https:\/\/i0.wp.com\/www.24baires.com\/wp-content\/uploads\/2013\/08\/scioli-saluda.jpg?resize=350%2C200","width":350,"height":200,"srcset":"https:\/\/i0.wp.com\/www.24baires.com\/wp-content\/uploads\/2013\/08\/scioli-saluda.jpg?resize=350%2C200 1x, https:\/\/i0.wp.com\/www.24baires.com\/wp-content\/uploads\/2013\/08\/scioli-saluda.jpg?resize=525%2C300 1.5x"},"classes":[]}],"jetpack_sharing_enabled":true,"jetpack_likes_enabled":true,"_links":{"self":[{"href":"https:\/\/www.24baires.com\/index.php?rest_route=\/wp\/v2\/posts\/10162","targetHints":{"allow":["GET"]}}],"collection":[{"href":"https:\/\/www.24baires.com\/index.php?rest_route=\/wp\/v2\/posts"}],"about":[{"href":"https:\/\/www.24baires.com\/index.php?rest_route=\/wp\/v2\/types\/post"}],"author":[{"embeddable":true,"href":"https:\/\/www.24baires.com\/index.php?rest_route=\/wp\/v2\/users\/11"}],"replies":[{"embeddable":true,"href":"https:\/\/www.24baires.com\/index.php?rest_route=%2Fwp%2Fv2%2Fcomments&post=10162"}],"version-history":[{"count":4,"href":"https:\/\/www.24baires.com\/index.php?rest_route=\/wp\/v2\/posts\/10162\/revisions"}],"predecessor-version":[{"id":10178,"href":"https:\/\/www.24baires.com\/index.php?rest_route=\/wp\/v2\/posts\/10162\/revisions\/10178"}],"wp:attachment":[{"href":"https:\/\/www.24baires.com\/index.php?rest_route=%2Fwp%2Fv2%2Fmedia&parent=10162"}],"wp:term":[{"taxonomy":"category","embeddable":true,"href":"https:\/\/www.24baires.com\/index.php?rest_route=%2Fwp%2Fv2%2Fcategories&post=10162"},{"taxonomy":"post_tag","embeddable":true,"href":"https:\/\/www.24baires.com\/index.php?rest_route=%2Fwp%2Fv2%2Ftags&post=10162"}],"curies":[{"name":"wp","href":"https:\/\/api.w.org\/{rel}","templated":true}]}}