{"id":101503,"date":"2018-04-09T16:15:49","date_gmt":"2018-04-09T19:15:49","guid":{"rendered":"http:\/\/www.24baires.com\/?p=101503"},"modified":"2018-04-09T16:15:49","modified_gmt":"2018-04-09T19:15:49","slug":"que-florezcan-mil-lulas","status":"publish","type":"post","link":"https:\/\/www.24baires.com\/?p=101503","title":{"rendered":"Que florezcan mil Lulas"},"content":{"rendered":"<p><img data-recalc-dims=\"1\" loading=\"lazy\" decoding=\"async\" class=\"aligncenter size-full wp-image-101505\" src=\"https:\/\/i0.wp.com\/www.24baires.com\/wp-content\/uploads\/2018\/04\/lula-3.jpg?resize=560%2C251\" alt=\"\" width=\"560\" height=\"251\" srcset=\"https:\/\/i0.wp.com\/www.24baires.com\/wp-content\/uploads\/2018\/04\/lula-3.jpg?w=560&amp;ssl=1 560w, https:\/\/i0.wp.com\/www.24baires.com\/wp-content\/uploads\/2018\/04\/lula-3.jpg?resize=300%2C134&amp;ssl=1 300w\" sizes=\"auto, (max-width: 560px) 100vw, 560px\" \/>No les gusta cuando un pobre se declara en desacato contra la miseria. No soportan cuando un pobre no se arrodilla, aunque la bota pese como monta\u00f1as sobre sus hombros. Detestan que los pobres se organicen. Cuando un pobre empieza a hablar de derechos, reclama y pide justicia, lo castigan. No les gusta que los pobres aprendan, porque despu\u00e9s los pobres tienen preguntas. Cuestionan lo instaurado.<!--more--><\/p>\n<p>Aborrecen que un pobre se salga de su lugar, consideran ese hecho como una anomal\u00eda hist\u00f3rica. Porque la historia la escriben ellos, los que nunca fueron pobres, o ya olvidaron c\u00f3mo serlo. Y quieren a los pobres bien lejos, en otra clase, que est\u00e9 muy por debajo de la media. Bien sumergidos ah\u00ed, tapados con mierda.<\/p>\n<p>Pero el esc\u00e1ndalo, cada tanto, sucede. Un pobre que no sabe ubicarse. Un pobre que reniega del sitio que la elite acostumbrada a gobernar le dio desde siempre y para siempre: cada tanto un hijo o hija de las barriadas, un heredero de la tierra, un representante de los humildes de toda humildad, logra asomar la cabeza. Y grita. Grita tan fuerte que otros, de ah\u00ed abajo, lo escuchan. Y empiezan a seguirlo. Y ese pobre grita porque tiene hambre, porque tiene fr\u00edo. Ese pobre grita porque est\u00e1 cansado de ser el barro en el que se amasan todas las privaciones y todas las injusticias. Ese pobre grita con la voz de los que no pueden gritar, porque la desigualdad que hace que ese pobre se levante, ya los dej\u00f3 mudos hace tiempo. Y no pudieron ponerse de pie, hasta ahora. Y lo siguen otros pobres, qu\u00e9 incre\u00edble momento, siguen al pobre que grita, de pie, cada vez m\u00e1s fuerte.<\/p>\n<p>Les habla de derechos, les demuestra que lo que a ellos les falta, les sobra a otros, que no quieren compartirlo, aunque lo ganaron a costas de esos mismos pobres que hoy se levantan y avanzan.<\/p>\n<p>\u00bfC\u00f3mo puede ser que nos traiciones, Historia? Se preguntas los grupos dominantes. \u00bfC\u00f3mo puede ser que uno de ellos los gobierne? Se ponen inquietos, aunque ellos, que son los ricos, -llam\u00e9moslos por su nombre-, no pierdan nada m\u00e1s que privilegios. Comida no les falta, ni techo, ni educaci\u00f3n, ni coches de alta gama, ni viajes, ni derroches. Nada les falta. Pero quieren m\u00e1s. Lo quieren todo.<\/p>\n<p>Entonces, los ricos deciden que ese hombre que vino desde abajo, estorba. Y como tienen los medios de comunicaci\u00f3n siempre de su lado, inventan lo que ellos llaman las noticias. Escriben ficci\u00f3n y la llaman informaci\u00f3n. Censuran, corrompen, manipulan la opini\u00f3n p\u00fablica y le hacen creer a los oprimidos que ese pobre viene a robarles, mientras ellos, los verdaderos opresores, les meten la mano en el bolsillo, les sacan la comida de la boca.<\/p>\n<p>La Justicia mira y saca cuentas. No se inclina por la verdad, no le importa. Ofrece toda su estructura para afianzar la infamia. Porque, \u00a1oh, sorpresa!, ellos tambi\u00e9n forman parte de la elite de ricos, y ven que la estructura de iniquidad que los sostiene, tambalea. Desde que ese pobre lleg\u00f3 a la presidencia, la clase obrera se eleva. Y lo que hay, que es mucho, empieza repartirse de manera diferente.<\/p>\n<p>\u00a1Construye Universidades ese pobre que nunca pudo estudiar en una! Y los pobres quieren estudiar, quieren aprender, cuestionan su condici\u00f3n de oprimidos en una sociedad que naturaliza que agonicen de hambre, que mira para otro lado cuando caen en las villas j\u00f3venes sin nombre, bajo la balacera policial.<\/p>\n<p>No les gusta cuando un pobre se declara en desacato contra la miseria. Y ellos son la miseria. Las elites que acaparan toda la riqueza de este mundo s\u00f3lo saben odiar y contagiar su odio. Son m\u00e1quinas de generar desigualdad, porque las oportunidades que ese pobre que gobierna genera, son una bomba de tiempo para su propia condici\u00f3n de elite. No quieren perder nada de lo que les sobra a mares. Quieren apropiar para ellos, incluso, la dignidad de las clases bajas. La quieren, aunque no sabr\u00edan nunca c\u00f3mo usarla. Los incomoda ver a quienes nacieron con privaciones acceder a espacios de poder. Los desespera ver c\u00f3mo un pobre gobierna para los suyos. Entonces acomodan la justicia en su beneficio, como suelen hacer. Entonces, los delitos que ellos cometen a diestra y siniestra se los imputan a los que vienen desde abajo, a quienes padecieron la dictadura de anta\u00f1o, a los que luchan cada d\u00eda por la libertad, a los que construyen con amor, a los que quieren un mundo donde quepan todos los mundos. Luego de las calumnias medi\u00e1ticas, el poder judicial aplica la injusticia a rajatabla.<\/p>\n<p>Golpean puertas de cuarteles, siembran muerte, amenazan. Arrancan las flores creyendo que as\u00ed no llegar\u00e1 la primavera. La Corporaci\u00f3n de Los Malos de Siempre, gana de nuevo. Y las tapas de los diarios monop\u00f3licos chorrean el agua que se les hizo en la boca ante la injuria consumada.<\/p>\n<p>Y meten preso al l\u00edder del pueblo, con prisa, pero sin causa. Lo que no saben, -sus mentes ego\u00edstas no podr\u00edan saberlo-, es que ese pobre es semilla, y lo est\u00e1n sembrando en todas partes.<\/p>\n<p>Entonces, los pobres, a regar. A regar esas semillas. Que la primavera aguante un poco, porque vamos por ella. A conquistarla, a replicarla, a eternizarla. Qu\u00e9 florezcan esas semillas donde todo falta, donde las oportunidades no llegan, donde la igualdad es ausencia. Qu\u00e9 florezcan miles de flores entre la miseria programa. Qu\u00e9 florezcan Lulas por todas partes. Porque si la Historia de los ricos dice que los pobres deben permanecer bajo sus suelas, entonces, nosotros, con la sangre de nuestros muertos y los sue\u00f1os de nuestros vivos, escribiremos otra Historia.<\/p>\n","protected":false},"excerpt":{"rendered":"<p>No les gusta cuando un pobre se declara en desacato contra la miseria. No soportan cuando un pobre no se arrodilla, aunque la bota pese como monta\u00f1as sobre sus hombros. Detestan que los pobres se organicen. Cuando un pobre empieza a hablar de derechos, reclama y pide justicia, lo castigan. No les gusta que los pobres aprendan, porque despu\u00e9s los [&#8230;]<\/p>\n","protected":false},"author":4,"featured_media":0,"comment_status":"open","ping_status":"open","sticky":false,"template":"","format":"standard","meta":{"_jetpack_newsletter_access":"","_jetpack_dont_email_post_to_subs":false,"_jetpack_newsletter_tier_id":0,"_jetpack_memberships_contains_paywalled_content":false,"_jetpack_memberships_contains_paid_content":false,"footnotes":""},"categories":[64],"tags":[],"class_list":["post-101503","post","type-post","status-publish","format-standard","hentry","category-opinion"],"jetpack_featured_media_url":"","jetpack_shortlink":"https:\/\/wp.me\/p2JWE0-qp9","jetpack-related-posts":[{"id":112290,"url":"https:\/\/www.24baires.com\/?p=112290","url_meta":{"origin":101503,"position":0},"title":"Seg\u00fan la UCA, \u00ablos nuevos pobres son clases medias que no hab\u00edan sido pobres antes\u00bb","author":"GB","date":"30\/09\/2019","format":false,"excerpt":"\"Esta inflaci\u00f3n est\u00e1 desgastando la capacidad de reservas de los sectores m\u00e1s pobres y de las clases medias bajas\", alert\u00f3 la universidad. El director del Observatorio de la Deuda Social de la Universidad Cat\u00f3lica Argentina (UCA), Agust\u00edn Salvia, afirm\u00f3 este domingo que el \u00edndice de pobreza aument\u00f3 alrededor de 8\u2026","rel":"","context":"En \u00abSociedad\u00bb","block_context":{"text":"Sociedad","link":"https:\/\/www.24baires.com\/?cat=1"},"img":{"alt_text":"","src":"https:\/\/i0.wp.com\/www.24baires.com\/wp-content\/uploads\/2019\/09\/pobreza.jpg?resize=350%2C200","width":350,"height":200,"srcset":"https:\/\/i0.wp.com\/www.24baires.com\/wp-content\/uploads\/2019\/09\/pobreza.jpg?resize=350%2C200 1x, https:\/\/i0.wp.com\/www.24baires.com\/wp-content\/uploads\/2019\/09\/pobreza.jpg?resize=525%2C300 1.5x"},"classes":[]},{"id":81214,"url":"https:\/\/www.24baires.com\/?p=81214","url_meta":{"origin":101503,"position":1},"title":"El Papa Francisco pidi\u00f3 \u00abno juzgar al pobre que pide una moneda para el vino\u00bb","author":"AF","date":"09\/04\/2016","format":false,"excerpt":"Fue en el marco de la Audiencia Jubilar que encabez\u00f3 en la Plaza San Pedro. \"La limosna es un gesto de amor\u201d, se\u00f1al\u00f3. El papa Francisco critic\u00f3 hoy a quienes juzgan \"al pobre que pide una moneda para un vaso de vino\" y conmin\u00f3 a los fieles a \"ser generosos\"\u2026","rel":"","context":"En \u00abSociedad\u00bb","block_context":{"text":"Sociedad","link":"https:\/\/www.24baires.com\/?cat=1"},"img":{"alt_text":"papa","src":"https:\/\/i0.wp.com\/www.24baires.com\/wp-content\/uploads\/2016\/04\/papa.jpg?resize=350%2C200","width":350,"height":200,"srcset":"https:\/\/i0.wp.com\/www.24baires.com\/wp-content\/uploads\/2016\/04\/papa.jpg?resize=350%2C200 1x, https:\/\/i0.wp.com\/www.24baires.com\/wp-content\/uploads\/2016\/04\/papa.jpg?resize=525%2C300 1.5x"},"classes":[]},{"id":45714,"url":"https:\/\/www.24baires.com\/?p=45714","url_meta":{"origin":101503,"position":2},"title":"Opci\u00f3n por Mugica","author":"AF","date":"10\/05\/2014","format":false,"excerpt":"A tiros. Lo mataron a tiros, despu\u00e9s de dar misa. Lo mataron porque les molestaba, porque representaba con su voz y sus acciones al pueblo oprimido, a los necesitados de siempre, a los que durante a\u00f1os estaban debajo de la suela de las botas, despreciados por los poderosos. Lo mataron\u2026","rel":"","context":"En \u00abOpini\u00f3n\u00bb","block_context":{"text":"Opini\u00f3n","link":"https:\/\/www.24baires.com\/?cat=64"},"img":{"alt_text":"mugica","src":"https:\/\/i0.wp.com\/www.24baires.com\/wp-content\/uploads\/2014\/05\/mugica.jpg?resize=350%2C200","width":350,"height":200,"srcset":"https:\/\/i0.wp.com\/www.24baires.com\/wp-content\/uploads\/2014\/05\/mugica.jpg?resize=350%2C200 1x, https:\/\/i0.wp.com\/www.24baires.com\/wp-content\/uploads\/2014\/05\/mugica.jpg?resize=525%2C300 1.5x"},"classes":[]},{"id":68486,"url":"https:\/\/www.24baires.com\/?p=68486","url_meta":{"origin":101503,"position":3},"title":"Seg\u00fan el BID y la ONU, Argentina es el pa\u00eds de la regi\u00f3n que m\u00e1s redujo la cantidad de pobres","author":"AF","date":"02\/07\/2015","format":false,"excerpt":"Junto a Uruguay, es el pa\u00eds con menor cantidad de pobres e indigentes, y con el mayor nivel de igualdad tomando en cuenta la redistribuci\u00f3n de la riqueza, concluyeron dos informes distintos, uno del BID y otro de la ONU. Argentina y Uruguay son los pa\u00edses de Am\u00e9rica Latina con\u2026","rel":"","context":"En \u00abSociedad\u00bb","block_context":{"text":"Sociedad","link":"https:\/\/www.24baires.com\/?cat=1"},"img":{"alt_text":"","src":"","width":0,"height":0},"classes":[]},{"id":25952,"url":"https:\/\/www.24baires.com\/?p=25952","url_meta":{"origin":101503,"position":4},"title":"Echegaray le sugiri\u00f3 a los clubes \u201csacarse de encima a los intermediarios\u201d","author":"AF","date":"14\/06\/2013","format":false,"excerpt":"El titular de la AFIP, Ricardo Echegaray, sostuvo que \u201chay muchos representantes y los clubes son cada vez m\u00e1s pobres\u201d. \u201cFuimos una potencia futbol\u00edstica cuando no ten\u00edamos tantos representantes\u201d, se\u00f1al\u00f3. Por la causa de lavado de dinero en los pases de jugadores hay diez detenidos y cinco pr\u00f3fugos. El titular\u2026","rel":"","context":"En \u00abEconom\u00eda\u00bb","block_context":{"text":"Econom\u00eda","link":"https:\/\/www.24baires.com\/?cat=45"},"img":{"alt_text":"","src":"","width":0,"height":0},"classes":[]},{"id":105921,"url":"https:\/\/www.24baires.com\/?p=105921","url_meta":{"origin":101503,"position":5},"title":"Seg\u00fan la UCA, hay 2,2 millones de pobres m\u00e1s que hace un a\u00f1o","author":"AF","date":"13\/12\/2018","format":false,"excerpt":"Seg\u00fan un informe de la Universidad Cat\u00f3lica Argentina, hay 13.600.000 pobres. Denunciaron que 161.500 argentinos ahora son indigentes, los cuales ya suman 2.470.000 personas. Seg\u00fan un informe de la Universidad Cat\u00f3lica Argentina (UCA) en el pa\u00eds hay 13.600.000 personas pobres, lo que significa un crecimiento de casi 2,2 millones con\u2026","rel":"","context":"En \u00abSociedad\u00bb","block_context":{"text":"Sociedad","link":"https:\/\/www.24baires.com\/?cat=1"},"img":{"alt_text":"","src":"https:\/\/i0.wp.com\/www.24baires.com\/wp-content\/uploads\/2017\/06\/pobreza.jpg?resize=350%2C200","width":350,"height":200,"srcset":"https:\/\/i0.wp.com\/www.24baires.com\/wp-content\/uploads\/2017\/06\/pobreza.jpg?resize=350%2C200 1x, https:\/\/i0.wp.com\/www.24baires.com\/wp-content\/uploads\/2017\/06\/pobreza.jpg?resize=525%2C300 1.5x"},"classes":[]}],"jetpack_sharing_enabled":true,"jetpack_likes_enabled":true,"_links":{"self":[{"href":"https:\/\/www.24baires.com\/index.php?rest_route=\/wp\/v2\/posts\/101503","targetHints":{"allow":["GET"]}}],"collection":[{"href":"https:\/\/www.24baires.com\/index.php?rest_route=\/wp\/v2\/posts"}],"about":[{"href":"https:\/\/www.24baires.com\/index.php?rest_route=\/wp\/v2\/types\/post"}],"author":[{"embeddable":true,"href":"https:\/\/www.24baires.com\/index.php?rest_route=\/wp\/v2\/users\/4"}],"replies":[{"embeddable":true,"href":"https:\/\/www.24baires.com\/index.php?rest_route=%2Fwp%2Fv2%2Fcomments&post=101503"}],"version-history":[{"count":1,"href":"https:\/\/www.24baires.com\/index.php?rest_route=\/wp\/v2\/posts\/101503\/revisions"}],"predecessor-version":[{"id":101506,"href":"https:\/\/www.24baires.com\/index.php?rest_route=\/wp\/v2\/posts\/101503\/revisions\/101506"}],"wp:attachment":[{"href":"https:\/\/www.24baires.com\/index.php?rest_route=%2Fwp%2Fv2%2Fmedia&parent=101503"}],"wp:term":[{"taxonomy":"category","embeddable":true,"href":"https:\/\/www.24baires.com\/index.php?rest_route=%2Fwp%2Fv2%2Fcategories&post=101503"},{"taxonomy":"post_tag","embeddable":true,"href":"https:\/\/www.24baires.com\/index.php?rest_route=%2Fwp%2Fv2%2Ftags&post=101503"}],"curies":[{"name":"wp","href":"https:\/\/api.w.org\/{rel}","templated":true}]}}