{"id":101378,"date":"2018-04-02T18:56:25","date_gmt":"2018-04-02T21:56:25","guid":{"rendered":"http:\/\/www.24baires.com\/?p=101378"},"modified":"2018-04-02T18:56:25","modified_gmt":"2018-04-02T21:56:25","slug":"sabes-que-es-pelear-contra-el-olvido","status":"publish","type":"post","link":"https:\/\/www.24baires.com\/?p=101378","title":{"rendered":"\u00bfSab\u00e9s qu\u00e9 es pelear contra el olvido?"},"content":{"rendered":"<p><img data-recalc-dims=\"1\" loading=\"lazy\" decoding=\"async\" src=\"https:\/\/i0.wp.com\/www.24baires.com\/wp-content\/uploads\/2014\/11\/islas-malvinas_13.jpg?resize=560%2C315\" alt=\"\" width=\"560\" height=\"315\" class=\"aligncenter size-full wp-image-57091\" srcset=\"https:\/\/i0.wp.com\/www.24baires.com\/wp-content\/uploads\/2014\/11\/islas-malvinas_13.jpg?w=560&amp;ssl=1 560w, https:\/\/i0.wp.com\/www.24baires.com\/wp-content\/uploads\/2014\/11\/islas-malvinas_13.jpg?resize=300%2C168&amp;ssl=1 300w\" sizes=\"auto, (max-width: 560px) 100vw, 560px\" \/>\u00bfSab\u00e9s qu\u00e9 es pelear contra el olvido? Cuando ese abandono absoluto se acerca, te atrapa, te cubre, \u00bfqu\u00e9 hac\u00e9s? \u00bfTe corr\u00e9s a un lado y lo dej\u00e1s pasar? Cuando ves que al otro lo hunden en el vac\u00edo y lo cubren con indiferencia para que desaparezca, \u00bfqu\u00e9 hac\u00e9s? Contame, \u00bfvos pele\u00e1s contra el olvido? <!--more--><\/p>\n<p>\u00bfY si no pod\u00e9s olvidar, aunque quieras? Cuando la memoria pincha hasta sangrar. Y si el recuerdo es un desgarro necesario, \u00bftodav\u00eda pelear\u00edas contra el olvido?<br \/>\nPorque no ha de haber tarea m\u00e1s dif\u00edcil que abrir la herida para que la vean, la toquen, la sientan. La entiendan. Para que la aprendan, para que no la repitan, para que no se cierre. Para que no olviden. Para dar batalla a esa otra muerte que quiere devor\u00e1rselo todo.<br \/>\nPor eso es que nuestra memoria sangra. Porque duele. Tiene que doler. Recordar el fr\u00edo y el hambre. Pensar en ese miedo oscuro y pegajoso de la guerra. No necesitar siquiera cerrar lo ojos para ver el rostro del compa\u00f1ero que no volvi\u00f3.<br \/>\nLa piel que recibi\u00f3 esas torturas es la misma, curtida, porque siguieron viviendo. Pero la misma. La que estuvo ah\u00ed, al sur de todo y de todos, expuesta a la noche m\u00e1s oscura. All\u00ed, donde el mar ruge y los piratas mienten, donde la Patria Grande se hace isla. Y pelear. Antes, despu\u00e9s. Siempre. Pelearle al olvido, para que no se mueran de nuevo. Y a la indiferencia, que, como ave de rapi\u00f1a, sobrevuela lista para lastimar con sus garras infieles.<br \/>\nTambi\u00e9n ha de ser dif\u00edcil tener que extra\u00f1ar a tus hijos y tus nietos durante m\u00e1s de 40 a\u00f1os, pero aun as\u00ed hacer de esa llaga inmensa la cuna donde so\u00f1ar los sue\u00f1os que ellos ense\u00f1aron. As\u00ed como buscar a tu hermano, encontrarlo ahogado en un r\u00edo de impunidad y represi\u00f3n, y sostenerte en ese dolor sin fin, y marchar, exigir y buscar justicia, mientras otros quieren silencio.<br \/>\nHay quienes pelean contra el olvido. Por ellos y por los que ya no pueden, para que la historia no la escriban siempre los canallas, con sus letras de molde en su prensa adicta, donde la verdad se ausenta porque las calumnias y las falsedades ocupan todas sus noticias. Los canallas de siempre: los que tiraban personas maniatadas desde un avi\u00f3n, los que mandaron a la barbarie a los pibes hace 36 a\u00f1os, y los que encubrieron una desaparici\u00f3n forzada hace 8 meses.<br \/>\n\u00bfVos sab\u00e9s pelear contra el olvido? Yo quiero aprender de ellas, de ellos. Quiero pararme ah\u00ed, donde duele. Y no me voy a hacer un lado, no voy a dejar pasar al olvido. Me voy a quedar ac\u00e1, del lado de la memoria, dando batalla. Con los que no pueden olvidar, con los que no quieren. Con los que exponen la propia carne para que ni a vos ni a m\u00ed nos visite el infierno que a ellos les cay\u00f3 encima. Lo hacen por nosotros, \u00bfves c\u00f3mo luchan?<br \/>\nEso es pelear contra el olvido, que es la muerte que podemos evitar. Entonces elijo no olvidar. Elijo ejercitar la memoria en la hora triste que gobierna, donde el abuso de poder se ostenta con orgullo, donde la miseria se esparce desde arriba como semilla, y se riega para que crezca. En esta hora triste de la que el Estado es responsable, porque mirar para otro lado es complicidad cuando la perversidad se hace bandera. <\/p>\n","protected":false},"excerpt":{"rendered":"<p>\u00bfSab\u00e9s qu\u00e9 es pelear contra el olvido? Cuando ese abandono absoluto se acerca, te atrapa, te cubre, \u00bfqu\u00e9 hac\u00e9s? \u00bfTe corr\u00e9s a un lado y lo dej\u00e1s pasar? Cuando ves que al otro lo hunden en el vac\u00edo y lo cubren con indiferencia para que desaparezca, \u00bfqu\u00e9 hac\u00e9s? Contame, \u00bfvos pele\u00e1s contra el olvido?<\/p>\n","protected":false},"author":8,"featured_media":0,"comment_status":"open","ping_status":"open","sticky":false,"template":"","format":"standard","meta":{"_jetpack_newsletter_access":"","_jetpack_dont_email_post_to_subs":false,"_jetpack_newsletter_tier_id":0,"_jetpack_memberships_contains_paywalled_content":false,"_jetpack_memberships_contains_paid_content":false,"footnotes":""},"categories":[64],"tags":[],"class_list":["post-101378","post","type-post","status-publish","format-standard","hentry","category-opinion"],"jetpack_featured_media_url":"","jetpack_shortlink":"https:\/\/wp.me\/p2JWE0-qn8","jetpack-related-posts":[{"id":51238,"url":"https:\/\/www.24baires.com\/?p=51238","url_meta":{"origin":101378,"position":0},"title":"El amor venci\u00f3 al odio","author":"Grupo Sierra","date":"05\/08\/2014","format":false,"excerpt":"Un d\u00eda fui a ver una pel\u00edcula al Festival de cine de Mar del Plata, Verdades verdaderas. La historia de la lucha de Estella de Carlotto durante la desaparici\u00f3n de su hija Laura, cuando fue a reconocer su cad\u00e1ver, cuando se enter\u00f3 que Laura estaba embarazada de 6 meses al\u2026","rel":"","context":"En \u00abOpini\u00f3n\u00bb","block_context":{"text":"Opini\u00f3n","link":"https:\/\/www.24baires.com\/?cat=64"},"img":{"alt_text":"carlotto estela","src":"https:\/\/i0.wp.com\/www.24baires.com\/wp-content\/uploads\/2012\/10\/carlotto-estela.jpg?resize=350%2C200","width":350,"height":200,"srcset":"https:\/\/i0.wp.com\/www.24baires.com\/wp-content\/uploads\/2012\/10\/carlotto-estela.jpg?resize=350%2C200 1x, https:\/\/i0.wp.com\/www.24baires.com\/wp-content\/uploads\/2012\/10\/carlotto-estela.jpg?resize=525%2C300 1.5x"},"classes":[]},{"id":78033,"url":"https:\/\/www.24baires.com\/?p=78033","url_meta":{"origin":101378,"position":1},"title":"Con aguantar no alcanza","author":"AF","date":"23\/01\/2016","format":false,"excerpt":"De boxeo no entiendo nada, pero se me ocurre una analog\u00eda, m\u00e1s por literatura que por correlato con la realidad. Porque la literatura siempre es mi refugio posible. Es as\u00ed: somos un peso pesado que ha logrado grandes cosas, pero que ahora se encuentra en un rinc\u00f3n del cuadril\u00e1tero, recibiendo\u2026","rel":"","context":"En \u00abOpini\u00f3n\u00bb","block_context":{"text":"Opini\u00f3n","link":"https:\/\/www.24baires.com\/?cat=64"},"img":{"alt_text":"ring boxeo","src":"https:\/\/i0.wp.com\/www.24baires.com\/wp-content\/uploads\/2016\/01\/ring-boxeo.jpg?resize=350%2C200","width":350,"height":200,"srcset":"https:\/\/i0.wp.com\/www.24baires.com\/wp-content\/uploads\/2016\/01\/ring-boxeo.jpg?resize=350%2C200 1x, https:\/\/i0.wp.com\/www.24baires.com\/wp-content\/uploads\/2016\/01\/ring-boxeo.jpg?resize=525%2C300 1.5x"},"classes":[]},{"id":94277,"url":"https:\/\/www.24baires.com\/?p=94277","url_meta":{"origin":101378,"position":2},"title":"No perdonamos, no olvidamos: no hay reconciliaci\u00f3n posible","author":"AF","date":"04\/05\/2017","format":false,"excerpt":"Dijimos que no perdonamos. Y no perdonamos. Dijimos que no hab\u00eda reconciliaci\u00f3n posible, y no la hubo, jam\u00e1s. Dijimos que no olvidamos, y nosotros ejercitamos la Memoria todos los d\u00edas, por elecci\u00f3n tenemos vedado el acceso al olvido. No mentimos. Tampoco odiamos, por eso buscamos justicia, cobijados bajo el techo\u2026","rel":"","context":"En \u00abOpini\u00f3n\u00bb","block_context":{"text":"Opini\u00f3n","link":"https:\/\/www.24baires.com\/?cat=64"},"img":{"alt_text":"","src":"https:\/\/i0.wp.com\/www.24baires.com\/wp-content\/uploads\/2017\/05\/corte-suprema.jpg?resize=350%2C200","width":350,"height":200,"srcset":"https:\/\/i0.wp.com\/www.24baires.com\/wp-content\/uploads\/2017\/05\/corte-suprema.jpg?resize=350%2C200 1x, https:\/\/i0.wp.com\/www.24baires.com\/wp-content\/uploads\/2017\/05\/corte-suprema.jpg?resize=525%2C300 1.5x"},"classes":[]},{"id":33206,"url":"https:\/\/www.24baires.com\/?p=33206","url_meta":{"origin":101378,"position":3},"title":"Macri, \u00bfolvidos o soberana hipocres\u00eda?","author":"AF","date":"08\/10\/2013","format":false,"excerpt":"Los juicios de valor, o los prejuicios, si se quiere. \u00bfCon qu\u00e9 vara medimos a los dem\u00e1s si no es con la propia? Para animarse a juzgar a alguien, si es que nos arriesgamos a tan osada y eg\u00f3latra empresa, debemos sabernos al margen de sus supuestos yerros y equivocaciones,\u2026","rel":"","context":"En \u00abOpini\u00f3n\u00bb","block_context":{"text":"Opini\u00f3n","link":"https:\/\/www.24baires.com\/?cat=64"},"img":{"alt_text":"macri","src":"https:\/\/i0.wp.com\/www.24baires.com\/wp-content\/uploads\/2013\/10\/macri.jpg?resize=350%2C200","width":350,"height":200,"srcset":"https:\/\/i0.wp.com\/www.24baires.com\/wp-content\/uploads\/2013\/10\/macri.jpg?resize=350%2C200 1x, https:\/\/i0.wp.com\/www.24baires.com\/wp-content\/uploads\/2013\/10\/macri.jpg?resize=525%2C300 1.5x"},"classes":[]},{"id":43211,"url":"https:\/\/www.24baires.com\/?p=43211","url_meta":{"origin":101378,"position":4},"title":"Los promotores del odio de ayer y de hoy, a 32 a\u00f1os de Malvinas","author":"GB","date":"02\/04\/2014","format":false,"excerpt":"Estamos atravesando \u00e9pocas donde algunos se esfuerzan por hacernos creer que hay vidas con m\u00e1s valor que otras. Que hay quienes creen tener, por alg\u00fan circunstancial hecho, potestades sobre las vidas de otros y que esos otros no tienen derechos, al menos no los mismos derechos que nosotros. Y hacen\u2026","rel":"","context":"En \u00abOpini\u00f3n\u00bb","block_context":{"text":"Opini\u00f3n","link":"https:\/\/www.24baires.com\/?cat=64"},"img":{"alt_text":"MALVINAS2","src":"https:\/\/i0.wp.com\/www.24baires.com\/wp-content\/uploads\/2014\/04\/MALVINAS2.jpg?resize=350%2C200","width":350,"height":200,"srcset":"https:\/\/i0.wp.com\/www.24baires.com\/wp-content\/uploads\/2014\/04\/MALVINAS2.jpg?resize=350%2C200 1x, https:\/\/i0.wp.com\/www.24baires.com\/wp-content\/uploads\/2014\/04\/MALVINAS2.jpg?resize=525%2C300 1.5x"},"classes":[]},{"id":663,"url":"https:\/\/www.24baires.com\/?p=663","url_meta":{"origin":101378,"position":5},"title":"Homenajearon a alumnos y docentes desaparecidos del Normal 1 de La Plata","author":"Grupo Sierra","date":"28\/09\/2012","format":false,"excerpt":"El secretario de Derechos Humanos, Guido Carlotto, particip\u00f3 de acto en el que se descubri\u00f3 una placa en homenaje a las v\u00edctimas del terrorismo de Estado 1976-83 del Normal 1, entre las que se encuentra su hermana Laura. Estela de Carlotto cerr\u00f3 la jornada de la que participaron estudiantes, docentes,\u2026","rel":"","context":"En \u00abMemoria\u00bb","block_context":{"text":"Memoria","link":"https:\/\/www.24baires.com\/?cat=50"},"img":{"alt_text":"","src":"","width":0,"height":0},"classes":[]}],"jetpack_sharing_enabled":true,"jetpack_likes_enabled":true,"_links":{"self":[{"href":"https:\/\/www.24baires.com\/index.php?rest_route=\/wp\/v2\/posts\/101378","targetHints":{"allow":["GET"]}}],"collection":[{"href":"https:\/\/www.24baires.com\/index.php?rest_route=\/wp\/v2\/posts"}],"about":[{"href":"https:\/\/www.24baires.com\/index.php?rest_route=\/wp\/v2\/types\/post"}],"author":[{"embeddable":true,"href":"https:\/\/www.24baires.com\/index.php?rest_route=\/wp\/v2\/users\/8"}],"replies":[{"embeddable":true,"href":"https:\/\/www.24baires.com\/index.php?rest_route=%2Fwp%2Fv2%2Fcomments&post=101378"}],"version-history":[{"count":1,"href":"https:\/\/www.24baires.com\/index.php?rest_route=\/wp\/v2\/posts\/101378\/revisions"}],"predecessor-version":[{"id":101379,"href":"https:\/\/www.24baires.com\/index.php?rest_route=\/wp\/v2\/posts\/101378\/revisions\/101379"}],"wp:attachment":[{"href":"https:\/\/www.24baires.com\/index.php?rest_route=%2Fwp%2Fv2%2Fmedia&parent=101378"}],"wp:term":[{"taxonomy":"category","embeddable":true,"href":"https:\/\/www.24baires.com\/index.php?rest_route=%2Fwp%2Fv2%2Fcategories&post=101378"},{"taxonomy":"post_tag","embeddable":true,"href":"https:\/\/www.24baires.com\/index.php?rest_route=%2Fwp%2Fv2%2Ftags&post=101378"}],"curies":[{"name":"wp","href":"https:\/\/api.w.org\/{rel}","templated":true}]}}