{"id":101313,"date":"2018-03-27T18:00:10","date_gmt":"2018-03-27T21:00:10","guid":{"rendered":"http:\/\/www.24baires.com\/?p=101313"},"modified":"2018-03-27T18:35:58","modified_gmt":"2018-03-27T21:35:58","slug":"menos-escuelas-menos-maestros","status":"publish","type":"post","link":"https:\/\/www.24baires.com\/?p=101313","title":{"rendered":"Menos escuelas, menos maestros"},"content":{"rendered":"<p><img data-recalc-dims=\"1\" loading=\"lazy\" decoding=\"async\" class=\"aligncenter size-full wp-image-101314\" src=\"https:\/\/i0.wp.com\/www.24baires.com\/wp-content\/uploads\/2018\/03\/vidal-1.jpg?resize=560%2C314\" alt=\"\" width=\"560\" height=\"314\" srcset=\"https:\/\/i0.wp.com\/www.24baires.com\/wp-content\/uploads\/2018\/03\/vidal-1.jpg?w=560&amp;ssl=1 560w, https:\/\/i0.wp.com\/www.24baires.com\/wp-content\/uploads\/2018\/03\/vidal-1.jpg?resize=300%2C168&amp;ssl=1 300w\" sizes=\"auto, (max-width: 560px) 100vw, 560px\" \/>Los gremios docentes denuncian que la Gobernadora de la Provincia de Buenos Aires, Mar\u00eda Eugenia Vidal, acaba de jubilar de oficio a m\u00e1s de tres mil trabajadores y trabajadoras de la educaci\u00f3n. Esto fue publicado en el Bolet\u00edn Oficial hace pocos d\u00edas: las y los trabajadores que ser\u00e1n jubilados aun no fueron notificados formalmente, y las clases, como sabemos, comenzaron hace tiempo. <!--more--><\/p>\n<p>Esta medida, de una arbitrariedad propia de la Gobernadora, afecta a docentes que ya hayan cumplido los 60 a\u00f1os de edad y posean 30 de servicio y har\u00e1 que pierdan un 40% del sueldo que percib\u00edan. Tampoco cobrar\u00e1n el aguinaldo ni los aumentos que, alg\u00fan d\u00eda, se resuelvan en la negociaci\u00f3n paritaria provincial, ni hacer uso de la obra social (IOMA) hasta que no finalicen los tr\u00e1mites que, recordemos, los obligan a atravesar. Son cargos jer\u00e1rquicos en muchos de los casos, inspectores y directores que dejar\u00e1n espacios que tardar\u00e1n largo tiempo en ocuparse mediante el llamado y realizaci\u00f3n de concursos.<br \/>\nNo es nuevo elegir enemigos en pol\u00edtica, el kirchnerismo lo hizo durante m\u00e1s de una d\u00e9cada. Pero la fuerza pol\u00edtica que gobern\u00f3 el pa\u00eds por m\u00e1s de 12 a\u00f1os coloc\u00f3 en frente a poderosos, como Clar\u00edn y los medios hegem\u00f3nicos, o los sectores m\u00e1s acaudalados del campo. Vidal elije estigmatizar a los maestros y maestras que tienen la suprema tarea de formar e instruir a los pibes y pibas de nuestro pa\u00eds.<br \/>\nCambiemos se muestra fuerte con los d\u00e9biles, siempre. Mientras a los grandes de verdad, a los que ostentan el poder real, les condona deudas multimillonarias, como hizo con las mineras, el campo, Franco Macri y dem\u00e1s parientes. Les soba el lomo y los venera, como al FMI y Trump. Hab\u00eda que pararse en la ONU y cantarle cuatro frescas al presidente m\u00e1s influyente del mundo en la cara, pero \u00e9sas eran otras \u00e9pocas. Pero ellos no, ellos elijen demonizar a las maestras y culparlas de todas las falencias del sistema educativo, mientras el Estado cierra escuelas. Vidal prefiere de enemigo a los maestros, y los agrede. Maltrata a todos los empleados estatales, poniendo en riesgo la cobertura del sistema de salud que, con regularidad religiosa, todos los meses les realiza el respectivo descuento en el sueldo.<br \/>\nLuego de esta nueva provocaci\u00f3n, donde el gobierno jubila de oficio a miles de docentes, pero tambi\u00e9n despu\u00e9s de las reuniones en el marco de las paritarias, donde no se realizaron ofertas serias, sino crueles burlas, los gremios que nuclean a los docentes anunciaron una nueva medida de fuerza.<br \/>\nEste martes, junto a judiciales, trabajadores de la salud y otros gremios estatales inauguraron una carpa blanca frente a la gobernaci\u00f3n provincial y anunciaron un paro en conjunto para el jueves 5 de abril. Es menester se\u00f1alar que muchos de estos gremios estatales a\u00fan esperan ser convocados por el gobierno para empezar a negociar salarios. Y eso, finalizando marzo, no es un dato a soslayar.<br \/>\nMenos escuelas, menos maestros. Y salarios de miseria. Y ajustes permanentes, tarifazos impagables. E Inflaci\u00f3n. Y agravios, desprecio y violencia. Todo el tiempo. Y desocupaci\u00f3n, a grandes escalas. Se viene un invierno largo y duro de la mano de quienes nos gobiernan, que, sabemos, podr\u00e1n subir la calefacci\u00f3n cuanto quieran.<\/p>\n","protected":false},"excerpt":{"rendered":"<p>Los gremios docentes denuncian que la Gobernadora de la Provincia de Buenos Aires, Mar\u00eda Eugenia Vidal, acaba de jubilar de oficio a m\u00e1s de tres mil trabajadores y trabajadoras de la educaci\u00f3n. Esto fue publicado en el Bolet\u00edn Oficial hace pocos d\u00edas: las y los trabajadores que ser\u00e1n jubilados aun no fueron notificados formalmente, y las clases, como sabemos, comenzaron [&#8230;]<\/p>\n","protected":false},"author":4,"featured_media":0,"comment_status":"open","ping_status":"open","sticky":false,"template":"","format":"standard","meta":{"_jetpack_newsletter_access":"","_jetpack_dont_email_post_to_subs":false,"_jetpack_newsletter_tier_id":0,"_jetpack_memberships_contains_paywalled_content":false,"_jetpack_memberships_contains_paid_content":false,"footnotes":""},"categories":[64],"tags":[],"class_list":["post-101313","post","type-post","status-publish","format-standard","hentry","category-opinion"],"jetpack_featured_media_url":"","jetpack_shortlink":"https:\/\/wp.me\/p2JWE0-qm5","jetpack-related-posts":[{"id":104792,"url":"https:\/\/www.24baires.com\/?p=104792","url_meta":{"origin":101313,"position":0},"title":"Provincia convocan a estatales y docentes","author":"GB","date":"05\/10\/2018","format":false,"excerpt":"Notific\u00f3 a los sindicatos que a lo largo de la pr\u00f3xima semana se sentar\u00e1 a discutir salarios. El ministro de Trabajo, Marcelo Villegas, neg\u00f3 que \u201cen modo alguno\u201d se haya cerrado la paritaria, como afirman desde el Frente de Unidad Docente. El ministro de Trabajo, Marcelo Villegas, neg\u00f3 enf\u00e1ticamente que\u2026","rel":"","context":"En \u00abProvincia\u00bb","block_context":{"text":"Provincia","link":"https:\/\/www.24baires.com\/?cat=40"},"img":{"alt_text":"","src":"https:\/\/i0.wp.com\/www.24baires.com\/wp-content\/uploads\/2018\/10\/marcelo-villegas.jpg?resize=350%2C200","width":350,"height":200,"srcset":"https:\/\/i0.wp.com\/www.24baires.com\/wp-content\/uploads\/2018\/10\/marcelo-villegas.jpg?resize=350%2C200 1x, https:\/\/i0.wp.com\/www.24baires.com\/wp-content\/uploads\/2018\/10\/marcelo-villegas.jpg?resize=525%2C300 1.5x"},"classes":[]},{"id":103012,"url":"https:\/\/www.24baires.com\/?p=103012","url_meta":{"origin":101313,"position":1},"title":"Vidal anunciar\u00e1 medidas para jubilaciones y asignaciones","author":"GB","date":"27\/06\/2018","format":false,"excerpt":"La gobernadora bonaerense encabezar\u00e1 un acto en Casa de Gobierno donde dar\u00e1 a conocer un paquete de acciones destinadas a trabajadores estatales y el sector pasivo. El objetivo del gobierno es descomprimir el descontento ante la inflaci\u00f3n y tarifazos. La gobernadora de la provincia de Buenos Aires, Mar\u00eda Eugenia Vidal,\u2026","rel":"","context":"En \u00abProvincia\u00bb","block_context":{"text":"Provincia","link":"https:\/\/www.24baires.com\/?cat=40"},"img":{"alt_text":"","src":"https:\/\/i0.wp.com\/www.24baires.com\/wp-content\/uploads\/2018\/03\/vidal-1.jpg?resize=350%2C200","width":350,"height":200,"srcset":"https:\/\/i0.wp.com\/www.24baires.com\/wp-content\/uploads\/2018\/03\/vidal-1.jpg?resize=350%2C200 1x, https:\/\/i0.wp.com\/www.24baires.com\/wp-content\/uploads\/2018\/03\/vidal-1.jpg?resize=525%2C300 1.5x"},"classes":[]},{"id":101595,"url":"https:\/\/www.24baires.com\/?p=101595","url_meta":{"origin":101313,"position":2},"title":"La Justicia suspendi\u00f3 las jubilaciones de oficio a docentes dictadas por Provincia","author":"AF","date":"13\/04\/2018","format":false,"excerpt":"La Justicia platense suspendi\u00f3 hoy las jubilaciones de m\u00e1s de tres mil docentes resueltas de oficio por el Gobierno bonaerense a principios de a\u00f1o, y dispuso el cese inmediato de las notificaciones. La orden fue dictada por el Juzgado Contencioso Administrativo N\u00b0 3 de La Plata, a cargo de Jos\u00e9\u2026","rel":"","context":"En \u00abSociedad\u00bb","block_context":{"text":"Sociedad","link":"https:\/\/www.24baires.com\/?cat=1"},"img":{"alt_text":"","src":"https:\/\/i0.wp.com\/www.24baires.com\/wp-content\/uploads\/2017\/04\/salarios-docentes.jpg?resize=350%2C200","width":350,"height":200,"srcset":"https:\/\/i0.wp.com\/www.24baires.com\/wp-content\/uploads\/2017\/04\/salarios-docentes.jpg?resize=350%2C200 1x, https:\/\/i0.wp.com\/www.24baires.com\/wp-content\/uploads\/2017\/04\/salarios-docentes.jpg?resize=525%2C300 1.5x"},"classes":[]},{"id":98865,"url":"https:\/\/www.24baires.com\/?p=98865","url_meta":{"origin":101313,"position":3},"title":"\u201cJubilarse ser\u00e1 equivalente a caer en la miseria\u201d","author":"AF","date":"21\/11\/2017","format":false,"excerpt":"La Uni\u00f3n de Trabajadores de la Educaci\u00f3n se declar\u00f3 en estado de alerta y movilizaci\u00f3n frente al \u201cataque a la jubilaci\u00f3n docente\u201d que implica la reforma previsional impulsada por el Gobierno. Afirmaron que se destruir\u00e1 la movilidad de los haberes al disociarlos de los aumentos salariales, lo que adem\u00e1s impactar\u00e1\u2026","rel":"","context":"En \u00abSociedad\u00bb","block_context":{"text":"Sociedad","link":"https:\/\/www.24baires.com\/?cat=1"},"img":{"alt_text":"","src":"https:\/\/i0.wp.com\/www.24baires.com\/wp-content\/uploads\/2017\/11\/docentes.jpg?resize=350%2C200","width":350,"height":200,"srcset":"https:\/\/i0.wp.com\/www.24baires.com\/wp-content\/uploads\/2017\/11\/docentes.jpg?resize=350%2C200 1x, https:\/\/i0.wp.com\/www.24baires.com\/wp-content\/uploads\/2017\/11\/docentes.jpg?resize=525%2C300 1.5x"},"classes":[]},{"id":25712,"url":"https:\/\/www.24baires.com\/?p=25712","url_meta":{"origin":101313,"position":4},"title":"Jubilados y pensionados bonaerenses comenzar\u00e1n a cobrar el aguinaldo el jueves 27","author":"AF","date":"12\/06\/2013","format":false,"excerpt":"El presidente del Instituto de Previsi\u00f3n Social (IPS), Mariano Cascallares, anunci\u00f3 que dicho organismo comenzar\u00e1 a abonar antes de fin de mes el Sueldo Anual Complementario (SAC) conjuntamente con los haberes de junio a los jubilados y pensionados. Cascallares destac\u00f3 la importancia de \"cumplir\" \u2013como en el 2012- con el\u2026","rel":"","context":"En \u00abSociedad\u00bb","block_context":{"text":"Sociedad","link":"https:\/\/www.24baires.com\/?cat=1"},"img":{"alt_text":"","src":"","width":0,"height":0},"classes":[]},{"id":101977,"url":"https:\/\/www.24baires.com\/?p=101977","url_meta":{"origin":101313,"position":5},"title":"Docentes denunciaron que las jubilaciones de oficio son m\u00e1s de 3 mil","author":"GB","date":"05\/05\/2018","format":false,"excerpt":"A trav\u00e9s de un informe, desmintieron al Ministerio de Educaci\u00f3n bonaerense, que asegur\u00f3 que la medida alcanzaba s\u00f3lo a 136 trabajadores. La Justicia suspendi\u00f3 la medida en abril. El Frente de Unidad Docente bonaerense denunci\u00f3 que el gobierno de Mar\u00eda Eugenia Vidal jubil\u00f3 de oficio a m\u00e1s de 3000 docentes\u2026","rel":"","context":"En \u00abProvincia\u00bb","block_context":{"text":"Provincia","link":"https:\/\/www.24baires.com\/?cat=40"},"img":{"alt_text":"","src":"https:\/\/i0.wp.com\/www.24baires.com\/wp-content\/uploads\/2017\/10\/docentes-prov.jpg?resize=350%2C200","width":350,"height":200,"srcset":"https:\/\/i0.wp.com\/www.24baires.com\/wp-content\/uploads\/2017\/10\/docentes-prov.jpg?resize=350%2C200 1x, https:\/\/i0.wp.com\/www.24baires.com\/wp-content\/uploads\/2017\/10\/docentes-prov.jpg?resize=525%2C300 1.5x"},"classes":[]}],"jetpack_sharing_enabled":true,"jetpack_likes_enabled":true,"_links":{"self":[{"href":"https:\/\/www.24baires.com\/index.php?rest_route=\/wp\/v2\/posts\/101313","targetHints":{"allow":["GET"]}}],"collection":[{"href":"https:\/\/www.24baires.com\/index.php?rest_route=\/wp\/v2\/posts"}],"about":[{"href":"https:\/\/www.24baires.com\/index.php?rest_route=\/wp\/v2\/types\/post"}],"author":[{"embeddable":true,"href":"https:\/\/www.24baires.com\/index.php?rest_route=\/wp\/v2\/users\/4"}],"replies":[{"embeddable":true,"href":"https:\/\/www.24baires.com\/index.php?rest_route=%2Fwp%2Fv2%2Fcomments&post=101313"}],"version-history":[{"count":1,"href":"https:\/\/www.24baires.com\/index.php?rest_route=\/wp\/v2\/posts\/101313\/revisions"}],"predecessor-version":[{"id":101315,"href":"https:\/\/www.24baires.com\/index.php?rest_route=\/wp\/v2\/posts\/101313\/revisions\/101315"}],"wp:attachment":[{"href":"https:\/\/www.24baires.com\/index.php?rest_route=%2Fwp%2Fv2%2Fmedia&parent=101313"}],"wp:term":[{"taxonomy":"category","embeddable":true,"href":"https:\/\/www.24baires.com\/index.php?rest_route=%2Fwp%2Fv2%2Fcategories&post=101313"},{"taxonomy":"post_tag","embeddable":true,"href":"https:\/\/www.24baires.com\/index.php?rest_route=%2Fwp%2Fv2%2Ftags&post=101313"}],"curies":[{"name":"wp","href":"https:\/\/api.w.org\/{rel}","templated":true}]}}