{"id":10124,"date":"2012-12-22T14:13:27","date_gmt":"2012-12-22T17:13:27","guid":{"rendered":"http:\/\/www.24baires.com\/?p=10124"},"modified":"2012-12-22T14:16:19","modified_gmt":"2012-12-22T17:16:19","slug":"organizaciones-de-dd-hh-estos-hechos-nos-retrotraen-a-una-argentina-a-la-que-no-queremos-volver","status":"publish","type":"post","link":"https:\/\/www.24baires.com\/?p=10124","title":{"rendered":"Estos hechos \u00abnos retrotraen a una Argentina a la que no queremos volver\u00bb"},"content":{"rendered":"<p>Los organismos de derechos humanos repudiaron los ataques a supermercados en distintos puntos del pa\u00eds y exhortaron a la Justicia a \u00abencontrar a los responsables ideol\u00f3gicos y materiales\u00bb.<!--more--><\/p>\n<p>En un comunicado conjunto firmado por Abuelas de Plaza de Mayo, Madres de Plaza de Mayo -L\u00ednea Fundadora-, Familiares de Detenidos y Desaparecidos por Razones Pol\u00edticas e H.I.J.O.S., los organismos expresaron que los acontecimientos ocurridos este viernes en diferentes localidades \u00abnos retrotraen a la Argentina a la que no queremos volver\u00bb.<\/p>\n<p>\u00abEsta suceci\u00f3n de acontecimientos, que a la luz del d\u00eda no parecen espont\u00e1neos sino sugestivamente organizados, nos retrotraen a una Argentina a la que no queremos volver y de la cual hemos salido gracias al trabajo y al esfuerzo de cada uno de todos los que luchamos d\u00eda a d\u00eda por la democracia\u00bb, se\u00f1alaron.<br \/>\nEn ese contexto, subrayaron que \u00ablos argentinos amamos y valoramos la democracia y la vamos a defender, a diferencia de aquellos que atentan contra ella, que buscan el regreso de los noventa organizando saqueos, disturbios y manifestaciones en diferentes lugares del pa\u00eds\u00bb.<\/p>\n<p>Adem\u00e1s exhortaron a la justicia a \u00abencontrar a los responsables ideol\u00f3gicos y materiales a fin de que serenemos los \u00e1nimos y brindemos por un nuevo a\u00f1o sin miedos ni est\u00e9riles enfrentamientos\u00bb.<\/p>\n<p>Por \u00faltimo, exigieron \u00abel esclarecimiento inmediato de las dos muertes provocadas por los hechos de violencia\u00bb.<\/p>\n<p>&nbsp;<\/p>\n<p>&nbsp;<\/p>\n<p>&nbsp;<\/p>\n<p>&nbsp;<\/p>\n<p>&nbsp;<\/p>\n<p>&nbsp;<\/p>\n<p>&nbsp;<\/p>\n<p>&nbsp;<\/p>\n<p>&nbsp;<\/p>\n<p>&nbsp;<\/p>\n<p>&nbsp;<\/p>\n<p>&nbsp;<\/p>\n<p>&nbsp;<\/p>\n<p>&nbsp;<\/p>\n<p>&nbsp;<\/p>\n<p>&nbsp;<\/p>\n<p>&nbsp;<\/p>\n<p>&nbsp;<\/p>\n<p>&nbsp;<\/p>\n<p>&nbsp;<\/p>\n<p>&nbsp;<\/p>\n","protected":false},"excerpt":{"rendered":"<p>Los organismos de derechos humanos repudiaron los ataques a supermercados en distintos puntos del pa\u00eds y exhortaron a la Justicia a \u00abencontrar a los responsables ideol\u00f3gicos y materiales\u00bb.<\/p>\n","protected":false},"author":4,"featured_media":0,"comment_status":"open","ping_status":"open","sticky":false,"template":"","format":"standard","meta":{"_jetpack_newsletter_access":"","_jetpack_dont_email_post_to_subs":false,"_jetpack_newsletter_tier_id":0,"_jetpack_memberships_contains_paywalled_content":false,"_jetpack_memberships_contains_paid_content":false,"footnotes":""},"categories":[1],"tags":[],"class_list":["post-10124","post","type-post","status-publish","format-standard","hentry","category-sociedad"],"jetpack_featured_media_url":"","jetpack_shortlink":"https:\/\/wp.me\/p2JWE0-2Di","jetpack-related-posts":[{"id":100988,"url":"https:\/\/www.24baires.com\/?p=100988","url_meta":{"origin":10124,"position":0},"title":"El FPV quiere retrotraer las tarifas de servicios p\u00fablicos a valores diciembre y congelar precios por un a\u00f1o","author":"GB","date":"12\/03\/2018","format":false,"excerpt":"El proyecto plantea retrotraer los precios a valores de diciembre de 2017 e impedir aumentos en todo este a\u00f1o. Los tarifazos se hacen sentir y el dinero cada vez le alcanza menos a los argentinos. Por eso, desde el bloque de diputados del FPV-PJ presentaron un proyecto de ley para\u2026","rel":"","context":"En \u00abPol\u00edtica\u00bb","block_context":{"text":"Pol\u00edtica","link":"https:\/\/www.24baires.com\/?cat=51"},"img":{"alt_text":"","src":"https:\/\/i0.wp.com\/www.24baires.com\/wp-content\/uploads\/2016\/08\/contra-tarifazo.jpg?resize=350%2C200","width":350,"height":200,"srcset":"https:\/\/i0.wp.com\/www.24baires.com\/wp-content\/uploads\/2016\/08\/contra-tarifazo.jpg?resize=350%2C200 1x, https:\/\/i0.wp.com\/www.24baires.com\/wp-content\/uploads\/2016\/08\/contra-tarifazo.jpg?resize=525%2C300 1.5x"},"classes":[]},{"id":39824,"url":"https:\/\/www.24baires.com\/?p=39824","url_meta":{"origin":10124,"position":1},"title":"\u00abEl precio de la carne debe retrotraerse por estar desvinculado del tipo de cambio\u00bb","author":"GB","date":"04\/02\/2014","format":false,"excerpt":"\"El precio de la carne deber\u00e1 retrotraerse a valores que registraba al menos diez d\u00edas atr\u00e1s al no haber vinculaci\u00f3n con la pol\u00edtica cambiaria que lleva adelante el Gobierno\", asegur\u00f3 hoy el Jefe de Gabinete, Jorge Capitanich, al referirse a los recientes aumentos detectados en carnicer\u00edas. En su habitual conferencia\u2026","rel":"","context":"En \u00abEconom\u00eda\u00bb","block_context":{"text":"Econom\u00eda","link":"https:\/\/www.24baires.com\/?cat=45"},"img":{"alt_text":"","src":"","width":0,"height":0},"classes":[]},{"id":49079,"url":"https:\/\/www.24baires.com\/?p=49079","url_meta":{"origin":10124,"position":2},"title":"Costa celebr\u00f3 la \u00abbaja en el precio de medicamentos\u00bb","author":"Grupo Sierra","date":"01\/07\/2014","format":false,"excerpt":"El secretario de Comercio dijo que los laboratorios adhirieron en su mayor\u00eda la medida de retrotraer los precios de los medicamentos. \"Estamos muy contentos\", asegur\u00f3. \"Estamos muy contentos porque gran parte de los laboratorios han acatado la decisi\u00f3n de la Secretar\u00eda de Comercio y han retrotra\u00eddo los precios, efectivamente hubo\u2026","rel":"","context":"En \u00abEconom\u00eda\u00bb","block_context":{"text":"Econom\u00eda","link":"https:\/\/www.24baires.com\/?cat=45"},"img":{"alt_text":"medicamentos","src":"https:\/\/i0.wp.com\/www.24baires.com\/wp-content\/uploads\/2013\/03\/medicamentos1.jpg?resize=350%2C200","width":350,"height":200,"srcset":"https:\/\/i0.wp.com\/www.24baires.com\/wp-content\/uploads\/2013\/03\/medicamentos1.jpg?resize=350%2C200 1x, https:\/\/i0.wp.com\/www.24baires.com\/wp-content\/uploads\/2013\/03\/medicamentos1.jpg?resize=525%2C300 1.5x"},"classes":[]},{"id":102446,"url":"https:\/\/www.24baires.com\/?p=102446","url_meta":{"origin":10124,"position":3},"title":"El Senado busca congelar el tarifazo","author":"AF","date":"30\/05\/2018","format":false,"excerpt":"Bajo la sombra del anunciado veto del presidente Mauricio Macri, los senadores debaten el proyecto opositor que busca congelar los aumentos tarifarios en los servicios p\u00fablicos y retrotraer las facturas a noviembre de 2017. El interbloque Argentina Federal ya confirm\u00f3 que votar\u00e1 la iniciativa consensuada por la mayor\u00eda de la\u2026","rel":"","context":"En \u00abPol\u00edtica\u00bb","block_context":{"text":"Pol\u00edtica","link":"https:\/\/www.24baires.com\/?cat=51"},"img":{"alt_text":"","src":"https:\/\/i0.wp.com\/www.24baires.com\/wp-content\/uploads\/2016\/08\/contra-tarifazo.jpg?resize=350%2C200","width":350,"height":200,"srcset":"https:\/\/i0.wp.com\/www.24baires.com\/wp-content\/uploads\/2016\/08\/contra-tarifazo.jpg?resize=350%2C200 1x, https:\/\/i0.wp.com\/www.24baires.com\/wp-content\/uploads\/2016\/08\/contra-tarifazo.jpg?resize=525%2C300 1.5x"},"classes":[]},{"id":48724,"url":"https:\/\/www.24baires.com\/?p=48724","url_meta":{"origin":10124,"position":4},"title":"Cristina: \u00abLos aumentos de precios de laboratorios violan acuerdos\u00bb","author":"Grupo Sierra","date":"25\/06\/2014","format":false,"excerpt":"La presidenta afirm\u00f3 que los laboratorios decidieron en el mes pasado aumentos de precios en los medicamentos de manera unilateral, violando el acuerdo alcanzado con la Secretar\u00eda de Comercio, y que por ese motivo el Gobierno les orden\u00f3 retrotraer a los valores vigentes al 7 de mayo pasado. A trav\u00e9s\u2026","rel":"","context":"En \u00abGeneral\u00bb","block_context":{"text":"General","link":"https:\/\/www.24baires.com\/?cat=67"},"img":{"alt_text":"cristina twitter","src":"https:\/\/i0.wp.com\/www.24baires.com\/wp-content\/uploads\/2014\/06\/cristina-twitter.jpg?resize=350%2C200","width":350,"height":200,"srcset":"https:\/\/i0.wp.com\/www.24baires.com\/wp-content\/uploads\/2014\/06\/cristina-twitter.jpg?resize=350%2C200 1x, https:\/\/i0.wp.com\/www.24baires.com\/wp-content\/uploads\/2014\/06\/cristina-twitter.jpg?resize=525%2C300 1.5x"},"classes":[]},{"id":102289,"url":"https:\/\/www.24baires.com\/?p=102289","url_meta":{"origin":10124,"position":5},"title":"El proyecto contra el tarifazo obtuvo dictamen y ser\u00e1 tratado en el Senado","author":"AF","date":"22\/05\/2018","format":false,"excerpt":"Los legisladores opositores avanzaron con la iniciativa para retrotraer las tarifas de servicios a antes de los aumentos aplicados por la gesti\u00f3n de Macri en 2018. El proyecto de ley impulsado por la oposici\u00f3n para retrotraer las tarifas al 1\u00ba de enero de 2018 obtuvo dictamen este martes en un\u2026","rel":"","context":"En \u00abPol\u00edtica\u00bb","block_context":{"text":"Pol\u00edtica","link":"https:\/\/www.24baires.com\/?cat=51"},"img":{"alt_text":"","src":"https:\/\/i0.wp.com\/www.24baires.com\/wp-content\/uploads\/2016\/08\/contra-tarifazo.jpg?resize=350%2C200","width":350,"height":200,"srcset":"https:\/\/i0.wp.com\/www.24baires.com\/wp-content\/uploads\/2016\/08\/contra-tarifazo.jpg?resize=350%2C200 1x, https:\/\/i0.wp.com\/www.24baires.com\/wp-content\/uploads\/2016\/08\/contra-tarifazo.jpg?resize=525%2C300 1.5x"},"classes":[]}],"jetpack_sharing_enabled":true,"jetpack_likes_enabled":true,"_links":{"self":[{"href":"https:\/\/www.24baires.com\/index.php?rest_route=\/wp\/v2\/posts\/10124","targetHints":{"allow":["GET"]}}],"collection":[{"href":"https:\/\/www.24baires.com\/index.php?rest_route=\/wp\/v2\/posts"}],"about":[{"href":"https:\/\/www.24baires.com\/index.php?rest_route=\/wp\/v2\/types\/post"}],"author":[{"embeddable":true,"href":"https:\/\/www.24baires.com\/index.php?rest_route=\/wp\/v2\/users\/4"}],"replies":[{"embeddable":true,"href":"https:\/\/www.24baires.com\/index.php?rest_route=%2Fwp%2Fv2%2Fcomments&post=10124"}],"version-history":[{"count":3,"href":"https:\/\/www.24baires.com\/index.php?rest_route=\/wp\/v2\/posts\/10124\/revisions"}],"predecessor-version":[{"id":10130,"href":"https:\/\/www.24baires.com\/index.php?rest_route=\/wp\/v2\/posts\/10124\/revisions\/10130"}],"wp:attachment":[{"href":"https:\/\/www.24baires.com\/index.php?rest_route=%2Fwp%2Fv2%2Fmedia&parent=10124"}],"wp:term":[{"taxonomy":"category","embeddable":true,"href":"https:\/\/www.24baires.com\/index.php?rest_route=%2Fwp%2Fv2%2Fcategories&post=10124"},{"taxonomy":"post_tag","embeddable":true,"href":"https:\/\/www.24baires.com\/index.php?rest_route=%2Fwp%2Fv2%2Ftags&post=10124"}],"curies":[{"name":"wp","href":"https:\/\/api.w.org\/{rel}","templated":true}]}}