{"id":10113,"date":"2012-12-22T12:56:22","date_gmt":"2012-12-22T15:56:22","guid":{"rendered":"http:\/\/www.24baires.com\/?p=10113"},"modified":"2012-12-22T12:56:22","modified_gmt":"2012-12-22T15:56:22","slug":"reunion-de-intendentes-con-alicia-kirchner-para-implementar-plan-alimentario","status":"publish","type":"post","link":"https:\/\/www.24baires.com\/?p=10113","title":{"rendered":"Reuni\u00f3n de Intendentes con Alicia Kirchner para implementar Plan Alimentario"},"content":{"rendered":"<div>\n<div>\n<p>Numerosos intendentes del Conurbano, recibieron de manos de la ministra de Desarrollo de la naci\u00f3n,\u00a0Alicia Kirchner, las \u00f3rdenes de pago para la implementaci\u00f3n del\u00a0<strong>Plan Nacional de Seguridad Alimentaria\u00a0<\/strong>(PNSA).<strong><!--more--><\/strong><\/p>\n<\/div>\n<\/div>\n<div>\u00a0La ministra de Desarrollo Social de la naci\u00f3n, Alicia Kirchner, recibi\u00f3 en su despacho a numerosos intendentes del Conurbano, a quienes les entreg\u00f3 \u00f3rdenes de pago para la implementaci\u00f3n del Plan Nacional de Seguridad Alimentaria (PNSA).<\/div>\n<p>El PNSA fue creado con el objetivo de posibilitar el acceso de la poblaci\u00f3n en situaci\u00f3n de vulnerabilidad social a una alimentaci\u00f3n adecuada, suficiente y acorde a las particularidades y costumbres de cada regi\u00f3n del pa\u00eds, garantizando la disponibilidad de alimentos, una buena selecci\u00f3n y correcta elaboraci\u00f3n, manipulaci\u00f3n y conservaci\u00f3n, junto a una adecuada distribuci\u00f3n dentro del grupo familiar.<br \/>\nPara poder implementar este programa en el municipio de Lomas de Zamora, la ministra le entreg\u00f3 a al intendente Mart\u00edn Insaurralde una orden de pago de 9 millones de pesos, como primera parte de un monto total que abarca m\u00e1s de 54 millones de pesos.<br \/>\nEn este sentido, el jefe comunal lomense expres\u00f3 que \u201cmediante este tipo de programas se busca asistir a los vecinos en situaci\u00f3n de vulnerabilidad social\u201d, y destac\u00f3 que \u201ca partir de distintas herramientas que garantiza el Gobierno Nacional se puede abordar territorialmente la problem\u00e1tica alimentaria\u201d.<br \/>\nUna de las iniciativas en este sentido es la implementaci\u00f3n del sistema de pago electr\u00f3nico en comercios por medio de la \u201cTarjeta Ticket Naci\u00f3n\u201d emitida por el Banco de la Naci\u00f3n Argentina, que permite comprar en una gran cantidad de comercios a los beneficiarios. Este sistema le da la oportunidad al vecino decidir que alimentos consumir, y adem\u00e1s, gozar de la opci\u00f3n de consumir alimentos frescos.<br \/>\n\u201cEste aporte al Municipio es una nueva muestra del camino de inclusi\u00f3n y crecimiento que busca atender las necesidades de los m\u00e1s humildes. Continuaremos profundizando cada d\u00eda m\u00e1s este proyecto de inserci\u00f3n social llevado adelante por nuestra Presidenta\u201d, se\u00f1al\u00f3 Insaurralde durante la jornada.<br \/>\nDe la reuni\u00f3n, en representaci\u00f3n de los municipios participaron junto a Insaurralde, Jorge Ferraresi (Avellaneda), Juan Patricio Mussi (Berazategui), Dar\u00edo Giustozzi (Almirante Brown), An\u00edbal Regueiro (Presidente Per\u00f3n), Francisco Guti\u00e9rrez (Quilmes), Daniel Di Sabatino (San Vicente), Lucas Ghi (Mor\u00f3n), Alberto Descalzo (Ituzaingo), Hugo Curto (3 de Febrero), Alberto Ishii (Jos\u00e9 C. Paz), Humberto Z\u00faccaro (Pilar), Enrique Slezak (Berisso),y Mario Secco (Ensenada).<\/p>\n<p>&nbsp;<\/p>\n<p>&nbsp;<\/p>\n<p>&nbsp;<\/p>\n<p>&nbsp;<\/p>\n<p>&nbsp;<\/p>\n<p>&nbsp;<\/p>\n<p>&nbsp;<\/p>\n<p>&nbsp;<\/p>\n<p>&nbsp;<\/p>\n<p>&nbsp;<\/p>\n<p>&nbsp;<\/p>\n<p>&nbsp;<\/p>\n<p>&nbsp;<\/p>\n<p>&nbsp;<\/p>\n<p>&nbsp;<\/p>\n<p>&nbsp;<\/p>\n<p>&nbsp;<\/p>\n<p>&nbsp;<\/p>\n<p>&nbsp;<\/p>\n<p>&nbsp;<\/p>\n<p>&nbsp;<\/p>\n<p>&nbsp;<\/p>\n<p>&nbsp;<\/p>\n<p>&nbsp;<\/p>\n<p>&nbsp;<\/p>\n<p>&nbsp;<\/p>\n<p>&nbsp;<\/p>\n<p>&nbsp;<\/p>\n<p>&nbsp;<\/p>\n<p>&nbsp;<\/p>\n<p>&nbsp;<\/p>\n<p>&nbsp;<\/p>\n<p>&nbsp;<\/p>\n<p>&nbsp;<\/p>\n","protected":false},"excerpt":{"rendered":"<p>Numerosos intendentes del Conurbano, recibieron de manos de la ministra de Desarrollo de la naci\u00f3n,\u00a0Alicia Kirchner, las \u00f3rdenes de pago para la implementaci\u00f3n del\u00a0Plan Nacional de Seguridad Alimentaria\u00a0(PNSA).<\/p>\n","protected":false},"author":4,"featured_media":0,"comment_status":"open","ping_status":"open","sticky":false,"template":"","format":"standard","meta":{"_jetpack_newsletter_access":"","_jetpack_dont_email_post_to_subs":false,"_jetpack_newsletter_tier_id":0,"_jetpack_memberships_contains_paywalled_content":false,"_jetpack_memberships_contains_paid_content":false,"footnotes":""},"categories":[1],"tags":[],"class_list":["post-10113","post","type-post","status-publish","format-standard","hentry","category-sociedad"],"jetpack_featured_media_url":"","jetpack_shortlink":"https:\/\/wp.me\/p2JWE0-2D7","jetpack-related-posts":[{"id":46013,"url":"https:\/\/www.24baires.com\/?p=46013","url_meta":{"origin":10113,"position":0},"title":"\u00abEl gasto social es una inversi\u00f3n a futuro\u00bb, consider\u00f3 Alicia Kirchner","author":"GB","date":"14\/05\/2014","format":false,"excerpt":"La ministra de Desarrollo Social destac\u00f3 que el aumento del presupuesto social nacional en la provincia de Corrientes \"aument\u00f3 37 veces en una d\u00e9cada\" y asegur\u00f3 que \"la oposici\u00f3n llama a esto gasto p\u00fablico, pero en realidad es una inversi\u00f3n a futuro\". La ministra, que encabez\u00f3 hoy mediante una teleconferencia\u2026","rel":"","context":"En \u00abPol\u00edtica\u00bb","block_context":{"text":"Pol\u00edtica","link":"https:\/\/www.24baires.com\/?cat=51"},"img":{"alt_text":"ALicia k","src":"https:\/\/i0.wp.com\/www.24baires.com\/wp-content\/uploads\/2013\/09\/ALicia-k.jpg?resize=350%2C200","width":350,"height":200,"srcset":"https:\/\/i0.wp.com\/www.24baires.com\/wp-content\/uploads\/2013\/09\/ALicia-k.jpg?resize=350%2C200 1x, https:\/\/i0.wp.com\/www.24baires.com\/wp-content\/uploads\/2013\/09\/ALicia-k.jpg?resize=525%2C300 1.5x"},"classes":[]},{"id":113819,"url":"https:\/\/www.24baires.com\/?p=113819","url_meta":{"origin":10113,"position":1},"title":"Insaurralde y Arroyo presentaron el Consejo contra el Hambre en Lomas de Zamora","author":"GB","date":"16\/01\/2020","format":false,"excerpt":"El Intendente de Lomas de Zamora rubric\u00f3 el decreto que dispone la creaci\u00f3n del Consejo de Lomas de Zamora y Argentina contra el Hambre, el cual ser\u00e1 presidido por \u00e9l mismo y la Diputada Nacional lomense, Daniela Vilar. De la firma, que se llev\u00f3 a cabo en el Municipio, participaron\u2026","rel":"","context":"En \u00abMunicipios\u00bb","block_context":{"text":"Municipios","link":"https:\/\/www.24baires.com\/?cat=44"},"img":{"alt_text":"","src":"https:\/\/i0.wp.com\/www.24baires.com\/wp-content\/uploads\/2020\/01\/insaurralde-consejo-hambre-300x188.jpeg?resize=350%2C200","width":350,"height":200},"classes":[]},{"id":31267,"url":"https:\/\/www.24baires.com\/?p=31267","url_meta":{"origin":10113,"position":2},"title":"Alicia Kirchner entreg\u00f3 certificados a emisoras comunitarias","author":"AF","date":"04\/09\/2013","format":false,"excerpt":"La ministra de Desarrollo Social, Alicia Kirchner, entreg\u00f3 certificados y \u00f3rdenes de pago a medios de comunicaci\u00f3n comunitarios. Durante el acto, que tuvo lugar en el sal\u00f3n Ram\u00f3n Carrillo de la sede de la cartera social, y que cont\u00f3 con la presencia de los intendentes de San Antonio de Areco,\u2026","rel":"","context":"En \u00abMedios\u00bb","block_context":{"text":"Medios","link":"https:\/\/www.24baires.com\/?cat=54"},"img":{"alt_text":"101.3 alicia kirchner","src":"https:\/\/i0.wp.com\/www.24baires.com\/wp-content\/uploads\/2013\/09\/101.3-alicia-kirchner.png?resize=350%2C200","width":350,"height":200,"srcset":"https:\/\/i0.wp.com\/www.24baires.com\/wp-content\/uploads\/2013\/09\/101.3-alicia-kirchner.png?resize=350%2C200 1x, https:\/\/i0.wp.com\/www.24baires.com\/wp-content\/uploads\/2013\/09\/101.3-alicia-kirchner.png?resize=525%2C300 1.5x"},"classes":[]},{"id":6330,"url":"https:\/\/www.24baires.com\/?p=6330","url_meta":{"origin":10113,"position":3},"title":"Alicia Kirchner inaugur\u00f3 un nuevo acceso a Magdalena","author":"AF","date":"22\/11\/2012","format":false,"excerpt":"El intendente Fernando Carballo, junto a la ministra de Desarrollo Social de la naci\u00f3n Alicia Kirchner, inauguraron el nuevo acceso al municipio de Magdalena denominado \"Presidente N\u00e9stor Kirchner\". En el marco del 236\u00b0 aniversario del distrito de Magdalena, la ministra de Desarrollo Social de la naci\u00f3n Alicia Kirchner, visit\u00f3 el\u2026","rel":"","context":"En \u00abLocales\u00bb","block_context":{"text":"Locales","link":"https:\/\/www.24baires.com\/?cat=38"},"img":{"alt_text":"","src":"https:\/\/i0.wp.com\/www.24baires.com\/wp-content\/uploads\/2012\/11\/kirchner-alicia.jpeg?resize=350%2C200","width":350,"height":200},"classes":[]},{"id":32523,"url":"https:\/\/www.24baires.com\/?p=32523","url_meta":{"origin":10113,"position":4},"title":"Ferraresi asegur\u00f3 que Alicia Kirchner \u00abrepresenta el coraz\u00f3n de este Gobierno\u201d","author":"GB","date":"26\/09\/2013","format":false,"excerpt":"AVELLANEDA-\u00a0La ministra de Desarrollo de Naci\u00f3n junto al jefe comunal visitaron obras que fueron realizadas por cooperativistas, que pertenecen al programa \"Argentina Trabaja\" en la Isla Maciel. \u201cSeguiremos trabajando por la defensa de los derechos del pueblo, para fortalecerlos todos los d\u00edas y mejorar. Elegimos al pueblo\u201d, sostuvo la funcionaria\u2026","rel":"","context":"En \u00abLocales\u00bb","block_context":{"text":"Locales","link":"https:\/\/www.24baires.com\/?cat=38"},"img":{"alt_text":"Alicia K en avellaneda","src":"https:\/\/i0.wp.com\/www.24baires.com\/wp-content\/uploads\/2013\/09\/Alicia-K-en-avellaneda-300x190.jpg?resize=350%2C200","width":350,"height":200},"classes":[]},{"id":114552,"url":"https:\/\/www.24baires.com\/?p=114552","url_meta":{"origin":10113,"position":5},"title":"Kicillof visit\u00f3 tres distritos del conurbano para dar respuesta a la pandemia","author":"AF","date":"30\/03\/2020","format":false,"excerpt":"Acompa\u00f1ado por Sergio Berni, el gobernador bonaerense visit\u00f3 los comit\u00e9s de emergencia de Almirante Brown, Lomas de Zamora y Esteban Echeverr\u00eda. El gobernador bonaerense, Axel Kicillof, desembarc\u00f3 este lunes en el Conurbano, con visitas a los comit\u00e9s de emergencia de Almirante Brown, Lomas de Zamora y Esteban Echeverr\u00eda, desde donde\u2026","rel":"","context":"En \u00abProvincia\u00bb","block_context":{"text":"Provincia","link":"https:\/\/www.24baires.com\/?cat=40"},"img":{"alt_text":"","src":"https:\/\/i0.wp.com\/www.24baires.com\/wp-content\/uploads\/2020\/03\/kicillofff.jpg?resize=350%2C200","width":350,"height":200,"srcset":"https:\/\/i0.wp.com\/www.24baires.com\/wp-content\/uploads\/2020\/03\/kicillofff.jpg?resize=350%2C200 1x, https:\/\/i0.wp.com\/www.24baires.com\/wp-content\/uploads\/2020\/03\/kicillofff.jpg?resize=525%2C300 1.5x"},"classes":[]}],"jetpack_sharing_enabled":true,"jetpack_likes_enabled":true,"_links":{"self":[{"href":"https:\/\/www.24baires.com\/index.php?rest_route=\/wp\/v2\/posts\/10113","targetHints":{"allow":["GET"]}}],"collection":[{"href":"https:\/\/www.24baires.com\/index.php?rest_route=\/wp\/v2\/posts"}],"about":[{"href":"https:\/\/www.24baires.com\/index.php?rest_route=\/wp\/v2\/types\/post"}],"author":[{"embeddable":true,"href":"https:\/\/www.24baires.com\/index.php?rest_route=\/wp\/v2\/users\/4"}],"replies":[{"embeddable":true,"href":"https:\/\/www.24baires.com\/index.php?rest_route=%2Fwp%2Fv2%2Fcomments&post=10113"}],"version-history":[{"count":4,"href":"https:\/\/www.24baires.com\/index.php?rest_route=\/wp\/v2\/posts\/10113\/revisions"}],"predecessor-version":[{"id":10118,"href":"https:\/\/www.24baires.com\/index.php?rest_route=\/wp\/v2\/posts\/10113\/revisions\/10118"}],"wp:attachment":[{"href":"https:\/\/www.24baires.com\/index.php?rest_route=%2Fwp%2Fv2%2Fmedia&parent=10113"}],"wp:term":[{"taxonomy":"category","embeddable":true,"href":"https:\/\/www.24baires.com\/index.php?rest_route=%2Fwp%2Fv2%2Fcategories&post=10113"},{"taxonomy":"post_tag","embeddable":true,"href":"https:\/\/www.24baires.com\/index.php?rest_route=%2Fwp%2Fv2%2Ftags&post=10113"}],"curies":[{"name":"wp","href":"https:\/\/api.w.org\/{rel}","templated":true}]}}