{"id":10108,"date":"2012-12-22T12:30:54","date_gmt":"2012-12-22T15:30:54","guid":{"rendered":"http:\/\/www.24baires.com\/?p=10108"},"modified":"2012-12-22T12:31:00","modified_gmt":"2012-12-22T15:31:00","slug":"estas-fiestas-los-turistas-prefieren-la-costa-atlantica","status":"publish","type":"post","link":"https:\/\/www.24baires.com\/?p=10108","title":{"rendered":"Estas fiestas, los turistas prefieren la Costa Atl\u00e1ntica"},"content":{"rendered":"<p><a href=\"http:\/\/www.24baires.com\/sociedad\/10108-estas-fiestas-los-turistas-prefieren-la-costa-atlantica\/attachment\/play-2\/\" rel=\"attachment wp-att-10109\"><img data-recalc-dims=\"1\" loading=\"lazy\" decoding=\"async\" class=\"aligncenter size-full wp-image-10109\" alt=\"playa\" src=\"https:\/\/i0.wp.com\/www.24baires.com\/wp-content\/uploads\/2012\/12\/play.jpg?resize=560%2C375\" width=\"560\" height=\"375\" srcset=\"https:\/\/i0.wp.com\/www.24baires.com\/wp-content\/uploads\/2012\/12\/play.jpg?w=560&amp;ssl=1 560w, https:\/\/i0.wp.com\/www.24baires.com\/wp-content\/uploads\/2012\/12\/play.jpg?resize=300%2C200&amp;ssl=1 300w\" sizes=\"auto, (max-width: 560px) 100vw, 560px\" \/><\/a><\/p>\n<p>Los centros tur\u00edsticos de la provincia de Buenos Aires se preparan para Navidad y A\u00f1o Nuevo con alentadoras expectativas, con \u00f3ptimos niveles de reservas y un importante \u00edndice de consultas, siendo la Costa Atl\u00e1ntica la preferida por los turistas. \u201cEn los \u00faltimos a\u00f1os, se ha consolidado el h\u00e1bito de pasar las fiestas en los destinos tur\u00edsticos, favorecido por la nueva ley de ordenamiento de feriados, permitiendo a los turistas disfrutar de unas \u2018minivacaciones\u2019\u201d, expres\u00f3 el secretario de Turismo.<!--more--><\/p>\n<p>El secretario de Turismo, Ignacio Crotto, adem\u00e1s se\u00f1al\u00f3 que en varios centros tur\u00edsticos la temporada comenz\u00f3 m\u00e1s temprano respecto a otros a\u00f1os.<\/p>\n<p>En ese sentido, manifest\u00f3 que \u201clos centros tur\u00edsticos ofrecen a los visitantes una amplia variedad de propuestas culturales y de entretenimiento para estas fechas\u201d. Agreg\u00f3 que \u201cest\u00e1n dadas todas las condiciones para la temporada\u201d, y destac\u00f3 el trabajo conjunto entre las distintas \u00e1reas del gobierno de Daniel Scioli.<\/p>\n<p>En la Costa Atl\u00e1ntica, Mar del Plata registra muy buenos niveles de reservas para estas celebraciones. El partido de La Costa indica mayores porcentajes en establecimientos de 4 y 3 estrellas, tiempos compartidos y apart hoteles. Se estima un incremento con la llegada repentina de turistas, por esta tendencia de arribar a destino sin reservas previa.<\/p>\n<p>Miramar, partido de General Alvarado, tiene buenas perspectivas para este fin de semana. Desde el municipio aseguraron que \u201ces mejor que el a\u00f1o anterior\u201d, ya que durante este mes se registr\u00f3 un incremento del 30% en el movimiento tur\u00edstico, respecto de diciembre de 2011.<\/p>\n<p>En Villa Gesell, el porcentaje de reservas tanto para Navidad como A\u00f1o Nuevo se encuentra en el orden del 90%. Pinamar promedia \u00edndices superiores al 60%, destac\u00e1ndose los hoteles de 4 estrellas y los aparts hotel. Otros destinos del distrito como Valeria del Mar est\u00e1n por encima del 70% y Caril\u00f3 arriba del 50%.<\/p>\n<p>En la regi\u00f3n serrana, Tandil prev\u00e9 muy buenos niveles de ocupaci\u00f3n para ambas celebraciones. Para este fin de semana, estiman un 80% en el rubro caba\u00f1as, y m\u00e1s del 60% en hoteler\u00eda. Tornquist tiene buenas perspectivas, con cifras que podr\u00edan superar el 70% de ocupaci\u00f3n, en cercan\u00eda de las fechas festivas.<\/p>\n<p>En tanto, desde el municipio aseguraron que para A\u00f1o Nuevo habr\u00e1 ocupaci\u00f3n plena en los complejos de caba\u00f1as; y en alojamientos pr\u00f3ximos a las sierras se espera el 85%, y en la hoteler\u00eda tradicional, 70%.<\/p>\n<p>Por otra parte, Tigre registraba hasta el lunes un 70% de reservas confirmadas, y Chascom\u00fas posee un 80% para Navidad, y por encima del 95% para A\u00f1o Nuevo. En tanto, Lobos tiene reservas en el orden del 50%.<\/p>\n<p>Desde la direcci\u00f3n de Turismo de Jun\u00edn aseguraron \u00edndices de ocupaci\u00f3n plena dentro del Parque Laguna G\u00f3mez hasta mediados de enero.<\/p>\n","protected":false},"excerpt":{"rendered":"<p>Los centros tur\u00edsticos de la provincia de Buenos Aires se preparan para Navidad y A\u00f1o Nuevo con alentadoras expectativas, con \u00f3ptimos niveles de reservas y un importante \u00edndice de consultas, siendo la Costa Atl\u00e1ntica la preferida por los turistas. \u201cEn los \u00faltimos a\u00f1os, se ha consolidado el h\u00e1bito de pasar las fiestas en los destinos tur\u00edsticos, favorecido por la nueva [&#8230;]<\/p>\n","protected":false},"author":4,"featured_media":0,"comment_status":"open","ping_status":"open","sticky":false,"template":"","format":"standard","meta":{"_jetpack_newsletter_access":"","_jetpack_dont_email_post_to_subs":false,"_jetpack_newsletter_tier_id":0,"_jetpack_memberships_contains_paywalled_content":false,"_jetpack_memberships_contains_paid_content":false,"footnotes":""},"categories":[1],"tags":[],"class_list":["post-10108","post","type-post","status-publish","format-standard","hentry","category-sociedad"],"jetpack_featured_media_url":"","jetpack_shortlink":"https:\/\/wp.me\/p2JWE0-2D2","jetpack-related-posts":[{"id":16074,"url":"https:\/\/www.24baires.com\/?p=16074","url_meta":{"origin":10108,"position":0},"title":"Balcarce y Benito Ju\u00e1rez se preparan para tener sus respectivas fiestas populares","author":"AF","date":"19\/02\/2013","format":false,"excerpt":"La secretar\u00eda de Turismo bonaerense, Ignacio Crotto, continuar\u00e1 este fin de semana con actividades de promoci\u00f3n de los principales atractivos de la provincia de Buenos Aires, con la presencia del Bus Tur\u00edstico y del tr\u00e1iler en la Fiesta Nacional del Automovilismo, en el municipio de Balcarce, y de la Frambuesa,\u2026","rel":"","context":"En \u00abLocales\u00bb","block_context":{"text":"Locales","link":"https:\/\/www.24baires.com\/?cat=38"},"img":{"alt_text":"","src":"","width":0,"height":0},"classes":[]},{"id":9921,"url":"https:\/\/www.24baires.com\/?p=9921","url_meta":{"origin":10108,"position":1},"title":"Anticipan gran llegada de turistas durante las fiestas a las costas y sierras bonaerenses","author":"Grupo Sierra","date":"20\/12\/2012","format":false,"excerpt":"Mar del Plata, \u00a0Pinamar, Miramar, Caril\u00f3 y Valeria del Mar, son los distritos bonaerenses preferidos por los veraneantes. Tambi\u00e9n se registra buen nivel de reservas en zonas serranas como Tandil, Sierra de los Padres,\u00a0y Tornsquist. Los diferentes centros tur\u00edsticos de la Costa Atl\u00e1ntica bonaerense se preparan para Navidad y A\u00f1o\u2026","rel":"","context":"En \u00abSociedad\u00bb","block_context":{"text":"Sociedad","link":"https:\/\/www.24baires.com\/?cat=1"},"img":{"alt_text":"turismo fin de a\u00f1o","src":"https:\/\/i0.wp.com\/www.24baires.com\/wp-content\/uploads\/2012\/12\/turismo-fin-de-a%C3%B1o.jpg?resize=350%2C200","width":350,"height":200,"srcset":"https:\/\/i0.wp.com\/www.24baires.com\/wp-content\/uploads\/2012\/12\/turismo-fin-de-a%C3%B1o.jpg?resize=350%2C200 1x, https:\/\/i0.wp.com\/www.24baires.com\/wp-content\/uploads\/2012\/12\/turismo-fin-de-a%C3%B1o.jpg?resize=525%2C300 1.5x"},"classes":[]},{"id":30462,"url":"https:\/\/www.24baires.com\/?p=30462","url_meta":{"origin":10108,"position":2},"title":"Miles de turistas recorrieron la Provincia durante el fin de semana","author":"AF","date":"20\/08\/2013","format":false,"excerpt":"Este fin de semana largo -en el que se conmemor\u00f3 la muerte del General San Mart\u00edn- miles de turistas llegaron a los distintos destinos de la provincia de Buenos Aires. \u201cNuestra provincia es una de las m\u00e1s beneficiadas por el calendario de feriados, por la cercan\u00eda a los grandes centros\u2026","rel":"","context":"En \u00abProvincia\u00bb","block_context":{"text":"Provincia","link":"https:\/\/www.24baires.com\/?cat=40"},"img":{"alt_text":"CARILOO","src":"https:\/\/i0.wp.com\/www.24baires.com\/wp-content\/uploads\/2012\/12\/CARILOO.jpg?resize=350%2C200","width":350,"height":200,"srcset":"https:\/\/i0.wp.com\/www.24baires.com\/wp-content\/uploads\/2012\/12\/CARILOO.jpg?resize=350%2C200 1x, https:\/\/i0.wp.com\/www.24baires.com\/wp-content\/uploads\/2012\/12\/CARILOO.jpg?resize=525%2C300 1.5x"},"classes":[]},{"id":58960,"url":"https:\/\/www.24baires.com\/?p=58960","url_meta":{"origin":10108,"position":3},"title":"Expectativa por el buen nivel de reservas para navidad y a\u00f1o nuevo en la costa bonaerense","author":"GB","date":"21\/12\/2014","format":false,"excerpt":"Necochea, Villa Gesell, Miramar, Claromec\u00f3 y Mar del Plata, entre otros, son los destinos m\u00e1s elegidos para pasar en familia o con amigos las tradicionales celebraciones, con reservas que van del 70 al 90 por ciento. El secretario de Turismo bonaerense, Ignacio Crotto, destac\u00f3 que la disposici\u00f3n de feriados permite\u2026","rel":"","context":"En \u00abTurismo\u00bb","block_context":{"text":"Turismo","link":"https:\/\/www.24baires.com\/?cat=69"},"img":{"alt_text":"mar del plata turismo","src":"https:\/\/i0.wp.com\/www.24baires.com\/wp-content\/uploads\/2014\/07\/mar-del-plata-turismo.jpg?resize=350%2C200","width":350,"height":200,"srcset":"https:\/\/i0.wp.com\/www.24baires.com\/wp-content\/uploads\/2014\/07\/mar-del-plata-turismo.jpg?resize=350%2C200 1x, https:\/\/i0.wp.com\/www.24baires.com\/wp-content\/uploads\/2014\/07\/mar-del-plata-turismo.jpg?resize=525%2C300 1.5x"},"classes":[]},{"id":60777,"url":"https:\/\/www.24baires.com\/?p=60777","url_meta":{"origin":10108,"position":4},"title":"Destacan un \u00abgran incremento\u00bb en la cantidad de turistas de la Costa Atl\u00e1ntica","author":"Grupo Sierra","date":"26\/01\/2015","format":false,"excerpt":"La primera quincena de enero registr\u00f3 un crecimiento del 3% en materia de ocupaci\u00f3n con respecto al mismo per\u00edodo de la temporada 2014 en destinos de la costa atl\u00e1ntica, seg\u00fan la Encuesta de Ocupaci\u00f3n Hotelera (EOH) de la Secretar\u00eda de Turismo de la Provincia. \u201cLas ocupaci\u00f3n, en t\u00e9rminos generales, fue\u2026","rel":"","context":"En \u00abTurismo\u00bb","block_context":{"text":"Turismo","link":"https:\/\/www.24baires.com\/?cat=69"},"img":{"alt_text":"mdp playa","src":"https:\/\/i0.wp.com\/www.24baires.com\/wp-content\/uploads\/2013\/02\/mdp-playa.jpg?resize=350%2C200","width":350,"height":200,"srcset":"https:\/\/i0.wp.com\/www.24baires.com\/wp-content\/uploads\/2013\/02\/mdp-playa.jpg?resize=350%2C200 1x, https:\/\/i0.wp.com\/www.24baires.com\/wp-content\/uploads\/2013\/02\/mdp-playa.jpg?resize=525%2C300 1.5x"},"classes":[]},{"id":55407,"url":"https:\/\/www.24baires.com\/?p=55407","url_meta":{"origin":10108,"position":5},"title":"La Costa Atl\u00e1ntica fue la estrella del fin de semana largo","author":"Grupo Sierra","date":"14\/10\/2014","format":false,"excerpt":"Cerca de 130.000 turistas visitaron el destino preferido por los argentinos, seg\u00fan la Secretar\u00eda de Turismo comunal. \"El clima nos acompa\u00f1\u00f3 de la mejor manera, con temperaturas que rondaron los 20 grados, lo que les permiti\u00f3 a los turistas disfrutar de paseos y hasta poder darse un chapuz\u00f3n en el\u2026","rel":"","context":"En \u00abTurismo\u00bb","block_context":{"text":"Turismo","link":"https:\/\/www.24baires.com\/?cat=69"},"img":{"alt_text":"partido de la costa","src":"https:\/\/i0.wp.com\/www.24baires.com\/wp-content\/uploads\/2014\/10\/partido-de-la-costa.jpg?resize=350%2C200","width":350,"height":200,"srcset":"https:\/\/i0.wp.com\/www.24baires.com\/wp-content\/uploads\/2014\/10\/partido-de-la-costa.jpg?resize=350%2C200 1x, https:\/\/i0.wp.com\/www.24baires.com\/wp-content\/uploads\/2014\/10\/partido-de-la-costa.jpg?resize=525%2C300 1.5x"},"classes":[]}],"jetpack_sharing_enabled":true,"jetpack_likes_enabled":true,"_links":{"self":[{"href":"https:\/\/www.24baires.com\/index.php?rest_route=\/wp\/v2\/posts\/10108","targetHints":{"allow":["GET"]}}],"collection":[{"href":"https:\/\/www.24baires.com\/index.php?rest_route=\/wp\/v2\/posts"}],"about":[{"href":"https:\/\/www.24baires.com\/index.php?rest_route=\/wp\/v2\/types\/post"}],"author":[{"embeddable":true,"href":"https:\/\/www.24baires.com\/index.php?rest_route=\/wp\/v2\/users\/4"}],"replies":[{"embeddable":true,"href":"https:\/\/www.24baires.com\/index.php?rest_route=%2Fwp%2Fv2%2Fcomments&post=10108"}],"version-history":[{"count":3,"href":"https:\/\/www.24baires.com\/index.php?rest_route=\/wp\/v2\/posts\/10108\/revisions"}],"predecessor-version":[{"id":10112,"href":"https:\/\/www.24baires.com\/index.php?rest_route=\/wp\/v2\/posts\/10108\/revisions\/10112"}],"wp:attachment":[{"href":"https:\/\/www.24baires.com\/index.php?rest_route=%2Fwp%2Fv2%2Fmedia&parent=10108"}],"wp:term":[{"taxonomy":"category","embeddable":true,"href":"https:\/\/www.24baires.com\/index.php?rest_route=%2Fwp%2Fv2%2Fcategories&post=10108"},{"taxonomy":"post_tag","embeddable":true,"href":"https:\/\/www.24baires.com\/index.php?rest_route=%2Fwp%2Fv2%2Ftags&post=10108"}],"curies":[{"name":"wp","href":"https:\/\/api.w.org\/{rel}","templated":true}]}}