{"id":100975,"date":"2018-03-11T10:00:29","date_gmt":"2018-03-11T13:00:29","guid":{"rendered":"http:\/\/www.24baires.com\/?p=100975"},"modified":"2018-03-11T14:16:02","modified_gmt":"2018-03-11T17:16:02","slug":"la-tierra-temblo","status":"publish","type":"post","link":"https:\/\/www.24baires.com\/?p=100975","title":{"rendered":"La tierra tembl\u00f3"},"content":{"rendered":"<p><img data-recalc-dims=\"1\" loading=\"lazy\" decoding=\"async\" class=\"aligncenter size-full wp-image-92921\" src=\"https:\/\/i0.wp.com\/www.24baires.com\/wp-content\/uploads\/2017\/03\/8m.jpg?resize=560%2C315\" alt=\"\" width=\"560\" height=\"315\" srcset=\"https:\/\/i0.wp.com\/www.24baires.com\/wp-content\/uploads\/2017\/03\/8m.jpg?w=560&amp;ssl=1 560w, https:\/\/i0.wp.com\/www.24baires.com\/wp-content\/uploads\/2017\/03\/8m.jpg?resize=300%2C169&amp;ssl=1 300w\" sizes=\"auto, (max-width: 560px) 100vw, 560px\" \/>Algunos ven una moda en un movimiento que no dejar\u00e1 cimientos sin vibrar. Quiz\u00e1 crean que un d\u00eda de estos se nos va a pasar, que esto se termina con alguna conquista m\u00e1s. Algunos ni se han dado cuenta que todo, absolutamente todo, comenz\u00f3 a cambiar.<!--more--><\/p>\n<p>Porque el machismo y la misoginia son sistemas de pensamientos arraigados en la sociedad, atraviesan clases econ\u00f3micas y edades. Son la estructura en la que, por siglos, se han basado las relaciones entre g\u00e9neros, donde la dominaci\u00f3n y el abuso de varones hacia mujeres han sido los rieles por donde circula la maquinaria de la opresi\u00f3n.<\/p>\n<p>El feminismo es la madre de todas las luchas. El feminismo es la cuna de la igualdad, all\u00ed se nutren todas las ideas de equidad y solidaridad. Porque el feminismo no dejar\u00e1 piedra sobre piedra en la abolici\u00f3n de esta sociedad patriarcal.<\/p>\n<p>El momento es ahora y hay una fuerza en las calles que empuja a nuevas alianzas en la lucha por la conquista de derechos: esa es la pol\u00edtica al servicio del pueblo, esa es la gran herramienta de transformaci\u00f3n.<\/p>\n<p>Hay un aprovechamiento de algunos ejes de lucha por parte del gobierno, que nunca disimul\u00f3 su concepci\u00f3n machista de la pol\u00edtica y la gesti\u00f3n, en cada gesto y en cada acci\u00f3n. Porque aqu\u00ed no se llega porque Macri lo balbucea en televisi\u00f3n porque alg\u00fan focus group habr\u00e1 dado la atinada alarma de que es urgente despenalizar el aborto. Es la lucha de d\u00e9cadas la que est\u00e1 conquistando un derecho que es una deuda enorme que ya no puede soslayarse m\u00e1s.<\/p>\n<p>El tiempo es ahora y el 8 de marzo lo confirm\u00f3 el grito que sacudi\u00f3 el planeta. La tierra tembl\u00f3 bajo el paso firme de millones de mujeres que marcharon en todo el mundo en una hist\u00f3rica jornada para acabar con el machismo, con la violencia en cualquiera de sus formas.<\/p>\n<p>Todo se est\u00e1 transformando ahora, ante nuestros ojos. Es la revoluci\u00f3n que nos tocar\u00e1 vivir. Porque la revoluci\u00f3n es feminista. O no ser\u00e1. Hay que estar a la altura de la Historia, hay que tener conciencia de cada letra que estamos escribiendo, desde abajo, desde el subsuelo sublevado de la patria, de todas las patrias. Tenemos que estar unidas porque juntas pisamos fuerte, y nuestra huella es semilla. Nuestra lucha es m\u00e1s que nosotras, ahora. Por todas las que entregaron su vida para que hoy podamos estar donde la coyuntura hist\u00f3rica nos exige estar. Porque nuestro coraje es tambi\u00e9n herencia.<\/p>\n<p>Este 8 de marzo la tierra tembl\u00f3 estremecida por nuestras causas, nuestras banderas. Pero tambi\u00e9n tembl\u00f3 porque hicimos temblar a aquellos que le tienen miedo a la mujer sin miedo.<\/p>\n<p>Le hemos asestado el golpe de muerte a esa m\u00e1quina generadora de desigualdad. As\u00ed que cuidado donde pisan aquellos que no saben ni d\u00f3nde est\u00e1n parados. Porque les traemos las buenas nuevas: se est\u00e1 cayendo el patriarcado. El futuro es nuestro, el futuro es lucha feminista. Y va a vencer. Va a vencer.<\/p>\n","protected":false},"excerpt":{"rendered":"<p>Algunos ven una moda en un movimiento que no dejar\u00e1 cimientos sin vibrar. Quiz\u00e1 crean que un d\u00eda de estos se nos va a pasar, que esto se termina con alguna conquista m\u00e1s. Algunos ni se han dado cuenta que todo, absolutamente todo, comenz\u00f3 a cambiar.<\/p>\n","protected":false},"author":4,"featured_media":0,"comment_status":"open","ping_status":"open","sticky":false,"template":"","format":"standard","meta":{"_jetpack_newsletter_access":"","_jetpack_dont_email_post_to_subs":false,"_jetpack_newsletter_tier_id":0,"_jetpack_memberships_contains_paywalled_content":false,"_jetpack_memberships_contains_paid_content":false,"footnotes":""},"categories":[64],"tags":[],"class_list":["post-100975","post","type-post","status-publish","format-standard","hentry","category-opinion"],"jetpack_featured_media_url":"","jetpack_shortlink":"https:\/\/wp.me\/p2JWE0-qgD","jetpack-related-posts":[{"id":43284,"url":"https:\/\/www.24baires.com\/?p=43284","url_meta":{"origin":100975,"position":0},"title":"Buscan eliminar las elecciones de reinas en Bah\u00eda Blanca","author":"GB","date":"04\/04\/2014","format":false,"excerpt":"BAH\u00cdA BLANCA-El grupo Acciones Feministas vuelve a la carga contra los concursos de belleza que se realizan en la ciudad. Representantes del movimiento se reunieron este jueves con el director del Instituto Cultural, Sergio Raimondi, para tratar el tema y, seg\u00fan afirmaron en su muro de Facebook, coincidieron en que\u2026","rel":"","context":"En \u00abMunicipios\u00bb","block_context":{"text":"Municipios","link":"https:\/\/www.24baires.com\/?cat=44"},"img":{"alt_text":"concurso belleza","src":"https:\/\/i0.wp.com\/www.24baires.com\/wp-content\/uploads\/2014\/04\/concurso-belleza-300x167.jpg?resize=350%2C200","width":350,"height":200},"classes":[]},{"id":15403,"url":"https:\/\/www.24baires.com\/?p=15403","url_meta":{"origin":100975,"position":1},"title":"Militantes feministas se desnudan en Notre Dame al grito de \u00abNo m\u00e1s Papa\u00bb","author":"Grupo Sierra","date":"12\/02\/2013","format":false,"excerpt":"Ocho mujeres exhibieron sus senos en la catedral parisina para festejar el fin del papado. Antes de ser desalojadas, hicieron sonar las campanas cantando \"No m\u00e1s Papa\". Ocho mujeres activistas feministas llegaron esta ma\u00f1ana con los senos a la vista a la iglesia de Notre Dame, en Par\u00eds, para \"festejar\u2026","rel":"","context":"En \u00abSociedad\u00bb","block_context":{"text":"Sociedad","link":"https:\/\/www.24baires.com\/?cat=1"},"img":{"alt_text":"feministas por el papa","src":"https:\/\/i0.wp.com\/www.24baires.com\/wp-content\/uploads\/2013\/02\/feministas-por-el-papa.jpg?resize=350%2C200","width":350,"height":200,"srcset":"https:\/\/i0.wp.com\/www.24baires.com\/wp-content\/uploads\/2013\/02\/feministas-por-el-papa.jpg?resize=350%2C200 1x, https:\/\/i0.wp.com\/www.24baires.com\/wp-content\/uploads\/2013\/02\/feministas-por-el-papa.jpg?resize=525%2C300 1.5x"},"classes":[]},{"id":9599,"url":"https:\/\/www.24baires.com\/?p=9599","url_meta":{"origin":100975,"position":2},"title":"Barreda dejar\u00e1 de recibir asistencia psicol\u00f3gica","author":"AF","date":"18\/12\/2012","format":false,"excerpt":"El odont\u00f3logo platense Ricardo Barreda, quien hace 20 a\u00f1os mat\u00f3 a su esposa, su suegra y sus dos hijas, dejar\u00e1 de recibir asistencia psicol\u00f3gica por decisi\u00f3n de la Justicia, a pesar de que era uno de los requisitos impuestos para concederle la libertad condicional. Fuentes judiciales aseguraron que la semana\u2026","rel":"","context":"En \u00abSociedad\u00bb","block_context":{"text":"Sociedad","link":"https:\/\/www.24baires.com\/?cat=1"},"img":{"alt_text":"barreda","src":"https:\/\/i0.wp.com\/www.24baires.com\/wp-content\/uploads\/2012\/12\/barreda.jpg?resize=350%2C200","width":350,"height":200},"classes":[]},{"id":102524,"url":"https:\/\/www.24baires.com\/?p=102524","url_meta":{"origin":100975,"position":3},"title":"Argentina vuelve a marchar al grito de #NiUnaMenos","author":"AF","date":"04\/06\/2018","format":false,"excerpt":"Desde el disparador del primer 3J, el femicidio de Chiara P\u00e1ez y el impulso de decirse \u201cNos est\u00e1n matando\u201d, las marchas de NUM fueron abarcando mayor cantidad de reclamos. Hoy, el aborto legal, seguro y gratuito forma parte central del acto. Una vez m\u00e1s, el grito colectivo contra la violencia\u2026","rel":"","context":"En \u00abSociedad\u00bb","block_context":{"text":"Sociedad","link":"https:\/\/www.24baires.com\/?cat=1"},"img":{"alt_text":"","src":"https:\/\/i0.wp.com\/www.24baires.com\/wp-content\/uploads\/2017\/03\/ni-una-menos.jpg?resize=350%2C200","width":350,"height":200,"srcset":"https:\/\/i0.wp.com\/www.24baires.com\/wp-content\/uploads\/2017\/03\/ni-una-menos.jpg?resize=350%2C200 1x, https:\/\/i0.wp.com\/www.24baires.com\/wp-content\/uploads\/2017\/03\/ni-una-menos.jpg?resize=525%2C300 1.5x"},"classes":[]},{"id":96167,"url":"https:\/\/www.24baires.com\/?p=96167","url_meta":{"origin":100975,"position":4},"title":"La Fiscal\u00eda se comunic\u00f3 con Fernanda Chac\u00f3n y se habr\u00eda ido por sus propios medios al Tigre","author":"Grupo Sierra","date":"25\/07\/2017","format":false,"excerpt":"Fernanda Chac\u00f3n ya se comunic\u00f3 con su familia. La mujer se habr\u00eda ido con su pareja al Tigre y se encuentra sana y salva.\u00a0As\u00ed lo confirmaron desde la Unidad Fiscal Especializada de Violencia contra las Mujeres (UFEM) que tambi\u00e9n hablaron con la dirigente telef\u00f3nicamente. La reconocida militante feminista era intensamente\u2026","rel":"","context":"En \u00abJUDICIALES\u00bb","block_context":{"text":"JUDICIALES","link":"https:\/\/www.24baires.com\/?cat=68"},"img":{"alt_text":"","src":"https:\/\/i0.wp.com\/www.24baires.com\/wp-content\/uploads\/2017\/07\/chac%C3%B3n.jpg?resize=350%2C200","width":350,"height":200,"srcset":"https:\/\/i0.wp.com\/www.24baires.com\/wp-content\/uploads\/2017\/07\/chac%C3%B3n.jpg?resize=350%2C200 1x, https:\/\/i0.wp.com\/www.24baires.com\/wp-content\/uploads\/2017\/07\/chac%C3%B3n.jpg?resize=525%2C300 1.5x"},"classes":[]},{"id":92876,"url":"https:\/\/www.24baires.com\/?p=92876","url_meta":{"origin":100975,"position":5},"title":"Pol\u00e9mico: detuvieron a seis mujeres por hacer pintadas en favor del #NiUnaMenos","author":"GB","date":"07\/03\/2017","format":false,"excerpt":"Unas doscientas personas reclaman en la puerta de la fiscal\u00eda por la liberaci\u00f3n de las j\u00f3venes apresadas este lunes por la noche por convocar a la marcha que tendr\u00e1 lugar este mi\u00e9rcoles. Seis chicas pertenecientes al colectivo Ni Una Menos fueron detenidas en el barrio de Almagro este lunes por\u2026","rel":"","context":"En \u00abSociedad\u00bb","block_context":{"text":"Sociedad","link":"https:\/\/www.24baires.com\/?cat=1"},"img":{"alt_text":"","src":"https:\/\/i0.wp.com\/www.24baires.com\/wp-content\/uploads\/2017\/03\/ni-una-menos.jpg?resize=350%2C200","width":350,"height":200,"srcset":"https:\/\/i0.wp.com\/www.24baires.com\/wp-content\/uploads\/2017\/03\/ni-una-menos.jpg?resize=350%2C200 1x, https:\/\/i0.wp.com\/www.24baires.com\/wp-content\/uploads\/2017\/03\/ni-una-menos.jpg?resize=525%2C300 1.5x"},"classes":[]}],"jetpack_sharing_enabled":true,"jetpack_likes_enabled":true,"_links":{"self":[{"href":"https:\/\/www.24baires.com\/index.php?rest_route=\/wp\/v2\/posts\/100975","targetHints":{"allow":["GET"]}}],"collection":[{"href":"https:\/\/www.24baires.com\/index.php?rest_route=\/wp\/v2\/posts"}],"about":[{"href":"https:\/\/www.24baires.com\/index.php?rest_route=\/wp\/v2\/types\/post"}],"author":[{"embeddable":true,"href":"https:\/\/www.24baires.com\/index.php?rest_route=\/wp\/v2\/users\/4"}],"replies":[{"embeddable":true,"href":"https:\/\/www.24baires.com\/index.php?rest_route=%2Fwp%2Fv2%2Fcomments&post=100975"}],"version-history":[{"count":1,"href":"https:\/\/www.24baires.com\/index.php?rest_route=\/wp\/v2\/posts\/100975\/revisions"}],"predecessor-version":[{"id":100976,"href":"https:\/\/www.24baires.com\/index.php?rest_route=\/wp\/v2\/posts\/100975\/revisions\/100976"}],"wp:attachment":[{"href":"https:\/\/www.24baires.com\/index.php?rest_route=%2Fwp%2Fv2%2Fmedia&parent=100975"}],"wp:term":[{"taxonomy":"category","embeddable":true,"href":"https:\/\/www.24baires.com\/index.php?rest_route=%2Fwp%2Fv2%2Fcategories&post=100975"},{"taxonomy":"post_tag","embeddable":true,"href":"https:\/\/www.24baires.com\/index.php?rest_route=%2Fwp%2Fv2%2Ftags&post=100975"}],"curies":[{"name":"wp","href":"https:\/\/api.w.org\/{rel}","templated":true}]}}