{"id":100946,"date":"2018-03-09T13:00:23","date_gmt":"2018-03-09T16:00:23","guid":{"rendered":"http:\/\/www.24baires.com\/?p=100946"},"modified":"2018-03-09T13:00:22","modified_gmt":"2018-03-09T16:00:22","slug":"arroyo-puso-en-duda-el-recital-de-la-renga","status":"publish","type":"post","link":"https:\/\/www.24baires.com\/?p=100946","title":{"rendered":"Arroyo puso en duda el recital de La Renga"},"content":{"rendered":"<p><img data-recalc-dims=\"1\" loading=\"lazy\" decoding=\"async\" src=\"https:\/\/i0.wp.com\/www.24baires.com\/wp-content\/uploads\/2018\/03\/recital-la-renga.jpg?resize=560%2C373\" alt=\"\" width=\"560\" height=\"373\" class=\"aligncenter size-full wp-image-100947\" srcset=\"https:\/\/i0.wp.com\/www.24baires.com\/wp-content\/uploads\/2018\/03\/recital-la-renga.jpg?w=560&amp;ssl=1 560w, https:\/\/i0.wp.com\/www.24baires.com\/wp-content\/uploads\/2018\/03\/recital-la-renga.jpg?resize=300%2C200&amp;ssl=1 300w\" sizes=\"auto, (max-width: 560px) 100vw, 560px\" \/>El concierto de la banda de Mataderos est\u00e1 previsto para el 7 de abril en Mar del Plata pero el intendente de esa localidad no asegur\u00f3 que se podr\u00e1 llevar a cabo. Cit\u00f3 el ejemplo del tr\u00e1gico episodio en el \u00faltimo show que brind\u00f3 el Indio Solari.<!--more--><\/p>\n<p>El intendente de General Pueyrred\u00f3n, Carlos Arroyo, realiz\u00f3 declaraciones y puso en duda la realizaci\u00f3n del recital de La Renga en esa localidad. Dio a conocer que no quiere que se repita lo que sucedi\u00f3 en Olavarr\u00eda durante el show que dio el Indio Solari y que fallecieron dos personas. De este modo, se abri\u00f3 una nueva pol\u00e9mica en torno a las actividades que re\u00fanen multitudes.<\/p>\n<p>\u201cHoy me ser\u00eda muy f\u00e1cil deslindar responsabilidades y decir que es un problema de la provincia. Es un problema de Arroyo, lo tengo que permitir o no yo y en funci\u00f3n de la ordenanza y la legislaci\u00f3n y los elementos de seguridad que tenga. Voy a tratar por todos los medios que no muera nadie. Lo que pas\u00f3 en Olavarr\u00eda no quiero que ac\u00e1 pase\u201d, sostuvo el jefe comunal.<\/p>\n<p>Asimismo se\u00f1al\u00f3 que \u201cson distintos temas y momentos\u201d, dijo el Intendente con respecto al recital que dio La Renga en Mar del Plata poco tiempo despu\u00e9s de que asumiera su cargo. A su vez manifest\u00f3 que para esta ocasi\u00f3n la cantidad de personas ser\u00eda mucho mayor.<\/p>\n<p>\u201cComo t\u00e9cnico, son dos momentos que son peligrosos como la concentraci\u00f3n y desconcentraci\u00f3n. Una cosa es manejar 1.000 o 10.000 personas.  No quiero dejar nada librado al azar\u201d, indic\u00f3.<\/p>\n","protected":false},"excerpt":{"rendered":"<p>El concierto de la banda de Mataderos est\u00e1 previsto para el 7 de abril en Mar del Plata pero el intendente de esa localidad no asegur\u00f3 que se podr\u00e1 llevar a cabo. Cit\u00f3 el ejemplo del tr\u00e1gico episodio en el \u00faltimo show que brind\u00f3 el Indio Solari.<\/p>\n","protected":false},"author":8,"featured_media":0,"comment_status":"open","ping_status":"open","sticky":false,"template":"","format":"standard","meta":{"_jetpack_newsletter_access":"","_jetpack_dont_email_post_to_subs":false,"_jetpack_newsletter_tier_id":0,"_jetpack_memberships_contains_paywalled_content":false,"_jetpack_memberships_contains_paid_content":false,"footnotes":""},"categories":[41],"tags":[],"class_list":["post-100946","post","type-post","status-publish","format-standard","hentry","category-espectaculos"],"jetpack_featured_media_url":"","jetpack_shortlink":"https:\/\/wp.me\/p2JWE0-qga","jetpack-related-posts":[{"id":101161,"url":"https:\/\/www.24baires.com\/?p=101161","url_meta":{"origin":100946,"position":0},"title":"La Renga: el Concejo reclama a la Provincia que garantice el operativo de seguridad","author":"GB","date":"20\/03\/2018","format":false,"excerpt":"MAR DEL PLATA-El pedido fue elevado por los presidentes de los bloques de concejales a trav\u00e9s de un proyecto de comunicaci\u00f3n El Concejo Deliberante reclam\u00f3 al Ministerio de Seguridad bonaerense que garantice el operativo de seguridad para que se realice el recital de la banda de rock La Renga, previsto\u2026","rel":"","context":"En \u00abMunicipios\u00bb","block_context":{"text":"Municipios","link":"https:\/\/www.24baires.com\/?cat=44"},"img":{"alt_text":"","src":"https:\/\/i0.wp.com\/www.24baires.com\/wp-content\/uploads\/2018\/03\/recital-la-renga.jpg?resize=350%2C200","width":350,"height":200,"srcset":"https:\/\/i0.wp.com\/www.24baires.com\/wp-content\/uploads\/2018\/03\/recital-la-renga.jpg?resize=350%2C200 1x, https:\/\/i0.wp.com\/www.24baires.com\/wp-content\/uploads\/2018\/03\/recital-la-renga.jpg?resize=525%2C300 1.5x"},"classes":[]},{"id":93499,"url":"https:\/\/www.24baires.com\/?p=93499","url_meta":{"origin":100946,"position":1},"title":"La Renga denunci\u00f3 \u00abodio y discriminaci\u00f3n\u00bb tras la suspensi\u00f3n de su show","author":"GB","date":"31\/03\/2017","format":false,"excerpt":"En un comunicado, el grupo de rock La Renga denunci\u00f3 \"las propias inseguridades (del gobierno sanjuanino) alimentadas por el odio y la desinformaci\u00f3n\" tras la suspensi\u00f3n del recital que iban a realizar en esa provincia el 29 de abril. El convocante grupo rockero argentino La Renga consider\u00f3 que la decisi\u00f3n\u2026","rel":"","context":"En \u00abEspectaculos\u00bb","block_context":{"text":"Espectaculos","link":"https:\/\/www.24baires.com\/?cat=41"},"img":{"alt_text":"","src":"https:\/\/i0.wp.com\/www.24baires.com\/wp-content\/uploads\/2017\/03\/la-renga.jpg?resize=350%2C200","width":350,"height":200,"srcset":"https:\/\/i0.wp.com\/www.24baires.com\/wp-content\/uploads\/2017\/03\/la-renga.jpg?resize=350%2C200 1x, https:\/\/i0.wp.com\/www.24baires.com\/wp-content\/uploads\/2017\/03\/la-renga.jpg?resize=525%2C300 1.5x"},"classes":[]},{"id":95263,"url":"https:\/\/www.24baires.com\/?p=95263","url_meta":{"origin":100946,"position":2},"title":"Finalmente, La Renga tocar\u00e1 en Hurac\u00e1n","author":"GB","date":"16\/06\/2017","format":false,"excerpt":"Despu\u00e9s de idas y vueltas, y una primera negativa oficial, Defensa Civil autoriz\u00f3 a la banda de Mataderos a tocar en la Ciudad de Buenos Aires despu\u00e9s de 10 a\u00f1os. Diez a\u00f1os despu\u00e9s, y a pesar de la \u00faltima negativa oficial, La Renga volver\u00e1 a tocar en la Ciudad Aut\u00f3noma\u2026","rel":"","context":"En \u00abEspectaculos\u00bb","block_context":{"text":"Espectaculos","link":"https:\/\/www.24baires.com\/?cat=41"},"img":{"alt_text":"","src":"https:\/\/i0.wp.com\/www.24baires.com\/wp-content\/uploads\/2017\/03\/la-renga.jpg?resize=350%2C200","width":350,"height":200,"srcset":"https:\/\/i0.wp.com\/www.24baires.com\/wp-content\/uploads\/2017\/03\/la-renga.jpg?resize=350%2C200 1x, https:\/\/i0.wp.com\/www.24baires.com\/wp-content\/uploads\/2017\/03\/la-renga.jpg?resize=525%2C300 1.5x"},"classes":[]},{"id":93004,"url":"https:\/\/www.24baires.com\/?p=93004","url_meta":{"origin":100946,"position":3},"title":"Identificaron al segundo muerto en el recital del Indio Solari en Olavarr\u00eda","author":"AF","date":"13\/03\/2017","format":false,"excerpt":"Se llamaba Juan Francisco Bulacio, tenia 36 a\u00f1os y era de Gar\u00edn. Por las dos muertes el m\u00fasico declar\u00f3 ayer y hoy declara el intendente de Olavarr\u00eda. Tras varias horas de investigaci\u00f3n, se confirm\u00f3 la identidad de la segunda v\u00edctima del recital del Indio Solari. Se trata de Juan Francisco\u2026","rel":"","context":"En \u00abSociedad\u00bb","block_context":{"text":"Sociedad","link":"https:\/\/www.24baires.com\/?cat=1"},"img":{"alt_text":"","src":"https:\/\/i0.wp.com\/www.24baires.com\/wp-content\/uploads\/2017\/03\/recital-indio-1.jpg?resize=350%2C200","width":350,"height":200,"srcset":"https:\/\/i0.wp.com\/www.24baires.com\/wp-content\/uploads\/2017\/03\/recital-indio-1.jpg?resize=350%2C200 1x, https:\/\/i0.wp.com\/www.24baires.com\/wp-content\/uploads\/2017\/03\/recital-indio-1.jpg?resize=525%2C300 1.5x"},"classes":[]},{"id":29850,"url":"https:\/\/www.24baires.com\/?p=29850","url_meta":{"origin":100946,"position":4},"title":"Salen a la venta 50 mil nuevas entradas para el recital del Indio Solari","author":"GB","date":"09\/08\/2013","format":false,"excerpt":"El gobernador de Mendoza, Francisco P\u00e9rez, anunci\u00f3 que el recital del Indio cambi\u00f3 otra vez de sede y se realizar\u00e1 el 14 de septiembre en el Aut\u00f3dromo del departamento de San Mart\u00edn, a 50 kil\u00f3metros de la capital provincial. El recital de que Carlos \"El Indio\" Solari cambi\u00f3 nuevamente de\u2026","rel":"","context":"En \u00abEspectaculos\u00bb","block_context":{"text":"Espectaculos","link":"https:\/\/www.24baires.com\/?cat=41"},"img":{"alt_text":"Indio Solari","src":"https:\/\/i0.wp.com\/www.24baires.com\/wp-content\/uploads\/2013\/08\/Indio-Solari.jpg?resize=350%2C200","width":350,"height":200,"srcset":"https:\/\/i0.wp.com\/www.24baires.com\/wp-content\/uploads\/2013\/08\/Indio-Solari.jpg?resize=350%2C200 1x, https:\/\/i0.wp.com\/www.24baires.com\/wp-content\/uploads\/2013\/08\/Indio-Solari.jpg?resize=525%2C300 1.5x"},"classes":[]},{"id":92991,"url":"https:\/\/www.24baires.com\/?p=92991","url_meta":{"origin":100946,"position":5},"title":"Tragedia en Olavarr\u00eda: dos muertos y un herido grave en el recital del Indio Solari","author":"GB","date":"12\/03\/2017","format":false,"excerpt":"El recital del Indio Solari en Olavarr\u00eda convoc\u00f3 a m\u00e1s de 200 mil personas y tuvo un saldo tr\u00e1gico. El Cantante hab\u00eda suspendido el show en el tercer tema para que auxilien a personas que hab\u00edan ca\u00eddo al piso. El recital del Indio Solari en Olavarr\u00eda qued\u00f3 enlutado por la\u2026","rel":"","context":"En \u00abSociedad\u00bb","block_context":{"text":"Sociedad","link":"https:\/\/www.24baires.com\/?cat=1"},"img":{"alt_text":"","src":"https:\/\/i0.wp.com\/www.24baires.com\/wp-content\/uploads\/2017\/03\/recital-indio.jpg?resize=350%2C200","width":350,"height":200,"srcset":"https:\/\/i0.wp.com\/www.24baires.com\/wp-content\/uploads\/2017\/03\/recital-indio.jpg?resize=350%2C200 1x, https:\/\/i0.wp.com\/www.24baires.com\/wp-content\/uploads\/2017\/03\/recital-indio.jpg?resize=525%2C300 1.5x"},"classes":[]}],"jetpack_sharing_enabled":true,"jetpack_likes_enabled":true,"_links":{"self":[{"href":"https:\/\/www.24baires.com\/index.php?rest_route=\/wp\/v2\/posts\/100946","targetHints":{"allow":["GET"]}}],"collection":[{"href":"https:\/\/www.24baires.com\/index.php?rest_route=\/wp\/v2\/posts"}],"about":[{"href":"https:\/\/www.24baires.com\/index.php?rest_route=\/wp\/v2\/types\/post"}],"author":[{"embeddable":true,"href":"https:\/\/www.24baires.com\/index.php?rest_route=\/wp\/v2\/users\/8"}],"replies":[{"embeddable":true,"href":"https:\/\/www.24baires.com\/index.php?rest_route=%2Fwp%2Fv2%2Fcomments&post=100946"}],"version-history":[{"count":1,"href":"https:\/\/www.24baires.com\/index.php?rest_route=\/wp\/v2\/posts\/100946\/revisions"}],"predecessor-version":[{"id":100948,"href":"https:\/\/www.24baires.com\/index.php?rest_route=\/wp\/v2\/posts\/100946\/revisions\/100948"}],"wp:attachment":[{"href":"https:\/\/www.24baires.com\/index.php?rest_route=%2Fwp%2Fv2%2Fmedia&parent=100946"}],"wp:term":[{"taxonomy":"category","embeddable":true,"href":"https:\/\/www.24baires.com\/index.php?rest_route=%2Fwp%2Fv2%2Fcategories&post=100946"},{"taxonomy":"post_tag","embeddable":true,"href":"https:\/\/www.24baires.com\/index.php?rest_route=%2Fwp%2Fv2%2Ftags&post=100946"}],"curies":[{"name":"wp","href":"https:\/\/api.w.org\/{rel}","templated":true}]}}