{"id":10086,"date":"2012-12-22T10:18:39","date_gmt":"2012-12-22T13:18:39","guid":{"rendered":"http:\/\/www.24baires.com\/?p=10086"},"modified":"2012-12-22T10:18:45","modified_gmt":"2012-12-22T13:18:45","slug":"instan-a-cumplir-la-ley-que-afilia-a-ioma-a-alumnos-de-escuelas-especiales","status":"publish","type":"post","link":"https:\/\/www.24baires.com\/?p=10086","title":{"rendered":"Instan a cumplir la Ley que afilia a IOMA a alumnos de escuelas especiales"},"content":{"rendered":"<p><a href=\"http:\/\/www.24baires.com\/sociedad\/10086-instan-a-cumplir-la-ley-que-afilia-a-ioma-a-alumnos-de-escuelas-especiales\/attachment\/baro\/\" rel=\"attachment wp-att-10087\"><img data-recalc-dims=\"1\" loading=\"lazy\" decoding=\"async\" class=\"alignleft size-full wp-image-10087\" alt=\"baro\" src=\"https:\/\/i0.wp.com\/www.24baires.com\/wp-content\/uploads\/2012\/12\/baro.png?resize=250%2C175\" width=\"250\" height=\"175\" \/><\/a>Mediante un proyecto presentado en la C\u00e1mara Alta bonaerense, la senadora radical Malena Baro inst\u00f3 al gobierno de Daniel Scioli a implementar de inmediato los beneficios contemplados en la ley 10.978, sancionada y publicada en noviembre del a\u00f1o 1990, que incorpora a los alumnos que no posean obra social de los establecimientos dependientes de la direcci\u00f3n de educaci\u00f3n especial, al Instituto de Obra M\u00e9dico Asistencial (I.O.M.A.).<!--more--><\/p>\n<p>La norma contempla adem\u00e1s que cada establecimiento educativo confeccione los listados de los alumnos que se encuentren en esa circunstancia, y a los consejos escolares como centralizadores de la informaci\u00f3n y dadores de los carnets individuales a proporcionar por el I.O.M.A.<\/p>\n<p>Por otra parte se prev\u00e9 que la Direcci\u00f3n General de Cultura y Educaci\u00f3n sea la encargada del otorgamiento, para cada ciclo lectivo, de las acreditaciones de alumno regular para los beneficiarios que re\u00fanan dicha caracter\u00edstica, siendo los directores de los establecimientos los responsables de dicha acreditaci\u00f3n, la cual es requisito para la validez del carnet.<\/p>\n<p>\u201cA pesar de la claridad de la norma y habiendo transcurrido m\u00e1s de veinte a\u00f1os desde su sanci\u00f3n, el beneficio instituido incre\u00edblemente a\u00fan no ha sido implementado. Es m\u00e1s, fue lisa y llanamente ignorado por las sucesivas administraciones del gobierno provincial, demostrando una absoluta indiferencia por la m\u00e1s elemental atenci\u00f3n de los ni\u00f1os con capacidades especiales\u201d, precis\u00f3 Baro.<\/p>\n<p>Adem\u00e1s explic\u00f3 que \u201cno se trata de la totalidad de los ni\u00f1os con necesidades especiales, sino de aquellos incorporados a la poblaci\u00f3n escolar de los establecimientos de educaci\u00f3n especial\u201d.<\/p>\n<p>Por otra parte consider\u00f3 que \u201cla inobservancia de la ley configura, m\u00e1s all\u00e1 del quebrantamiento de derechos individuales y colectivos de los beneficiarios de la norma y de la sociedad en su conjunto, el incumplimiento del Estado Provincial y con \u00e9l el del Estado Nacional, de los derechos humanos de los ni\u00f1os, de los derechos humanos de los usuarios discapacitados del servicio de salud y educativo y de los derechos humanos de las personas con discapacidad\u201d.<\/p>\n<p>&nbsp;<\/p>\n<p>&nbsp;<\/p>\n<p>&nbsp;<\/p>\n<p>&nbsp;<\/p>\n<p>&nbsp;<\/p>\n<p>&nbsp;<\/p>\n<p>&nbsp;<\/p>\n<p>&nbsp;<\/p>\n<p>&nbsp;<\/p>\n<p>&nbsp;<\/p>\n<p>&nbsp;<\/p>\n<p>&nbsp;<\/p>\n<p>&nbsp;<\/p>\n<p>&nbsp;<\/p>\n<p>&nbsp;<\/p>\n<p>&nbsp;<\/p>\n<p>&nbsp;<\/p>\n<p>&nbsp;<\/p>\n<p>&nbsp;<\/p>\n<p>&nbsp;<\/p>\n<p>&nbsp;<\/p>\n<p>&nbsp;<\/p>\n<p>&nbsp;<\/p>\n","protected":false},"excerpt":{"rendered":"<p>Mediante un proyecto presentado en la C\u00e1mara Alta bonaerense, la senadora radical Malena Baro inst\u00f3 al gobierno de Daniel Scioli a implementar de inmediato los beneficios contemplados en la ley 10.978, sancionada y publicada en noviembre del a\u00f1o 1990, que incorpora a los alumnos que no posean obra social de los establecimientos dependientes de la direcci\u00f3n de educaci\u00f3n especial, al [&#8230;]<\/p>\n","protected":false},"author":4,"featured_media":0,"comment_status":"open","ping_status":"open","sticky":false,"template":"","format":"standard","meta":{"_jetpack_newsletter_access":"","_jetpack_dont_email_post_to_subs":false,"_jetpack_newsletter_tier_id":0,"_jetpack_memberships_contains_paywalled_content":false,"_jetpack_memberships_contains_paid_content":false,"footnotes":""},"categories":[1],"tags":[],"class_list":["post-10086","post","type-post","status-publish","format-standard","hentry","category-sociedad"],"jetpack_featured_media_url":"","jetpack_shortlink":"https:\/\/wp.me\/p2JWE0-2CG","jetpack-related-posts":[{"id":92095,"url":"https:\/\/www.24baires.com\/?p=92095","url_meta":{"origin":10086,"position":0},"title":"Rige en la Provincia la ley que pena a quienes agredan a docentes","author":"GB","date":"02\/02\/2017","format":false,"excerpt":"Contempla multas econ\u00f3micas y hasta la pena de arresto para quienes agredan a docentes y no docentes en escuelas p\u00fablicas y privadas bonaerenses. El gobierno de Mar\u00eda Eugenia Vidal promulg\u00f3 la ley que prev\u00e9 penas econ\u00f3micas y hasta de prisi\u00f3n para aquellos que agredan a docentes y no docentes en\u2026","rel":"","context":"En \u00abProvincia\u00bb","block_context":{"text":"Provincia","link":"https:\/\/www.24baires.com\/?cat=40"},"img":{"alt_text":"","src":"https:\/\/i0.wp.com\/www.24baires.com\/wp-content\/uploads\/2014\/05\/escuela03.jpg?resize=350%2C200","width":350,"height":200,"srcset":"https:\/\/i0.wp.com\/www.24baires.com\/wp-content\/uploads\/2014\/05\/escuela03.jpg?resize=350%2C200 1x, https:\/\/i0.wp.com\/www.24baires.com\/wp-content\/uploads\/2014\/05\/escuela03.jpg?resize=525%2C300 1.5x"},"classes":[]},{"id":105663,"url":"https:\/\/www.24baires.com\/?p=105663","url_meta":{"origin":10086,"position":1},"title":"Proh\u00edben a escuelas privadas retener los boletines por morosidad en las cuotas","author":"GB","date":"29\/11\/2018","format":false,"excerpt":"El Gobierno bonaerense promulg\u00f3 hoy una ley que proh\u00edbe a los establecimientos educativos p\u00fablicos de gesti\u00f3n privada \"retener o no entregar boletines de calificaciones, certificados de estudios, pases a otros establecimientos, certificados de regularidad y toda otra documentaci\u00f3n oficial de aquellos alumnos que registren morosidad en el pago aranceles o\u2026","rel":"","context":"En \u00abEducaci\u00f3n\u00bb","block_context":{"text":"Educaci\u00f3n","link":"https:\/\/www.24baires.com\/?cat=327"},"img":{"alt_text":"","src":"https:\/\/i0.wp.com\/www.24baires.com\/wp-content\/uploads\/2016\/09\/escuela-privada.jpg?resize=350%2C200","width":350,"height":200,"srcset":"https:\/\/i0.wp.com\/www.24baires.com\/wp-content\/uploads\/2016\/09\/escuela-privada.jpg?resize=350%2C200 1x, https:\/\/i0.wp.com\/www.24baires.com\/wp-content\/uploads\/2016\/09\/escuela-privada.jpg?resize=525%2C300 1.5x"},"classes":[]},{"id":94688,"url":"https:\/\/www.24baires.com\/?p=94688","url_meta":{"origin":10086,"position":2},"title":"Tigre: un alumno dispar\u00f3 contra docentes","author":"GB","date":"22\/05\/2017","format":false,"excerpt":"Ocurri\u00f3 en la escuela Secundaria 13. Despu\u00e9s de una discusi\u00f3n con otro alumno, el joven se escap\u00f3 del establecimiento y volvi\u00f3 con un arma de fuego y realiz\u00f3 tres disparos. No hay heridos. El alumno qued\u00f3 detenido por tentativa de homicidio. Un alumno de la Escuela Secundaria 13 vivieron una\u2026","rel":"","context":"En \u00abLocales\u00bb","block_context":{"text":"Locales","link":"https:\/\/www.24baires.com\/?cat=38"},"img":{"alt_text":"","src":"https:\/\/i0.wp.com\/www.24baires.com\/wp-content\/uploads\/2017\/05\/escuela-tigre.jpg?resize=350%2C200","width":350,"height":200,"srcset":"https:\/\/i0.wp.com\/www.24baires.com\/wp-content\/uploads\/2017\/05\/escuela-tigre.jpg?resize=350%2C200 1x, https:\/\/i0.wp.com\/www.24baires.com\/wp-content\/uploads\/2017\/05\/escuela-tigre.jpg?resize=525%2C300 1.5x"},"classes":[]},{"id":30793,"url":"https:\/\/www.24baires.com\/?p=30793","url_meta":{"origin":10086,"position":3},"title":"Alumnos de escuela t\u00e9cnica desarrollan bast\u00f3n electr\u00f3nico para no videntes","author":"AF","date":"26\/08\/2013","format":false,"excerpt":"9 DE JULIO - En el marco de la IV Feria de Ciencia y Tecnolog\u00eda que se realiz\u00f3 en esta ciudad del oeste bonaerense, alumnos y docentes de la EET N\u00b0 2, entregaron a una vecina no vidente de 9 de Julio un bast\u00f3n electr\u00f3nico desarrollado por ellos mismos. Al\u2026","rel":"","context":"En \u00abLocales\u00bb","block_context":{"text":"Locales","link":"https:\/\/www.24baires.com\/?cat=38"},"img":{"alt_text":"","src":"","width":0,"height":0},"classes":[]},{"id":49032,"url":"https:\/\/www.24baires.com\/?p=49032","url_meta":{"origin":10086,"position":4},"title":"Ayacucho: alumnos de una escuela rural crean una radio con netbooks","author":"AF","date":"01\/07\/2014","format":false,"excerpt":"En el municipio de Ayacucho, estudiantes de la Escuela Rural Secundaria N\u00ba 2 de Udaquiola, crearon una radio con netbooks, en una zona a la que no llegan las emisoras, no hay internet y la se\u00f1al de telefon\u00eda celular es precaria. La iniciativa, denominada \u201cComunicaci\u00f3n, viejas y nuevas TIC\u201d, se\u2026","rel":"","context":"En \u00abLocales\u00bb","block_context":{"text":"Locales","link":"https:\/\/www.24baires.com\/?cat=38"},"img":{"alt_text":"escuela","src":"https:\/\/i0.wp.com\/www.24baires.com\/wp-content\/uploads\/2014\/01\/escuela-300x161.jpg?resize=350%2C200","width":350,"height":200},"classes":[]},{"id":101088,"url":"https:\/\/www.24baires.com\/?p=101088","url_meta":{"origin":10086,"position":5},"title":"Vidal dio marcha atr\u00e1s y los bachilleratos de adultos reanudar\u00e1n sus clases","author":"AF","date":"15\/03\/2018","format":false,"excerpt":"Tras las masivas protestas que se sucedieron desde que se conoci\u00f3 la decisi\u00f3n de cerrar los 441 Bachilleratos para Adultos que funcionaban en la provincia de Buenos Aires y la relocalizaci\u00f3n de los m\u00e1s de 6000 alumnos mayores de 18 a\u00f1os inscriptos, la Direcci\u00f3n General de Educaci\u00f3n y Cultura resolvi\u00f3\u2026","rel":"","context":"En \u00abSociedad\u00bb","block_context":{"text":"Sociedad","link":"https:\/\/www.24baires.com\/?cat=1"},"img":{"alt_text":"","src":"https:\/\/i0.wp.com\/www.24baires.com\/wp-content\/uploads\/2017\/05\/vidal-1.jpg?resize=350%2C200","width":350,"height":200,"srcset":"https:\/\/i0.wp.com\/www.24baires.com\/wp-content\/uploads\/2017\/05\/vidal-1.jpg?resize=350%2C200 1x, https:\/\/i0.wp.com\/www.24baires.com\/wp-content\/uploads\/2017\/05\/vidal-1.jpg?resize=525%2C300 1.5x"},"classes":[]}],"jetpack_sharing_enabled":true,"jetpack_likes_enabled":true,"_links":{"self":[{"href":"https:\/\/www.24baires.com\/index.php?rest_route=\/wp\/v2\/posts\/10086","targetHints":{"allow":["GET"]}}],"collection":[{"href":"https:\/\/www.24baires.com\/index.php?rest_route=\/wp\/v2\/posts"}],"about":[{"href":"https:\/\/www.24baires.com\/index.php?rest_route=\/wp\/v2\/types\/post"}],"author":[{"embeddable":true,"href":"https:\/\/www.24baires.com\/index.php?rest_route=\/wp\/v2\/users\/4"}],"replies":[{"embeddable":true,"href":"https:\/\/www.24baires.com\/index.php?rest_route=%2Fwp%2Fv2%2Fcomments&post=10086"}],"version-history":[{"count":3,"href":"https:\/\/www.24baires.com\/index.php?rest_route=\/wp\/v2\/posts\/10086\/revisions"}],"predecessor-version":[{"id":10090,"href":"https:\/\/www.24baires.com\/index.php?rest_route=\/wp\/v2\/posts\/10086\/revisions\/10090"}],"wp:attachment":[{"href":"https:\/\/www.24baires.com\/index.php?rest_route=%2Fwp%2Fv2%2Fmedia&parent=10086"}],"wp:term":[{"taxonomy":"category","embeddable":true,"href":"https:\/\/www.24baires.com\/index.php?rest_route=%2Fwp%2Fv2%2Fcategories&post=10086"},{"taxonomy":"post_tag","embeddable":true,"href":"https:\/\/www.24baires.com\/index.php?rest_route=%2Fwp%2Fv2%2Ftags&post=10086"}],"curies":[{"name":"wp","href":"https:\/\/api.w.org\/{rel}","templated":true}]}}