{"id":100721,"date":"2018-02-25T14:25:58","date_gmt":"2018-02-25T17:25:58","guid":{"rendered":"http:\/\/www.24baires.com\/?p=100721"},"modified":"2018-02-25T14:25:58","modified_gmt":"2018-02-25T17:25:58","slug":"cuando-la-exclusion-social-se-planifica","status":"publish","type":"post","link":"https:\/\/www.24baires.com\/?p=100721","title":{"rendered":"Cuando la exclusi\u00f3n social se planifica"},"content":{"rendered":"<p><img data-recalc-dims=\"1\" loading=\"lazy\" decoding=\"async\" src=\"https:\/\/i0.wp.com\/www.24baires.com\/wp-content\/uploads\/2017\/10\/vidal.jpg?resize=560%2C314\" alt=\"\" width=\"560\" height=\"314\" class=\"aligncenter size-full wp-image-98240\" srcset=\"https:\/\/i0.wp.com\/www.24baires.com\/wp-content\/uploads\/2017\/10\/vidal.jpg?w=560&amp;ssl=1 560w, https:\/\/i0.wp.com\/www.24baires.com\/wp-content\/uploads\/2017\/10\/vidal.jpg?resize=300%2C168&amp;ssl=1 300w\" sizes=\"auto, (max-width: 560px) 100vw, 560px\" \/>La educaci\u00f3n es un derecho humano inalienable, y el Estado debe velar porque ese derecho no se conculque, es decir, para que nada ni nadie lo infrinja o vaya en su contra. Claro, estamos de acuerdo, pero ocurre que es el propio Estado quien est\u00e1 tomando decisiones pol\u00edticas que atentan contra derechos universales. Si un gobierno elige cerrar escuelas en vez de construirlas, es porque tiene pensado usar esos ladrillos en c\u00e1rceles.<!--more--><\/p>\n<p>La gobernadora Mar\u00eda Eugenia Vidal cerr\u00f3 8 establecimientos educativos del Delta, luego, como no le alcanz\u00f3, planea cerrar otras 39 escuelas rurales de la Provincia de Buenos Aires, lo que podr\u00eda dejar fuera del sistema educativo a unos 80 chicos y chicas a escasos d\u00edas del inicio de clases.<\/p>\n<p>Este gobierno provincial, al igual que el nacional, mientras estaba en campa\u00f1a, prometi\u00f3 mejorar los sueldos a docentes, edificar escuelas, traer al pa\u00eds sistemas infalibles que har\u00edan de nuestros ni\u00f1os y ni\u00f1as los l\u00edderes del ma\u00f1ana que tanto necesitamos. Mintieron con descaro, y eso, a diferencia de algunas de mis apreciaciones en estas l\u00edneas, es un hecho f\u00e1ctico, no una opini\u00f3n.<\/p>\n<p>Nadie en el gobierno de Mar\u00eda Eugenia Vidal realiz\u00f3 un trabajo serio que d\u00e9 cuenta de los por qu\u00e9 ante la falta de alumnos en las casi 40 escuelas que pretenden cerrar. Porque ese fue el justificativo del director general de Cultura y Educaci\u00f3n bonaerense, Gabriel S\u00e1nchez Zinny: en un intento por morigerar el impacto de esta medida dijo que algunas de esas escuelas no ten\u00edan alumnos matriculados. Lo que no dijo aunque lo sabe es que van a cerrar escuelas a las que concurren entre 5 y 10 alumnos, quiz\u00e1 pocos para los par\u00e1metros de escuelas atiborradas que tiene la provincia, pero l\u00f3gico para escuelas rurales.<\/p>\n<p>Quiz\u00e1 el adjetivo RURAL que califica al sustantivo ESCUELA, no es suficiente informaci\u00f3n para entender que esos establecimientos se crearon justamente para equiparar derechos: los ni\u00f1os y ni\u00f1as que viven en sitios alejados tambi\u00e9n deben tener la oportunidad de recibir educaci\u00f3n p\u00fablica y gratuita como los que viven en las ciudades.<\/p>\n<p>Resulta evidente que quienes concurr\u00edan a los jardines rurales, primarias y el  secundario para adultos que Vidal quiere cerrar, no necesariamente podr\u00e1n asistir a otros establecimientos, por el traslado de kil\u00f3metros diarios, cuestiones socioecon\u00f3micas y por la fecha en la que toman esta decisi\u00f3n repudiable.<\/p>\n<p>Tambi\u00e9n resulta evidente que esto es sumamente inequitativo, que marca un hito horrible en nuestra historia. Venimos de un gobierno que edific\u00f3 m\u00e1s de 1700 escuelas, y ahora debemos padecer al gobierno que, adem\u00e1s de hambrearnos, exprimirnos los bolsillos, dejarnos sin trabajo y reprimirnos hasta la muerte en las protestas, ahora decide arrancarles a muchas familias un derecho b\u00e1sico, que deber\u00eda garantizar.<\/p>\n<p>Esto es Cambiemos, esto es Mar\u00eda Eugenia Vidal, este es el proyecto que los impulsa, la exclusi\u00f3n social que planifican y ejecutan. Y si de verdad no ves nada de esto, empez\u00e1 a dudar de tus ojos.<\/p>\n","protected":false},"excerpt":{"rendered":"<p>La educaci\u00f3n es un derecho humano inalienable, y el Estado debe velar porque ese derecho no se conculque, es decir, para que nada ni nadie lo infrinja o vaya en su contra. Claro, estamos de acuerdo, pero ocurre que es el propio Estado quien est\u00e1 tomando decisiones pol\u00edticas que atentan contra derechos universales. Si un gobierno elige cerrar escuelas en [&#8230;]<\/p>\n","protected":false},"author":4,"featured_media":0,"comment_status":"open","ping_status":"open","sticky":false,"template":"","format":"standard","meta":{"_jetpack_newsletter_access":"","_jetpack_dont_email_post_to_subs":false,"_jetpack_newsletter_tier_id":0,"_jetpack_memberships_contains_paywalled_content":false,"_jetpack_memberships_contains_paid_content":false,"footnotes":""},"categories":[64],"tags":[],"class_list":["post-100721","post","type-post","status-publish","format-standard","hentry","category-opinion"],"jetpack_featured_media_url":"","jetpack_shortlink":"https:\/\/wp.me\/p2JWE0-qcx","jetpack-related-posts":[{"id":100682,"url":"https:\/\/www.24baires.com\/?p=100682","url_meta":{"origin":100721,"position":0},"title":"Vidal cierra 39 escuelas rurales por \u00abbaja matr\u00edcula\u00bb","author":"AF","date":"22\/02\/2018","format":false,"excerpt":"Tras disponer el cierre de ocho establecimientos del Delta, el gobierno bonaerense decidi\u00f3 clausurar 39 escuelas rurales de la provincia a solo diez d\u00edas del comienzo del ciclo lectivo. El bloque de diputados del FPV ya present\u00f3 un pedido de informes en la Legislatura para que la gobernadora d\u00e9 explicaciones,\u2026","rel":"","context":"En \u00abSociedad\u00bb","block_context":{"text":"Sociedad","link":"https:\/\/www.24baires.com\/?cat=1"},"img":{"alt_text":"","src":"https:\/\/i0.wp.com\/www.24baires.com\/wp-content\/uploads\/2017\/10\/vidal.jpg?resize=350%2C200","width":350,"height":200,"srcset":"https:\/\/i0.wp.com\/www.24baires.com\/wp-content\/uploads\/2017\/10\/vidal.jpg?resize=350%2C200 1x, https:\/\/i0.wp.com\/www.24baires.com\/wp-content\/uploads\/2017\/10\/vidal.jpg?resize=525%2C300 1.5x"},"classes":[]},{"id":100585,"url":"https:\/\/www.24baires.com\/?p=100585","url_meta":{"origin":100721,"position":1},"title":"Provincia cierra diez escuelas en el Delta","author":"AF","date":"17\/02\/2018","format":false,"excerpt":"A tres semanas del inicio de las clases, el Gobierno de la Provincia de Buenos Aires confirm\u00f3 el cierre de seis escuelas primarias y cuatro jardines de infantes ubicados en las islas del Delta, en San Fernando. \u201cDesde el gobierno provincial lo dicen sin pelos en la lengua\u201d, denunci\u00f3 Adriana\u2026","rel":"","context":"En \u00abLocales\u00bb","block_context":{"text":"Locales","link":"https:\/\/www.24baires.com\/?cat=38"},"img":{"alt_text":"","src":"https:\/\/i0.wp.com\/www.24baires.com\/wp-content\/uploads\/2018\/02\/asamblea-delta.jpeg?resize=350%2C200","width":350,"height":200,"srcset":"https:\/\/i0.wp.com\/www.24baires.com\/wp-content\/uploads\/2018\/02\/asamblea-delta.jpeg?resize=350%2C200 1x, https:\/\/i0.wp.com\/www.24baires.com\/wp-content\/uploads\/2018\/02\/asamblea-delta.jpeg?resize=525%2C300 1.5x"},"classes":[]},{"id":121220,"url":"https:\/\/www.24baires.com\/?p=121220","url_meta":{"origin":100721,"position":2},"title":"Kicillof inaugur\u00f3 el Jard\u00edn de Infantes 100 de su gesti\u00f3n: \u00abEsto es el Estado\u00bb","author":"GB","date":"11\/04\/2024","format":false,"excerpt":"En Mar del Tuy\u00fa, Axel Kicillof cort\u00f3 la cinta del jard\u00edn de infantes 100 de su gesti\u00f3n. \" Vale doble porque el gobierno nacional cort\u00f3 la obra p\u00fablica\" dijo. Axel Kicillof celebr\u00f3 un nuevo hito al inaugurar el Jard\u00edn de Infantes 100 en en sus cuatro a\u00f1os y medio de\u2026","rel":"","context":"En \u00abProvincia\u00bb","block_context":{"text":"Provincia","link":"https:\/\/www.24baires.com\/?cat=40"},"img":{"alt_text":"","src":"https:\/\/i0.wp.com\/www.24baires.com\/wp-content\/uploads\/2024\/04\/axel-jardin.webp?resize=350%2C200","width":350,"height":200,"srcset":"https:\/\/i0.wp.com\/www.24baires.com\/wp-content\/uploads\/2024\/04\/axel-jardin.webp?resize=350%2C200 1x, https:\/\/i0.wp.com\/www.24baires.com\/wp-content\/uploads\/2024\/04\/axel-jardin.webp?resize=525%2C300 1.5x, https:\/\/i0.wp.com\/www.24baires.com\/wp-content\/uploads\/2024\/04\/axel-jardin.webp?resize=700%2C400 2x"},"classes":[]},{"id":62490,"url":"https:\/\/www.24baires.com\/?p=62490","url_meta":{"origin":100721,"position":3},"title":"Provincia asegura que s\u00f3lo el 1% de las escuelas permanecieron cerradas hoy","author":"AF","date":"02\/03\/2015","format":false,"excerpt":"Un relevamiento realizado por la Direcci\u00f3n General de Escuelas en las primeras horas del d\u00eda, ofreci\u00f3 como resultado que en en \u00e1mbito de la provincia de Buenos Aires solamente el 1% de los edificios escolares no abrieron sus puertas para recibir a los chicos de las escuelas primarias e inicial.\u2026","rel":"","context":"En \u00abSociedad\u00bb","block_context":{"text":"Sociedad","link":"https:\/\/www.24baires.com\/?cat=1"},"img":{"alt_text":"Dise\u00f1o-de-escuelas","src":"https:\/\/i0.wp.com\/www.24baires.com\/wp-content\/uploads\/2013\/12\/Dise%C3%B1o-de-escuelas.jpg?resize=350%2C200","width":350,"height":200,"srcset":"https:\/\/i0.wp.com\/www.24baires.com\/wp-content\/uploads\/2013\/12\/Dise%C3%B1o-de-escuelas.jpg?resize=350%2C200 1x, https:\/\/i0.wp.com\/www.24baires.com\/wp-content\/uploads\/2013\/12\/Dise%C3%B1o-de-escuelas.jpg?resize=525%2C300 1.5x"},"classes":[]},{"id":122138,"url":"https:\/\/www.24baires.com\/?p=122138","url_meta":{"origin":100721,"position":4},"title":"Axel Avellaneda: \u201cSin igualdad de oportunidades, hablar de libertad es una estafa\u201d","author":"GB","date":"13\/03\/2025","format":false,"excerpt":"El gobernador bonaerense inaugur\u00f3 obras en escuelas, entreg\u00f3 escrituras y reafirm\u00f3 el rol del Estado para garantizar derechos en Avellaneda. El gobernador de la provincia de Buenos Aires, Axel Kicillof, encabez\u00f3 este mi\u00e9rcoles una jornada de gesti\u00f3n en Avellaneda, donde inaugur\u00f3 obras de ampliaci\u00f3n y refacci\u00f3n en dos escuelas primarias\u2026","rel":"","context":"En \u00abProvincia\u00bb","block_context":{"text":"Provincia","link":"https:\/\/www.24baires.com\/?cat=40"},"img":{"alt_text":"","src":"https:\/\/i0.wp.com\/www.24baires.com\/wp-content\/uploads\/2025\/03\/primaria-53-kici.jpg?resize=350%2C200","width":350,"height":200,"srcset":"https:\/\/i0.wp.com\/www.24baires.com\/wp-content\/uploads\/2025\/03\/primaria-53-kici.jpg?resize=350%2C200 1x, https:\/\/i0.wp.com\/www.24baires.com\/wp-content\/uploads\/2025\/03\/primaria-53-kici.jpg?resize=525%2C300 1.5x, https:\/\/i0.wp.com\/www.24baires.com\/wp-content\/uploads\/2025\/03\/primaria-53-kici.jpg?resize=700%2C400 2x"},"classes":[]},{"id":92520,"url":"https:\/\/www.24baires.com\/?p=92520","url_meta":{"origin":100721,"position":5},"title":"La Provincia convocar\u00eda a docentes para una nueva reuni\u00f3n paritaria","author":"AF","date":"20\/02\/2017","format":false,"excerpt":"El Gobierno bonaerense convocar\u00eda a los docentes a una nueva reuni\u00f3n paritaria hacia fines de esta semana, y presentar\u00eda una oferta que, sin modificar el incremento del 18%, mejore otras variables e incluso incorpore algunos puntos a la suba acordada para 2016. La nueva propuesta del Ejecutivo bonaerense terminar\u00e1 de\u2026","rel":"","context":"En \u00abSociedad\u00bb","block_context":{"text":"Sociedad","link":"https:\/\/www.24baires.com\/?cat=1"},"img":{"alt_text":"","src":"https:\/\/i0.wp.com\/www.24baires.com\/wp-content\/uploads\/2016\/02\/docentes-vidal.jpg?resize=350%2C200","width":350,"height":200,"srcset":"https:\/\/i0.wp.com\/www.24baires.com\/wp-content\/uploads\/2016\/02\/docentes-vidal.jpg?resize=350%2C200 1x, https:\/\/i0.wp.com\/www.24baires.com\/wp-content\/uploads\/2016\/02\/docentes-vidal.jpg?resize=525%2C300 1.5x"},"classes":[]}],"jetpack_sharing_enabled":true,"jetpack_likes_enabled":true,"_links":{"self":[{"href":"https:\/\/www.24baires.com\/index.php?rest_route=\/wp\/v2\/posts\/100721","targetHints":{"allow":["GET"]}}],"collection":[{"href":"https:\/\/www.24baires.com\/index.php?rest_route=\/wp\/v2\/posts"}],"about":[{"href":"https:\/\/www.24baires.com\/index.php?rest_route=\/wp\/v2\/types\/post"}],"author":[{"embeddable":true,"href":"https:\/\/www.24baires.com\/index.php?rest_route=\/wp\/v2\/users\/4"}],"replies":[{"embeddable":true,"href":"https:\/\/www.24baires.com\/index.php?rest_route=%2Fwp%2Fv2%2Fcomments&post=100721"}],"version-history":[{"count":1,"href":"https:\/\/www.24baires.com\/index.php?rest_route=\/wp\/v2\/posts\/100721\/revisions"}],"predecessor-version":[{"id":100722,"href":"https:\/\/www.24baires.com\/index.php?rest_route=\/wp\/v2\/posts\/100721\/revisions\/100722"}],"wp:attachment":[{"href":"https:\/\/www.24baires.com\/index.php?rest_route=%2Fwp%2Fv2%2Fmedia&parent=100721"}],"wp:term":[{"taxonomy":"category","embeddable":true,"href":"https:\/\/www.24baires.com\/index.php?rest_route=%2Fwp%2Fv2%2Fcategories&post=100721"},{"taxonomy":"post_tag","embeddable":true,"href":"https:\/\/www.24baires.com\/index.php?rest_route=%2Fwp%2Fv2%2Ftags&post=100721"}],"curies":[{"name":"wp","href":"https:\/\/api.w.org\/{rel}","templated":true}]}}