{"id":100597,"date":"2018-02-18T14:00:07","date_gmt":"2018-02-18T17:00:07","guid":{"rendered":"http:\/\/www.24baires.com\/?p=100597"},"modified":"2018-02-18T10:03:58","modified_gmt":"2018-02-18T13:03:58","slug":"crisis-en-los-medios-en-dos-meses-779-trabajadores-fueron-despedidos","status":"publish","type":"post","link":"https:\/\/www.24baires.com\/?p=100597","title":{"rendered":"Crisis en los medios: en dos meses, 779 trabajadores fueron despedidos"},"content":{"rendered":"<p><img data-recalc-dims=\"1\" loading=\"lazy\" decoding=\"async\" src=\"https:\/\/i0.wp.com\/www.24baires.com\/wp-content\/uploads\/2018\/02\/periodistas-despedidos.jpg?resize=560%2C342\" alt=\"\" width=\"560\" height=\"342\" class=\"aligncenter size-full wp-image-100598\" srcset=\"https:\/\/i0.wp.com\/www.24baires.com\/wp-content\/uploads\/2018\/02\/periodistas-despedidos.jpg?w=560&amp;ssl=1 560w, https:\/\/i0.wp.com\/www.24baires.com\/wp-content\/uploads\/2018\/02\/periodistas-despedidos.jpg?resize=300%2C183&amp;ssl=1 300w\" sizes=\"auto, (max-width: 560px) 100vw, 560px\" \/>Algunos medios cerraron, otros despidieron a sus trabajadores. Deudas, falta de pago de sueldos y incertidumbre, el clima que reina en los medios.<!--more--><\/p>\n<p>En diciembre y enero se perdieron 779 puestos de trabajo en medios de comunicaci\u00f3n, de acuerdo a un relevamiento que hizo El Destape con datos de consultoras privadas. Al cierre de la hist\u00f3rica revista El Gr\u00e1fico se suman las bajas de portales como ARG Noticias y la crisis que atraviesa el Diario Hoy de La Plata. Los medios estatales fueron los que m\u00e1s trabajadores dejaron en la calle con un r\u00e9cord en el mes de diciembre. Las legendarias Radio Rivadavia y Continental tambi\u00e9n sufren el embate econ\u00f3mico y senearon su d\u00e9ficit con cesant\u00edas o falta de pagos de salarios.<\/p>\n<p>De acuerdo a datos de CEPA, en enero los despidos en medios p\u00fablicos contabilizaron 425 casos entre Radio Nacional, la TV P\u00fablica y el Canal de la Ciudad de Buenos Aires. El informe contabiliza los contratos finalizados, los retiros voluntarios y los empleados que colaboraban bajo la modalidad de facturaci\u00f3n y dejaron de hacerlo. \u201cEn diciembre y en enero se dio una gran cantidad de despidos. Despu\u00e9s de la elecci\u00f3n de octubre, el gobierno intent\u00f3 acallar las voces, entre otras maneras, por medio de los despidos\u201d, explic\u00f3 a El Destape Hern\u00e1n Letcher, director de CEPA.<\/p>\n<p>Radio Nacional fue el medio estatal m\u00e1s perjudicado con 233 despidos en total seg\u00fan CEPA. Las autoridades de la emisora vaciaron la programaci\u00f3n de Nacional Folk\u00f3rica y Nacional Cl\u00e1sica echando a conductores, productores y colaboradores. \u201cHan despedido a una compa\u00f1era embarazada en La Rioja y a una mujer que era jefa de familia que puede quedar en la calle, porque no le alcanza para pagar el alquiler\u201d, sostuvo a este portal Fernando Pedernera, Delegado de Sipreba en Radio Nacional.<\/p>\n","protected":false},"excerpt":{"rendered":"<p>Algunos medios cerraron, otros despidieron a sus trabajadores. Deudas, falta de pago de sueldos y incertidumbre, el clima que reina en los medios.<\/p>\n","protected":false},"author":8,"featured_media":0,"comment_status":"open","ping_status":"open","sticky":false,"template":"","format":"standard","meta":{"_jetpack_newsletter_access":"","_jetpack_dont_email_post_to_subs":false,"_jetpack_newsletter_tier_id":0,"_jetpack_memberships_contains_paywalled_content":false,"_jetpack_memberships_contains_paid_content":false,"footnotes":""},"categories":[54],"tags":[],"class_list":["post-100597","post","type-post","status-publish","format-standard","hentry","category-medios"],"jetpack_featured_media_url":"","jetpack_shortlink":"https:\/\/wp.me\/p2JWE0-qax","jetpack-related-posts":[{"id":58225,"url":"https:\/\/www.24baires.com\/?p=58225","url_meta":{"origin":100597,"position":0},"title":"Chascom\u00fas analiza desdoblar el pago del medio aguinaldo por la crisis econ\u00f3mica que enfrenta","author":"GB","date":"06\/12\/2014","format":false,"excerpt":"El intendente de Chascom\u00fas, Juan Gobbi, anunci\u00f3 tras una reuni\u00f3n con su Gabinete que analiza desdoblar el pago del aguinaldo de los trabajadores municipales, como consecuencia de la \"carencia de los recursos necesarios y falta de disponibilidad financiera\" que padece el distrito. Lejos de otorgar un bono de fin de\u2026","rel":"","context":"En \u00abLocales\u00bb","block_context":{"text":"Locales","link":"https:\/\/www.24baires.com\/?cat=38"},"img":{"alt_text":"chascomus1","src":"https:\/\/i0.wp.com\/www.24baires.com\/wp-content\/uploads\/2014\/12\/chascomus1.jpg?resize=350%2C200","width":350,"height":200,"srcset":"https:\/\/i0.wp.com\/www.24baires.com\/wp-content\/uploads\/2014\/12\/chascomus1.jpg?resize=350%2C200 1x, https:\/\/i0.wp.com\/www.24baires.com\/wp-content\/uploads\/2014\/12\/chascomus1.jpg?resize=525%2C300 1.5x"},"classes":[]},{"id":113786,"url":"https:\/\/www.24baires.com\/?p=113786","url_meta":{"origin":100597,"position":1},"title":"Pu\u00e1n: municipio no pag\u00f3 salarios y dej\u00f3 sin salud p\u00fablica a los vecinos","author":"GB","date":"14\/01\/2020","format":false,"excerpt":"Los trabajadores del Hospital Darregueira no recibieron sus haberes de diciembre e iniciaron un paro de actividades. El viernes tendr\u00edan una respuesta. La Municipalidad de Puan se encuentra en una delicada situaci\u00f3n financiera y los trabajadores del Hospital Municipal de Darregueira lo saben: a\u00fan no percibieron la liquidaci\u00f3n de haberes\u2026","rel":"","context":"En \u00abMunicipios\u00bb","block_context":{"text":"Municipios","link":"https:\/\/www.24baires.com\/?cat=44"},"img":{"alt_text":"","src":"https:\/\/i0.wp.com\/www.24baires.com\/wp-content\/uploads\/2020\/01\/hos%C3%ADtal-de-puan.jpeg?resize=350%2C200","width":350,"height":200,"srcset":"https:\/\/i0.wp.com\/www.24baires.com\/wp-content\/uploads\/2020\/01\/hos%C3%ADtal-de-puan.jpeg?resize=350%2C200 1x, https:\/\/i0.wp.com\/www.24baires.com\/wp-content\/uploads\/2020\/01\/hos%C3%ADtal-de-puan.jpeg?resize=525%2C300 1.5x"},"classes":[]},{"id":107255,"url":"https:\/\/www.24baires.com\/?p=107255","url_meta":{"origin":100597,"position":2},"title":"Por la recesi\u00f3n, se redujo la demanda de energ\u00eda el\u00e9ctrica en industrias y comercios","author":"AF","date":"18\/03\/2019","format":false,"excerpt":"El Instituto Argentino de Energ\u00eda General Mosconi elebor\u00f3 un datalle que explica el fen\u00f3meno a nivel interanual. La fuerte recesi\u00f3n, que alcanza a la industria y al sector comercial, trajo un abrupto descenso en la demanda de electricidad y el estancamiento en el consumo de gas. Los datos surgen del\u2026","rel":"","context":"En \u00abEconom\u00eda\u00bb","block_context":{"text":"Econom\u00eda","link":"https:\/\/www.24baires.com\/?cat=45"},"img":{"alt_text":"","src":"https:\/\/i0.wp.com\/www.24baires.com\/wp-content\/uploads\/2015\/09\/industria.jpg?resize=350%2C200","width":350,"height":200,"srcset":"https:\/\/i0.wp.com\/www.24baires.com\/wp-content\/uploads\/2015\/09\/industria.jpg?resize=350%2C200 1x, https:\/\/i0.wp.com\/www.24baires.com\/wp-content\/uploads\/2015\/09\/industria.jpg?resize=525%2C300 1.5x"},"classes":[]},{"id":108651,"url":"https:\/\/www.24baires.com\/?p=108651","url_meta":{"origin":100597,"position":3},"title":"El gas vuelve a subir en junio y acumula 29% de aumento este a\u00f1o: qu\u00e9 pasar\u00e1 en diciembre","author":"GB","date":"10\/06\/2019","format":false,"excerpt":"El Gobierno anunci\u00f3 en abril que congelaba los incrementos de las tarifas, pero en el caso del gas, lo que estaban pautados se aplicar\u00e1n con un esquema diferencial. En un a\u00f1o, el precio del servicio se duplic\u00f3, seg\u00fan CIPE. Con la intenci\u00f3n de intentar morigerar el impacto de la crisis\u2026","rel":"","context":"En \u00abEconom\u00eda\u00bb","block_context":{"text":"Econom\u00eda","link":"https:\/\/www.24baires.com\/?cat=45"},"img":{"alt_text":"","src":"https:\/\/i0.wp.com\/www.24baires.com\/wp-content\/uploads\/2016\/08\/gas.jpg?resize=350%2C200","width":350,"height":200,"srcset":"https:\/\/i0.wp.com\/www.24baires.com\/wp-content\/uploads\/2016\/08\/gas.jpg?resize=350%2C200 1x, https:\/\/i0.wp.com\/www.24baires.com\/wp-content\/uploads\/2016\/08\/gas.jpg?resize=525%2C300 1.5x"},"classes":[]},{"id":120956,"url":"https:\/\/www.24baires.com\/?p=120956","url_meta":{"origin":100597,"position":4},"title":"Advierten que el Caputazo dej\u00f3 al pa\u00eds con los salarios m\u00e1s bajos de los \u00faltimos 20 a\u00f1os","author":"GB","date":"10\/02\/2024","format":false,"excerpt":"Un informe de la Universidad Metropolitana para la Educaci\u00f3n y el Trabajo revel\u00f3 que los ingresos formales cayeron un 20% desde la asunci\u00f3n de Javier Milei, producto de la devaluaci\u00f3n. Para el Indec es la peor ca\u00edda desde la hiperinflaci\u00f3n de los 80'. El salario real de los trabajadores formales\u2026","rel":"","context":"En \u00abEconom\u00eda\u00bb","block_context":{"text":"Econom\u00eda","link":"https:\/\/www.24baires.com\/?cat=45"},"img":{"alt_text":"","src":"https:\/\/i0.wp.com\/www.24baires.com\/wp-content\/uploads\/2024\/02\/salarios.jpeg?resize=350%2C200","width":350,"height":200,"srcset":"https:\/\/i0.wp.com\/www.24baires.com\/wp-content\/uploads\/2024\/02\/salarios.jpeg?resize=350%2C200 1x, https:\/\/i0.wp.com\/www.24baires.com\/wp-content\/uploads\/2024\/02\/salarios.jpeg?resize=525%2C300 1.5x, https:\/\/i0.wp.com\/www.24baires.com\/wp-content\/uploads\/2024\/02\/salarios.jpeg?resize=700%2C400 2x"},"classes":[]},{"id":103240,"url":"https:\/\/www.24baires.com\/?p=103240","url_meta":{"origin":100597,"position":5},"title":"Ya son 60 los despedidos en la tradicional confiter\u00eda Boston de Mar del Plata","author":"Grupo Sierra","date":"10\/07\/2018","format":false,"excerpt":"La tradicional cadena de confiter\u00edas Boston de Mar del Plata ya ech\u00f3 a 60 de sus 80 empleados y busca llegar a un acuerdo para abonar las indemnizaciones al 50 por ciento, en medio de la profunda crisis en la que cay\u00f3 por el desplome de ventas y el aumento\u2026","rel":"","context":"En \u00abLocales\u00bb","block_context":{"text":"Locales","link":"https:\/\/www.24baires.com\/?cat=38"},"img":{"alt_text":"","src":"https:\/\/i0.wp.com\/www.dib.com.ar\/gestion\/images\/blogmanagement\/noticias\/thumb\/5b44ac5fd3c501531227231.jpg?resize=350%2C200","width":350,"height":200,"srcset":"https:\/\/i0.wp.com\/www.dib.com.ar\/gestion\/images\/blogmanagement\/noticias\/thumb\/5b44ac5fd3c501531227231.jpg?resize=350%2C200 1x, https:\/\/i0.wp.com\/www.dib.com.ar\/gestion\/images\/blogmanagement\/noticias\/thumb\/5b44ac5fd3c501531227231.jpg?resize=525%2C300 1.5x"},"classes":[]}],"jetpack_sharing_enabled":true,"jetpack_likes_enabled":true,"_links":{"self":[{"href":"https:\/\/www.24baires.com\/index.php?rest_route=\/wp\/v2\/posts\/100597","targetHints":{"allow":["GET"]}}],"collection":[{"href":"https:\/\/www.24baires.com\/index.php?rest_route=\/wp\/v2\/posts"}],"about":[{"href":"https:\/\/www.24baires.com\/index.php?rest_route=\/wp\/v2\/types\/post"}],"author":[{"embeddable":true,"href":"https:\/\/www.24baires.com\/index.php?rest_route=\/wp\/v2\/users\/8"}],"replies":[{"embeddable":true,"href":"https:\/\/www.24baires.com\/index.php?rest_route=%2Fwp%2Fv2%2Fcomments&post=100597"}],"version-history":[{"count":1,"href":"https:\/\/www.24baires.com\/index.php?rest_route=\/wp\/v2\/posts\/100597\/revisions"}],"predecessor-version":[{"id":100599,"href":"https:\/\/www.24baires.com\/index.php?rest_route=\/wp\/v2\/posts\/100597\/revisions\/100599"}],"wp:attachment":[{"href":"https:\/\/www.24baires.com\/index.php?rest_route=%2Fwp%2Fv2%2Fmedia&parent=100597"}],"wp:term":[{"taxonomy":"category","embeddable":true,"href":"https:\/\/www.24baires.com\/index.php?rest_route=%2Fwp%2Fv2%2Fcategories&post=100597"},{"taxonomy":"post_tag","embeddable":true,"href":"https:\/\/www.24baires.com\/index.php?rest_route=%2Fwp%2Fv2%2Ftags&post=100597"}],"curies":[{"name":"wp","href":"https:\/\/api.w.org\/{rel}","templated":true}]}}