{"id":10057,"date":"2012-12-21T19:34:26","date_gmt":"2012-12-21T22:34:26","guid":{"rendered":"http:\/\/www.24baires.com\/?p=10057"},"modified":"2012-12-21T19:34:26","modified_gmt":"2012-12-21T22:34:26","slug":"navidad-este-ano-crecieron-40-las-partidas-de-micros-de-retiro-respecto-a-otros-anos","status":"publish","type":"post","link":"https:\/\/www.24baires.com\/?p=10057","title":{"rendered":"Navidad: este a\u00f1o crecieron 40% las partidas de micros de Retiro respecto a otros a\u00f1os"},"content":{"rendered":"<div class=\"alignleft\"><object width=\"280\" height=\"210\" classid=\"clsid:d27cdb6e-ae6d-11cf-96b8-444553540000\" codebase=\"http:\/\/download.macromedia.com\/pub\/shockwave\/cabs\/flash\/swflash.cab#version=6,0,40,0\"><param name=\"allowFullScreen\" value=\"true\" \/><param name=\"allowscriptaccess\" value=\"always\" \/><param name=\"src\" value=\"http:\/\/www.youtube.com\/v\/9eIXVExeol0?version=3&amp;hl=es_ES;rel=0;showinfo=0;controls=0\" \/><param name=\"allowfullscreen\" value=\"true\" \/><\/object><\/div>\n<p>Gran cantidad de turistas inici\u00f3 la salida hacia las diversas ciudades del interior pa\u00eds, para aprovechar el fin de semana largo, lo que se ve reflejado en el incremento de un 40% en los servicios habituales de \u00f3mnibus desde la terminal de Retiro. \u00a0La CNRT \u00a0 indic\u00f3 que para hoy est\u00e1n programadas 2.200 salidas desde la terminal de Retiro con lo que la actividad se increment\u00f3 un 40% ya que habitualmente salen unos 1.600 servicios para esta fecha.<\/p>\n<p><!--more--><\/p>\n<p>La\u00a0Comisi\u00f3n Nacional de Regulaci\u00f3n del Transporte (CNRT)\u00a0precis\u00f3 que para ma\u00f1ana est\u00e1n programados 1.900 servicios, 300 m\u00e1s que lo habitual y el domingo 1.750, 150 m\u00e1s que lo normal para esta fecha.<\/p>\n<p>El destino preferido es el Litoral, hacia donde se dirigen el 19% de los \u00f3mnibus, seguido de la costa atl\u00e1ntica con el 13% y el interior bonaerense el 11%.<\/p>\n<p>El vocero de Vialidad Nacional, Ernesto Arriaga, destac\u00f3 que las principales rutas ya presentaban desde esta tarde mucho tr\u00e1nsito pero que se espera el mayor flujo vehicular a partir de ma\u00f1ana o el domingo debido a que mucha gente prefiere salir el fin de semana aprovechando el feriado del lunes.<\/p>\n<p>Todas las rutas de salida hacia localidades del interior estaban habilitadas y no hab\u00eda demoras importantes a excepci\u00f3n del Puente Pueyrred\u00f3n, que estuvo cerrado por el vuelco de una camioneta, y como v\u00eda alternativa esta el Puente Alsina, Victorino de la Plaza y el Avellaneda.<\/p>\n<p>Por su parte, el ministro de Turismo de la Naci\u00f3n, Enrique Meyer, destac\u00f3 el alto nivel de reservas para disfrutar de este fin de semana largo, y se\u00f1al\u00f3 que esta es una tendencia de todo el a\u00f1o atribuible a la nuevo calendario de feriados \u00ablo que permite una mejor distribuci\u00f3n de los viajeros a la largo del a\u00f1o\u00bb.<\/p>\n<p>Meyer, durante la inauguraci\u00f3n de la temporada veraniega en la provincia de Entre R\u00edos, adelant\u00f3 que \u00abse registran buenos niveles de reserva para el verano 2013\u00bb entre otras cosas por el programa \u00abViaja por tu pa\u00eds\u00bb que implementa la cartera.<\/p>\n<p>&nbsp;<\/p>\n<p>&nbsp;<\/p>\n<p>&nbsp;<\/p>\n<p>&nbsp;<\/p>\n<p>&nbsp;<\/p>\n","protected":false},"excerpt":{"rendered":"<p>Gran cantidad de turistas inici\u00f3 la salida hacia las diversas ciudades del interior pa\u00eds, para aprovechar el fin de semana largo, lo que se ve reflejado en el incremento de un 40% en los servicios habituales de \u00f3mnibus desde la terminal de Retiro. \u00a0La CNRT \u00a0 indic\u00f3 que para hoy est\u00e1n programadas 2.200 salidas desde la terminal de Retiro con [&#8230;]<\/p>\n","protected":false},"author":11,"featured_media":0,"comment_status":"open","ping_status":"open","sticky":false,"template":"","format":"standard","meta":{"_jetpack_newsletter_access":"","_jetpack_dont_email_post_to_subs":false,"_jetpack_newsletter_tier_id":0,"_jetpack_memberships_contains_paywalled_content":false,"_jetpack_memberships_contains_paid_content":false,"footnotes":""},"categories":[1],"tags":[],"class_list":["post-10057","post","type-post","status-publish","format-standard","hentry","category-sociedad"],"jetpack_featured_media_url":"","jetpack_shortlink":"https:\/\/wp.me\/p2JWE0-2Cd","jetpack-related-posts":[{"id":12276,"url":"https:\/\/www.24baires.com\/?p=12276","url_meta":{"origin":10057,"position":0},"title":"Por el cambio de quincena suman micros para viajar desde Retiro a la Costa","author":"AF","date":"15\/01\/2013","format":false,"excerpt":"El cambio de turistas demand\u00f3 adicionar 360 \u00f3mnibus de larga distancia, que se suman a los 1600 que circulan a diario en la terminal. Seg\u00fan aseguraron desde la Comisi\u00f3n Nacional Reguladora de Transporte, el destino principal sigue siendo \u201cel interior de la provincia de Buenos Aires\u201d. En el d\u00eda de\u2026","rel":"","context":"En \u00abSociedad\u00bb","block_context":{"text":"Sociedad","link":"https:\/\/www.24baires.com\/?cat=1"},"img":{"alt_text":"","src":"","width":0,"height":0},"classes":[]},{"id":28093,"url":"https:\/\/www.24baires.com\/?p=28093","url_meta":{"origin":10057,"position":1},"title":"Miles de micros salen de Retiro en el inicio de las vacaciones de invierno","author":"AF","date":"12\/07\/2013","format":false,"excerpt":"Un total de 7.300 micros de larga distancia partir\u00e1n desde la estaci\u00f3n Terminal de Retiro durante este fin de semana, en el inicio de las vacaciones de invierno en la Ciudad de Buenos Aires. La Comisi\u00f3n Nacional de Regulaci\u00f3n de Transporte (CNRT) precis\u00f3 que est\u00e1 prevista la partida desde hoy\u2026","rel":"","context":"En \u00abSociedad\u00bb","block_context":{"text":"Sociedad","link":"https:\/\/www.24baires.com\/?cat=1"},"img":{"alt_text":"","src":"","width":0,"height":0},"classes":[]},{"id":14132,"url":"https:\/\/www.24baires.com\/?p=14132","url_meta":{"origin":10057,"position":2},"title":"Gran movimiento en terminales y aeropuertos por el cambio de quincena","author":"AF","date":"31\/01\/2013","format":false,"excerpt":"El recambio y el feriado promovieron una mayor demanda de pasajes de micro hacia la Costa por lo que los servicios fueron reforzados, mientras en Aeroparque est\u00e1n casi agotados. Hay un intenso movimiento en rutas. La Comisi\u00f3n Nacional de Regulaci\u00f3n del Transporte (CNRT), precis\u00f3 que a los 1.600 servicios que\u2026","rel":"","context":"En \u00abSociedad\u00bb","block_context":{"text":"Sociedad","link":"https:\/\/www.24baires.com\/?cat=1"},"img":{"alt_text":"RETIRO","src":"https:\/\/i0.wp.com\/www.24baires.com\/wp-content\/uploads\/2013\/01\/RETIRO-300x264.jpg?resize=350%2C200","width":350,"height":200},"classes":[]},{"id":84389,"url":"https:\/\/www.24baires.com\/?p=84389","url_meta":{"origin":10057,"position":3},"title":"Chacabuco: 20 heridos al chocar un tren de pasajeros y uno de carga","author":"AF","date":"30\/06\/2016","format":false,"excerpt":"El siniestro sucedi\u00f3 alrededor de las 6 cerca de la estaci\u00f3n de Rawson, cuando una formaci\u00f3n que proven\u00eda de la ciudad de Jun\u00edn y se dirig\u00eda a la terminal porte\u00f1a de Retiro impact\u00f3 contra un tren de carga que estaba detenido. Al menos 20 personas resultaron heridas esta ma\u00f1ana al\u2026","rel":"","context":"En \u00abLocales\u00bb","block_context":{"text":"Locales","link":"https:\/\/www.24baires.com\/?cat=38"},"img":{"alt_text":"tren chacabuco","src":"https:\/\/i0.wp.com\/www.24baires.com\/wp-content\/uploads\/2016\/06\/tren-chacabuco.jpg?resize=350%2C200","width":350,"height":200,"srcset":"https:\/\/i0.wp.com\/www.24baires.com\/wp-content\/uploads\/2016\/06\/tren-chacabuco.jpg?resize=350%2C200 1x, https:\/\/i0.wp.com\/www.24baires.com\/wp-content\/uploads\/2016\/06\/tren-chacabuco.jpg?resize=525%2C300 1.5x"},"classes":[]},{"id":25301,"url":"https:\/\/www.24baires.com\/?p=25301","url_meta":{"origin":10057,"position":4},"title":"Despu\u00e9s de m\u00e1s de medio siglo, rodaron trenes nuevos sobre las v\u00edas de la l\u00ednea Mitre","author":"AF","date":"07\/06\/2013","format":false,"excerpt":"El ministro de Interior y Transporte, Florencio Randazzo, anunci\u00f3 la incorporaci\u00f3n de tres nuevas formaciones en la l\u00ednea Mitre al ramal que conecta las terminales Retiro y Tigre. Hac\u00eda 52 a\u00f1os que no se renovaba material rodante. La \u00faltima vez fue en el a\u00f1o 1961 cuando llegaron los coches Toshiba\u2026","rel":"","context":"En \u00abSociedad\u00bb","block_context":{"text":"Sociedad","link":"https:\/\/www.24baires.com\/?cat=1"},"img":{"alt_text":"","src":"","width":0,"height":0},"classes":[]},{"id":61405,"url":"https:\/\/www.24baires.com\/?p=61405","url_meta":{"origin":10057,"position":5},"title":"Recapturaron a un preso que se hab\u00eda fugado del penal de Campana el a\u00f1o pasado","author":"GB","date":"07\/02\/2015","format":false,"excerpt":"La Polic\u00eda Metropolitana y el Servicio Penitenciario Bonaerense detuvo en la Terminal de Retiro a un hombre que se hab\u00eda fugado del Penal de Campana junto a otros recluso en el mes de diciembre de 2014, informa ron los voceros de la Polic\u00eda Metropolitana. La detenci\u00f3n se produjo a las\u2026","rel":"","context":"En \u00abPoliciales\u00bb","block_context":{"text":"Policiales","link":"https:\/\/www.24baires.com\/?cat=49"},"img":{"alt_text":"","src":"","width":0,"height":0},"classes":[]}],"jetpack_sharing_enabled":true,"jetpack_likes_enabled":true,"_links":{"self":[{"href":"https:\/\/www.24baires.com\/index.php?rest_route=\/wp\/v2\/posts\/10057","targetHints":{"allow":["GET"]}}],"collection":[{"href":"https:\/\/www.24baires.com\/index.php?rest_route=\/wp\/v2\/posts"}],"about":[{"href":"https:\/\/www.24baires.com\/index.php?rest_route=\/wp\/v2\/types\/post"}],"author":[{"embeddable":true,"href":"https:\/\/www.24baires.com\/index.php?rest_route=\/wp\/v2\/users\/11"}],"replies":[{"embeddable":true,"href":"https:\/\/www.24baires.com\/index.php?rest_route=%2Fwp%2Fv2%2Fcomments&post=10057"}],"version-history":[{"count":4,"href":"https:\/\/www.24baires.com\/index.php?rest_route=\/wp\/v2\/posts\/10057\/revisions"}],"predecessor-version":[{"id":10063,"href":"https:\/\/www.24baires.com\/index.php?rest_route=\/wp\/v2\/posts\/10057\/revisions\/10063"}],"wp:attachment":[{"href":"https:\/\/www.24baires.com\/index.php?rest_route=%2Fwp%2Fv2%2Fmedia&parent=10057"}],"wp:term":[{"taxonomy":"category","embeddable":true,"href":"https:\/\/www.24baires.com\/index.php?rest_route=%2Fwp%2Fv2%2Fcategories&post=10057"},{"taxonomy":"post_tag","embeddable":true,"href":"https:\/\/www.24baires.com\/index.php?rest_route=%2Fwp%2Fv2%2Ftags&post=10057"}],"curies":[{"name":"wp","href":"https:\/\/api.w.org\/{rel}","templated":true}]}}