{"id":10035,"date":"2012-12-21T18:05:39","date_gmt":"2012-12-21T21:05:39","guid":{"rendered":"http:\/\/www.24baires.com\/?p=10035"},"modified":"2012-12-21T18:05:39","modified_gmt":"2012-12-21T21:05:39","slug":"citan-a-arlia-para-dar-explicaciones-por-el-aumento-del-peaje-de-la-au-la-plata-bs-as","status":"publish","type":"post","link":"https:\/\/www.24baires.com\/?p=10035","title":{"rendered":"Citan a Arl\u00eda para dar explicaciones por el aumento del peaje de la AU La Plata-Bs.As"},"content":{"rendered":"<p><a href=\"http:\/\/www.24baires.com\/provincia\/3043-crearon-el-observatorio-provincial-de-derechos-sexuales-y-reproductivos\/attachment\/monica-lopez\/\" rel=\"attachment wp-att-3044\"><img data-recalc-dims=\"1\" loading=\"lazy\" decoding=\"async\" class=\"alignleft size-full wp-image-3044\" alt=\"m\u00f3nica l\u00f3pez\" src=\"https:\/\/i0.wp.com\/www.24baires.com\/wp-content\/uploads\/2012\/10\/m%C3%B3nica-l%C3%B3pez.jpg?resize=195%2C138\" width=\"195\" height=\"138\" \/><\/a><strong>LA PLATA &#8211;<\/strong> La presidenta del bloque denarvaista, M\u00f3nica L\u00f3pez -Uni\u00f3n Celeste y Blanco- solicit\u00f3 que la C\u00e1mara de Diputados bonaerense cite de forma urgente\u00a0al Ministro de Infraestructura, Alejandro Arl\u00eda, para que informe en que consiste el reciente aumento de tarifa de peaje en la Autopista La Plata-Buenos Aires, anunciado por la empresa concesionaria Coviares.<!--more--><\/p>\n<p>La legisladora oriunda de Avellaneda explic\u00f3 el fundamento de su pedido y, al respecto, se\u00f1al\u00f3 que \u201cCoviares aument\u00f3 la tarifa en forma ilegal e inconsulta. Parece mentira que hayamos votado hace una semana el traspaso de la Naci\u00f3n a la \u00f3rbita provincial de la autopista Buenos Aires-La Plata, con la excusa de poder proteger mejor los derechos de los bonaerenses y el primer paso del Ministro Arl\u00eda sea subir las tarifas sin una sola obra\u00bb.<\/p>\n<p>Adem\u00e1s, L\u00f3pez asegur\u00f3 que desde el bloque que preside se presentar\u00e1n un recurso extraordinario para que la Corte Suprema anule la medida que tom\u00f3 la C\u00e1mara Federal, a la considera \u00abes una verdadera burla a los ciudadanos\u00bb.<\/p>\n<p>Desde Uni\u00f3n Celeste y Blanco afirmaron que el incremento dispuesto por Arl\u00eda no fue notificado al bloque que adem\u00e1s conforman los diputados Gonzalo Atanasof y Mauricio D\u00b4Alessandro, quienes lograron congelar la tarifa en el pasado mes de abril y que se disponga una medida cautelar para que se controle las obras pautadas que Coviares deb\u00eda llevar adelante para, despu\u00e9s, poder subir el precio del peaje.<\/p>\n<p>&nbsp;<\/p>\n<p>&nbsp;<\/p>\n","protected":false},"excerpt":{"rendered":"<p>LA PLATA &#8211; La presidenta del bloque denarvaista, M\u00f3nica L\u00f3pez -Uni\u00f3n Celeste y Blanco- solicit\u00f3 que la C\u00e1mara de Diputados bonaerense cite de forma urgente\u00a0al Ministro de Infraestructura, Alejandro Arl\u00eda, para que informe en que consiste el reciente aumento de tarifa de peaje en la Autopista La Plata-Buenos Aires, anunciado por la empresa concesionaria Coviares.<\/p>\n","protected":false},"author":11,"featured_media":0,"comment_status":"open","ping_status":"open","sticky":false,"template":"","format":"standard","meta":{"_jetpack_newsletter_access":"","_jetpack_dont_email_post_to_subs":false,"_jetpack_newsletter_tier_id":0,"_jetpack_memberships_contains_paywalled_content":false,"_jetpack_memberships_contains_paid_content":false,"footnotes":""},"categories":[40],"tags":[],"class_list":["post-10035","post","type-post","status-publish","format-standard","hentry","category-provincia"],"jetpack_featured_media_url":"","jetpack_shortlink":"https:\/\/wp.me\/p2JWE0-2BR","jetpack-related-posts":[{"id":9689,"url":"https:\/\/www.24baires.com\/?p=9689","url_meta":{"origin":10035,"position":0},"title":"Renegociar\u00e1n contrato con Coviares, concesionario de la autopista Buenos Aires-La Plata","author":"AF","date":"19\/12\/2012","format":false,"excerpt":"El ministro Arl\u00eda advirti\u00f3 que deber\u00e1 cumplir con las condiciones que fije el gobierno bonaerense para mantener la concesi\u00f3n, que vence en 2017. El ministro de Infraestructura Alejandro Arl\u00eda asegur\u00f3 que comenzar\u00e1 la renegociaci\u00f3n contractual con la empresa Coviares, que tiene la concesi\u00f3n de la autopista La Plata-Buenos Aires hasta\u2026","rel":"","context":"En \u00abLocales\u00bb","block_context":{"text":"Locales","link":"https:\/\/www.24baires.com\/?cat=38"},"img":{"alt_text":"AUTOPISTA","src":"https:\/\/i0.wp.com\/www.24baires.com\/wp-content\/uploads\/2012\/12\/AUTOPISTA.jpg?resize=350%2C200","width":350,"height":200},"classes":[]},{"id":11763,"url":"https:\/\/www.24baires.com\/?p=11763","url_meta":{"origin":10035,"position":1},"title":"Arl\u00eda: \u00abdesde hace a\u00f1os, Coviares nos boludea a todos: usuarios, trabajadores y Estado\u00bb","author":"AF","date":"10\/01\/2013","format":false,"excerpt":"El ministro de Infraestructura bonaerense responsabiliz\u00f3 a la empresa por el paro que los trabajadores de peaje realizan desde el martes en Hudson y Dock Sud. \"Me voy a encargar de que cumplan con sus obligaciones o rescindirles el contrato\u201d, advirti\u00f3 el funcionario. Al cumplirse la tercera jornada de paro\u2026","rel":"","context":"En \u00abSociedad\u00bb","block_context":{"text":"Sociedad","link":"https:\/\/www.24baires.com\/?cat=1"},"img":{"alt_text":"","src":"","width":0,"height":0},"classes":[]},{"id":11683,"url":"https:\/\/www.24baires.com\/?p=11683","url_meta":{"origin":10035,"position":2},"title":"Sigue el paro de empleados de peajes en la Autopista Buenos Aires-La Plata","author":"Grupo Sierra","date":"09\/01\/2013","format":false,"excerpt":"Trabajadores nucleados en el Sindicato que conduce Facundo Moyano ratificaron el paro por tiempo indeterminado en rechazo del incumplimiento del pago de los haberes de diciembre. Hoy liberaron desde las 6 de hoy las barreras de los peajes de Berazategui y Dock Sud. Los empleados que cumplen tareas en la\u2026","rel":"","context":"En \u00abSociedad\u00bb","block_context":{"text":"Sociedad","link":"https:\/\/www.24baires.com\/?cat=1"},"img":{"alt_text":"peaje au la plata bs as","src":"https:\/\/i0.wp.com\/www.24baires.com\/wp-content\/uploads\/2013\/01\/peaje-au-la-plata-bs-as-300x180.jpg?resize=350%2C200","width":350,"height":200},"classes":[]},{"id":28877,"url":"https:\/\/www.24baires.com\/?p=28877","url_meta":{"origin":10035,"position":3},"title":"Arl\u00eda consider\u00f3 \u00abdesafortunada\u00bb la huelga de peajes de Facundo Moyano","author":"AF","date":"24\/07\/2013","format":false,"excerpt":"El ministro de Infraestructura se mostr\u00f3 sorprendido por la medida de fuerza en medio de \u201clos di\u00e1logos permanentes\u201d que se mantienen con los trabajadores del sector. Reiter\u00f3 que no habr\u00e1 despidos y que la Provincia se har\u00e1 cargo del medio aguinaldo, sueldos atrasados y todas las deudas de la ex\u2026","rel":"","context":"En \u00abSociedad\u00bb","block_context":{"text":"Sociedad","link":"https:\/\/www.24baires.com\/?cat=1"},"img":{"alt_text":"","src":"","width":0,"height":0},"classes":[]},{"id":9658,"url":"https:\/\/www.24baires.com\/?p=9658","url_meta":{"origin":10035,"position":4},"title":"El Senado aprob\u00f3 el traspaso de la Autopista La Plata-Buenos Aires a la \u00f3rbita provincial","author":"Grupo Sierra","date":"18\/12\/2012","format":false,"excerpt":"LA PLATA- En la \u00faltima sesi\u00f3n del a\u00f1o, la C\u00e1mara de Senadores bonaerense convirti\u00f3 esta tarde en ley el proyecto que establece el traspaso de la autopista La Plata-Buenos Aires, luego de que la semana pasada no pudiera tratarse por la demora registrada en el expediente en la c\u00e1mara baja.\u2026","rel":"","context":"En \u00abProvincia\u00bb","block_context":{"text":"Provincia","link":"https:\/\/www.24baires.com\/?cat=40"},"img":{"alt_text":"","src":"","width":0,"height":0},"classes":[]},{"id":14959,"url":"https:\/\/www.24baires.com\/?p=14959","url_meta":{"origin":10035,"position":5},"title":"La Provincia intervino temporalmente la empresa Coviares","author":"AF","date":"07\/02\/2013","format":false,"excerpt":"Lo confirm\u00f3 el ministro de Infraestructura bonaerense, Alejandro Arl\u00eda, quien precis\u00f3 que se trata de poner la lupa en lo administrativo. \"Queremos verificar la transparencia de los ingresos porque no tenemos certezas de los n\u00fameros\", dijo. Tambi\u00e9n afirm\u00f3 que la AU Buenos Aires-La Plata \"tiene que mejorar el estado de\u2026","rel":"","context":"En \u00abPol\u00edtica\u00bb","block_context":{"text":"Pol\u00edtica","link":"https:\/\/www.24baires.com\/?cat=51"},"img":{"alt_text":"autopista","src":"https:\/\/i0.wp.com\/www.24baires.com\/wp-content\/uploads\/2013\/02\/autopista.jpg?resize=350%2C200","width":350,"height":200,"srcset":"https:\/\/i0.wp.com\/www.24baires.com\/wp-content\/uploads\/2013\/02\/autopista.jpg?resize=350%2C200 1x, https:\/\/i0.wp.com\/www.24baires.com\/wp-content\/uploads\/2013\/02\/autopista.jpg?resize=525%2C300 1.5x"},"classes":[]}],"jetpack_sharing_enabled":true,"jetpack_likes_enabled":true,"_links":{"self":[{"href":"https:\/\/www.24baires.com\/index.php?rest_route=\/wp\/v2\/posts\/10035","targetHints":{"allow":["GET"]}}],"collection":[{"href":"https:\/\/www.24baires.com\/index.php?rest_route=\/wp\/v2\/posts"}],"about":[{"href":"https:\/\/www.24baires.com\/index.php?rest_route=\/wp\/v2\/types\/post"}],"author":[{"embeddable":true,"href":"https:\/\/www.24baires.com\/index.php?rest_route=\/wp\/v2\/users\/11"}],"replies":[{"embeddable":true,"href":"https:\/\/www.24baires.com\/index.php?rest_route=%2Fwp%2Fv2%2Fcomments&post=10035"}],"version-history":[{"count":4,"href":"https:\/\/www.24baires.com\/index.php?rest_route=\/wp\/v2\/posts\/10035\/revisions"}],"predecessor-version":[{"id":10043,"href":"https:\/\/www.24baires.com\/index.php?rest_route=\/wp\/v2\/posts\/10035\/revisions\/10043"}],"wp:attachment":[{"href":"https:\/\/www.24baires.com\/index.php?rest_route=%2Fwp%2Fv2%2Fmedia&parent=10035"}],"wp:term":[{"taxonomy":"category","embeddable":true,"href":"https:\/\/www.24baires.com\/index.php?rest_route=%2Fwp%2Fv2%2Fcategories&post=10035"},{"taxonomy":"post_tag","embeddable":true,"href":"https:\/\/www.24baires.com\/index.php?rest_route=%2Fwp%2Fv2%2Ftags&post=10035"}],"curies":[{"name":"wp","href":"https:\/\/api.w.org\/{rel}","templated":true}]}}