{"id":10015,"date":"2012-12-21T13:03:30","date_gmt":"2012-12-21T16:03:30","guid":{"rendered":"http:\/\/www.24baires.com\/?p=10015"},"modified":"2012-12-21T13:03:36","modified_gmt":"2012-12-21T16:03:36","slug":"confirman-la-internacion-de-pato-fontanet-ex-lider-de-callejeros","status":"publish","type":"post","link":"https:\/\/www.24baires.com\/?p=10015","title":{"rendered":"Confirman la internaci\u00f3n de Pato Fontanet, ex l\u00edder de Callejeros"},"content":{"rendered":"<p><a href=\"http:\/\/www.24baires.com\/sociedad\/10015-confirman-la-internacion-de-pato-fontanet-ex-lider-de-callejeros\/attachment\/fontanet-2\/\" rel=\"attachment wp-att-10016\"><img data-recalc-dims=\"1\" loading=\"lazy\" decoding=\"async\" class=\"alignleft size-full wp-image-10016\" alt=\"fontanet\" src=\"https:\/\/i0.wp.com\/www.24baires.com\/wp-content\/uploads\/2012\/12\/fontanet1.jpg?resize=270%2C186\" width=\"270\" height=\"186\" \/><\/a>El ex l\u00edder de Callejeros se encontraba en la ma\u00f1ana de este viernes internado en una cl\u00ednica neuropsiqui\u00e1trica de la ciudad de C\u00f3rdoba y a\u00fan no hab\u00eda sido notificado sobre la orden de detenci\u00f3n por la tragedia.<!--more--><br \/>\nSu productor musical y amigo personal, Jos\u00e9 Palazzo, confirm\u00f3 hoy en declaraciones period\u00edsticas que Fontanet fue internado anoche en la Cl\u00ednica Morro a ra\u00edz de una crisis de nervios, sufrida luego de haber conocido el fallo de la C\u00e1mara de Casaci\u00f3n Penal que orden\u00f3 el inmediato cumplimiento en prisi\u00f3n de las penas dispuestas por la tragedia.<\/p>\n<p>Fuentes judiciales confirmaron que el Tribunal Oral en lo Criminal 24 a\u00fan no hab\u00eda sido notificado respecto a la situaci\u00f3n de Fontanet, aunque fuentes policiales de la ciudad de C\u00f3rdoba dijeron que personal policial ya custodia el edificio.<\/p>\n<p>Seg\u00fan Palazzo, el cantante de Callejeros \u00abven\u00eda padeciendo un rebrote de su cuadro psic\u00f3tico\u00bb por el que ya hab\u00eda estado internado en julio \u00faltimo en la misma cl\u00ednica ubicada en el barrio Urca, de C\u00f3rdoba.<\/p>\n<p>El sanatorio Morra es una de las instituciones de salud mental m\u00e1s prestigiosas y cuenta con 6 pabellones y una superficie de unos 1.500 metros cuadrados.<\/p>\n<p>\u201cVen\u00eda repitiendo los s\u00edntomas desde hace varios d\u00edas\u201d, dijo Palazzo, quien agreg\u00f3 que en esta oportunidad \u201ces un cuadro m\u00e1s dif\u00edcil. M\u00e1s grave\u201d.<\/p>\n<p>El amigo del cantante explic\u00f3 que Fontanet hab\u00eda llegado a C\u00f3rdoba d\u00edas atr\u00e1s \u00abpara pasar las fiestas de fin de a\u00f1o con la familia de su pareja\u00bb.<\/p>\n<p>En la jornada de ayer, la C\u00e1mara de Casaci\u00f3n Penal rechaz\u00f3 el recurso extraordinario planteado por su defensa en la causa Croma\u00f1\u00f3n y orden\u00f3 el cumplimiento inmediato en prisi\u00f3n de la pena impuesta por el Tribunal Oral en lo Criminal 24.<\/p>\n<p>Anoche se hab\u00edan realizado dos allanamientos en domicilios particulares de la ciudad de C\u00f3rdoba y no se hab\u00eda logrado ubicar a Fontanet.<\/p>\n<p>Hasta media ma\u00f1ana, la polic\u00eda provincial todav\u00eda no hab\u00eda cumplido con el tr\u00e1mite procesal de notificar en la cl\u00ednica a Fontanet sobre su estado de detenci\u00f3n.<\/p>\n<p>&nbsp;<\/p>\n<p>&nbsp;<\/p>\n<p>&nbsp;<\/p>\n<p>&nbsp;<\/p>\n<p>&nbsp;<\/p>\n<p>&nbsp;<\/p>\n<p>&nbsp;<\/p>\n<p>&nbsp;<\/p>\n<p>&nbsp;<\/p>\n<p>&nbsp;<\/p>\n<p>&nbsp;<\/p>\n<p>&nbsp;<\/p>\n<p>&nbsp;<\/p>\n<p>&nbsp;<\/p>\n<p>&nbsp;<\/p>\n<p>&nbsp;<\/p>\n<p>&nbsp;<\/p>\n<p>&nbsp;<\/p>\n<p>&nbsp;<\/p>\n<p>&nbsp;<\/p>\n<p>&nbsp;<\/p>\n","protected":false},"excerpt":{"rendered":"<p>El ex l\u00edder de Callejeros se encontraba en la ma\u00f1ana de este viernes internado en una cl\u00ednica neuropsiqui\u00e1trica de la ciudad de C\u00f3rdoba y a\u00fan no hab\u00eda sido notificado sobre la orden de detenci\u00f3n por la tragedia.<\/p>\n","protected":false},"author":4,"featured_media":0,"comment_status":"open","ping_status":"open","sticky":false,"template":"","format":"standard","meta":{"_jetpack_newsletter_access":"","_jetpack_dont_email_post_to_subs":false,"_jetpack_newsletter_tier_id":0,"_jetpack_memberships_contains_paywalled_content":false,"_jetpack_memberships_contains_paid_content":false,"footnotes":""},"categories":[1],"tags":[],"class_list":["post-10015","post","type-post","status-publish","format-standard","hentry","category-sociedad"],"jetpack_featured_media_url":"","jetpack_shortlink":"https:\/\/wp.me\/p2JWE0-2Bx","jetpack-related-posts":[{"id":81075,"url":"https:\/\/www.24baires.com\/?p=81075","url_meta":{"origin":10015,"position":0},"title":"Fontanet se entreg\u00f3 a la Justicia y pidi\u00f3 la internaci\u00f3n psiqui\u00e1trica","author":"AF","date":"06\/04\/2016","format":false,"excerpt":"El ex l\u00edder de Callejeros y el bajista Cristian Torrej\u00f3n quedaron detenidos en la causa por la tragedia de Croma\u00f1\u00f3n. Pato Fontanet pidi\u00f3 ser trasladado a una cl\u00ednica psiqui\u00e1trica. El ex l\u00edder de la banda Callejeros, Patricio Fontanet, se present\u00f3 hoy ante la justicia y qued\u00f3 detenido en la causa\u2026","rel":"","context":"En \u00abJUDICIALES\u00bb","block_context":{"text":"JUDICIALES","link":"https:\/\/www.24baires.com\/?cat=68"},"img":{"alt_text":"fontanett","src":"https:\/\/i0.wp.com\/www.24baires.com\/wp-content\/uploads\/2016\/04\/fontanett.jpg?resize=350%2C200","width":350,"height":200,"srcset":"https:\/\/i0.wp.com\/www.24baires.com\/wp-content\/uploads\/2016\/04\/fontanett.jpg?resize=350%2C200 1x, https:\/\/i0.wp.com\/www.24baires.com\/wp-content\/uploads\/2016\/04\/fontanett.jpg?resize=525%2C300 1.5x"},"classes":[]},{"id":51273,"url":"https:\/\/www.24baires.com\/?p=51273","url_meta":{"origin":10015,"position":1},"title":"Croma\u00f1\u00f3n: El abogado de Fontanet pidi\u00f3 por su excarcelaci\u00f3n","author":"GB","date":"06\/08\/2014","format":false,"excerpt":"Marcelo Brito, abogado del l\u00edder de la banda, fundament\u00f3 su pedido en que \"toda persona tiene la garant\u00eda de que el principio de inocencia rige hasta que no haya dos sentencias condenatorias firmes\". El abogado defensor de Patricio Santos \"Pato\" Fontanet, Marcelo Brito, cont\u00f3 en Radio 10 espera que la\u2026","rel":"","context":"En \u00abJUDICIALES\u00bb","block_context":{"text":"JUDICIALES","link":"https:\/\/www.24baires.com\/?cat=68"},"img":{"alt_text":"fontanet","src":"https:\/\/i0.wp.com\/www.24baires.com\/wp-content\/uploads\/2014\/08\/fontanet.jpg?resize=350%2C200","width":350,"height":200,"srcset":"https:\/\/i0.wp.com\/www.24baires.com\/wp-content\/uploads\/2014\/08\/fontanet.jpg?resize=350%2C200 1x, https:\/\/i0.wp.com\/www.24baires.com\/wp-content\/uploads\/2014\/08\/fontanet.jpg?resize=525%2C300 1.5x"},"classes":[]},{"id":75167,"url":"https:\/\/www.24baires.com\/?p=75167","url_meta":{"origin":10015,"position":2},"title":"Rechazan recursos de ex Callejeros contra condenas","author":"GB","date":"17\/11\/2015","format":false,"excerpt":"La C\u00e1mara desestim\u00f3 los recursos presentados por los ex m\u00fasicos contra las condenas que se les impusieron por la tragedia de Croma\u00f1\u00f3n del 2004, que los podr\u00eda llevar nuevamente a prisi\u00f3n. Ante esta decisi\u00f3n del m\u00e1ximo tribunal penal del pa\u00eds, todos los condenados podr\u00edan ir en queja a la Corte,\u2026","rel":"","context":"En \u00abSociedad\u00bb","block_context":{"text":"Sociedad","link":"https:\/\/www.24baires.com\/?cat=1"},"img":{"alt_text":"cromagnon","src":"https:\/\/i0.wp.com\/www.24baires.com\/wp-content\/uploads\/2015\/05\/cromagnon.jpg?resize=350%2C200","width":350,"height":200,"srcset":"https:\/\/i0.wp.com\/www.24baires.com\/wp-content\/uploads\/2015\/05\/cromagnon.jpg?resize=350%2C200 1x, https:\/\/i0.wp.com\/www.24baires.com\/wp-content\/uploads\/2015\/05\/cromagnon.jpg?resize=525%2C300 1.5x"},"classes":[]},{"id":59250,"url":"https:\/\/www.24baires.com\/?p=59250","url_meta":{"origin":10015,"position":3},"title":"Fontanet se present\u00f3 como un sobreviviente de Croma\u00f1\u00f3n y gener\u00f3 pol\u00e9mica","author":"GB","date":"28\/12\/2014","format":false,"excerpt":"Una foto publicada en las redes sociales de Facebook y Twitter, que muestra al m\u00fasico Patricio Fontanet reclamando \"A 10 a\u00f1os de Croma\u00f1\u00f3n, justicia y absoluci\u00f3n a Callejeros\", despert\u00f3 la bronca e indignaci\u00f3n de los familiares de las v\u00edctimas de la tragedia del boliche de Once que consideraron la publicaci\u00f3n\u2026","rel":"","context":"En \u00abSociedad\u00bb","block_context":{"text":"Sociedad","link":"https:\/\/www.24baires.com\/?cat=1"},"img":{"alt_text":"fontanet justicia","src":"https:\/\/i0.wp.com\/www.24baires.com\/wp-content\/uploads\/2014\/12\/fontanet-justicia.jpg?resize=350%2C200","width":350,"height":200,"srcset":"https:\/\/i0.wp.com\/www.24baires.com\/wp-content\/uploads\/2014\/12\/fontanet-justicia.jpg?resize=350%2C200 1x, https:\/\/i0.wp.com\/www.24baires.com\/wp-content\/uploads\/2014\/12\/fontanet-justicia.jpg?resize=525%2C300 1.5x"},"classes":[]},{"id":9221,"url":"https:\/\/www.24baires.com\/?p=9221","url_meta":{"origin":10015,"position":4},"title":"\u00abHace ocho a\u00f1os que vivo en Croma\u00f1\u00f3n\u00bb, dijo Pato Fontanet","author":"AF","date":"15\/12\/2012","format":false,"excerpt":"El ex l\u00edder de Callejeros, Patricios Santos Fontanet, habl\u00f3 a poco de cumplirse un nuevo aniversario por la tragedia ocurrida el 30 de diciembre de 2004 en el barrio porte\u00f1o de Once. Dijo que el hecho lo \"enajen\u00f3 al punto de pensar que la vida no vale nada\". El ex\u2026","rel":"","context":"En \u00abSociedad\u00bb","block_context":{"text":"Sociedad","link":"https:\/\/www.24baires.com\/?cat=1"},"img":{"alt_text":"fontanet","src":"https:\/\/i0.wp.com\/www.24baires.com\/wp-content\/uploads\/2012\/12\/fontanet-300x225.jpg?resize=350%2C200","width":350,"height":200},"classes":[]},{"id":51286,"url":"https:\/\/www.24baires.com\/?p=51286","url_meta":{"origin":10015,"position":5},"title":"Croma\u00f1on: La justicia orden\u00f3 liberar a los integrantes de Callejeros","author":"GB","date":"06\/08\/2014","format":false,"excerpt":"Es porque la Corte Suprema revoc\u00f3 el fallo contra los integrantes de la banda, que podr\u00edan recuperar la libertad esta tarde. Tambi\u00e9n ser\u00e1n excarcelados Ra\u00fal Villarreal y dos ex funcionarios porte\u00f1os El Tribunal Oral en lo Criminal 24 orden\u00f3 esta tarde la libertad de los ex integrantes de la banda\u2026","rel":"","context":"En \u00abJUDICIALES\u00bb","block_context":{"text":"JUDICIALES","link":"https:\/\/www.24baires.com\/?cat=68"},"img":{"alt_text":"fontanet","src":"https:\/\/i0.wp.com\/www.24baires.com\/wp-content\/uploads\/2012\/12\/fontanet.jpg?resize=350%2C200","width":350,"height":200,"srcset":"https:\/\/i0.wp.com\/www.24baires.com\/wp-content\/uploads\/2012\/12\/fontanet.jpg?resize=350%2C200 1x, https:\/\/i0.wp.com\/www.24baires.com\/wp-content\/uploads\/2012\/12\/fontanet.jpg?resize=525%2C300 1.5x"},"classes":[]}],"jetpack_sharing_enabled":true,"jetpack_likes_enabled":true,"_links":{"self":[{"href":"https:\/\/www.24baires.com\/index.php?rest_route=\/wp\/v2\/posts\/10015","targetHints":{"allow":["GET"]}}],"collection":[{"href":"https:\/\/www.24baires.com\/index.php?rest_route=\/wp\/v2\/posts"}],"about":[{"href":"https:\/\/www.24baires.com\/index.php?rest_route=\/wp\/v2\/types\/post"}],"author":[{"embeddable":true,"href":"https:\/\/www.24baires.com\/index.php?rest_route=\/wp\/v2\/users\/4"}],"replies":[{"embeddable":true,"href":"https:\/\/www.24baires.com\/index.php?rest_route=%2Fwp%2Fv2%2Fcomments&post=10015"}],"version-history":[{"count":3,"href":"https:\/\/www.24baires.com\/index.php?rest_route=\/wp\/v2\/posts\/10015\/revisions"}],"predecessor-version":[{"id":10019,"href":"https:\/\/www.24baires.com\/index.php?rest_route=\/wp\/v2\/posts\/10015\/revisions\/10019"}],"wp:attachment":[{"href":"https:\/\/www.24baires.com\/index.php?rest_route=%2Fwp%2Fv2%2Fmedia&parent=10015"}],"wp:term":[{"taxonomy":"category","embeddable":true,"href":"https:\/\/www.24baires.com\/index.php?rest_route=%2Fwp%2Fv2%2Fcategories&post=10015"},{"taxonomy":"post_tag","embeddable":true,"href":"https:\/\/www.24baires.com\/index.php?rest_route=%2Fwp%2Fv2%2Ftags&post=10015"}],"curies":[{"name":"wp","href":"https:\/\/api.w.org\/{rel}","templated":true}]}}