{"id":100114,"date":"2018-01-23T13:00:12","date_gmt":"2018-01-23T16:00:12","guid":{"rendered":"http:\/\/www.24baires.com\/?p=100114"},"modified":"2018-01-23T11:57:12","modified_gmt":"2018-01-23T14:57:12","slug":"despues-de-la-polemica-cacho-castana-suspendio-su-show-en-mar-del-plata","status":"publish","type":"post","link":"https:\/\/www.24baires.com\/?p=100114","title":{"rendered":"Despu\u00e9s de la pol\u00e9mica, Cacho Casta\u00f1a suspendi\u00f3 su show en Mar del Plata"},"content":{"rendered":"<p><img data-recalc-dims=\"1\" loading=\"lazy\" decoding=\"async\" src=\"https:\/\/i0.wp.com\/www.24baires.com\/wp-content\/uploads\/2014\/07\/cacho-casta%C3%B1a.jpg?resize=560%2C314\" alt=\"\" width=\"560\" height=\"314\" class=\"aligncenter size-full wp-image-49145\" srcset=\"https:\/\/i0.wp.com\/www.24baires.com\/wp-content\/uploads\/2014\/07\/cacho-casta%C3%B1a.jpg?w=560&amp;ssl=1 560w, https:\/\/i0.wp.com\/www.24baires.com\/wp-content\/uploads\/2014\/07\/cacho-casta%C3%B1a.jpg?resize=300%2C168&amp;ssl=1 300w\" sizes=\"auto, (max-width: 560px) 100vw, 560px\" \/>Seg\u00fan su productor Lino Patalano, es por cuestiones de salud. Iban a realizar una manifestaci\u00f3n en la puerta del teatro en repudio a los dichos del cantante<!--more--><\/p>\n<p>Despu\u00e9s de la pol\u00e9mica por sus dichos, Cacho Casta\u00f1a suspendi\u00f3 su show previsto para ma\u00f1ana en la ciudad. Seg\u00fan su productor Lino Patalano, es por cuestiones de salud.<\/p>\n<p>\u00abAyer lo revis\u00f3 el m\u00e9dico porque estaba con presi\u00f3n muy alta, se hicieron los estudios y el m\u00e9dico le prohibi\u00f3 actuar, hay un certificado m\u00e9dico. Estaba ensayando, pero viene mal de salud hace un tiempo\u00bb, dijo Patalano en un programa de televisi\u00f3n.<\/p>\n<p>De todas formas, no confirm\u00f3 si se realizar\u00e1 o se suspender\u00e1 la fecha que tiene prevista para el 7 de febrero en le mismo teatro del centro de la ciudad. Para hoy estaba planificada una manifestaci\u00f3n en repudio a los dichos del cantante. \u00abAnte una violaci\u00f3n inevitable, rel\u00e1jate y goza\u00bb, hab\u00eda dicho Casta\u00f1a.<\/p>\n","protected":false},"excerpt":{"rendered":"<p>Seg\u00fan su productor Lino Patalano, es por cuestiones de salud. Iban a realizar una manifestaci\u00f3n en la puerta del teatro en repudio a los dichos del cantante<\/p>\n","protected":false},"author":8,"featured_media":0,"comment_status":"open","ping_status":"open","sticky":false,"template":"","format":"standard","meta":{"_jetpack_newsletter_access":"","_jetpack_dont_email_post_to_subs":false,"_jetpack_newsletter_tier_id":0,"_jetpack_memberships_contains_paywalled_content":false,"_jetpack_memberships_contains_paid_content":false,"footnotes":""},"categories":[41],"tags":[],"class_list":["post-100114","post","type-post","status-publish","format-standard","hentry","category-espectaculos"],"jetpack_featured_media_url":"","jetpack_shortlink":"https:\/\/wp.me\/p2JWE0-q2K","jetpack-related-posts":[{"id":48284,"url":"https:\/\/www.24baires.com\/?p=48284","url_meta":{"origin":100114,"position":0},"title":"Suspenden show de Cacho Casta\u00f1a en el Col\u00f3n por una bronquitis","author":"GB","date":"18\/06\/2014","format":false,"excerpt":"El show sinf\u00f3nico que iba a ofrecer el s\u00e1bado 21 para celebrar sus 72 a\u00f1os fue cancelado a ra\u00edz de que el cantautor presenta un \"cuadro de bronquitis bacteriano\", se\u00f1alaron desde la organizaci\u00f3n de la presentaci\u00f3n. Desde la producci\u00f3n de Casta\u00f1a especificaron que el autor de \"Caf\u00e9 la humedad\", \"Septiembre\u2026","rel":"","context":"En \u00abEspectaculos\u00bb","block_context":{"text":"Espectaculos","link":"https:\/\/www.24baires.com\/?cat=41"},"img":{"alt_text":"cacho casta\u00f1a","src":"https:\/\/i0.wp.com\/www.24baires.com\/wp-content\/uploads\/2013\/12\/cacho-casta%C3%B1a.jpg?resize=350%2C200","width":350,"height":200,"srcset":"https:\/\/i0.wp.com\/www.24baires.com\/wp-content\/uploads\/2013\/12\/cacho-casta%C3%B1a.jpg?resize=350%2C200 1x, https:\/\/i0.wp.com\/www.24baires.com\/wp-content\/uploads\/2013\/12\/cacho-casta%C3%B1a.jpg?resize=525%2C300 1.5x"},"classes":[]},{"id":37403,"url":"https:\/\/www.24baires.com\/?p=37403","url_meta":{"origin":100114,"position":1},"title":"Internaron a Cacho Casta\u00f1a","author":"GB","date":"24\/12\/2013","format":false,"excerpt":"El compositor y cantante Cacho Casta\u00f1a se encuentra internado en el Sanatorio de los Arcos, del barrio de Palermo, despu\u00e9s de sufrir \"un desvanecimiento brusco esta ma\u00f1ana\", seg\u00fan inform\u00f3 su doctor Alfredo Cahe, su m\u00e9dico personal. \"Ten\u00edamos el temor de un ACV, de manera que lo internamos. Por suerte la\u2026","rel":"","context":"En \u00abSociedad\u00bb","block_context":{"text":"Sociedad","link":"https:\/\/www.24baires.com\/?cat=1"},"img":{"alt_text":"cacho casta\u00f1a","src":"https:\/\/i0.wp.com\/www.24baires.com\/wp-content\/uploads\/2013\/12\/cacho-casta%C3%B1a-300x199.jpg?resize=350%2C200","width":350,"height":200},"classes":[]},{"id":57154,"url":"https:\/\/www.24baires.com\/?p=57154","url_meta":{"origin":100114,"position":2},"title":"Salud de Cacho Casta\u00f1a: \u00abAunque tiene todas las ganas de vivir, no puede\u00bb","author":"GB","date":"15\/11\/2014","format":false,"excerpt":"El m\u00e9dico personal del artista habl\u00f3 sobre su deteriorado estado de salud y confirm\u00f3 que le practicar\u00e1n una traqueotom\u00eda. Hace meses que la salud de Cacho Casta\u00f1a preocupa. Pero a pesar de lucharla, el cuadro se complic\u00f3 en las \u00faltimas horas y seg\u00fan inform\u00f3 en la ma\u00f1ana del s\u00e1bado su\u2026","rel":"","context":"En \u00abEspectaculos\u00bb","block_context":{"text":"Espectaculos","link":"https:\/\/www.24baires.com\/?cat=41"},"img":{"alt_text":"cacho casta\u00f1a","src":"https:\/\/i0.wp.com\/www.24baires.com\/wp-content\/uploads\/2014\/07\/cacho-casta%C3%B1a.jpg?resize=350%2C200","width":350,"height":200,"srcset":"https:\/\/i0.wp.com\/www.24baires.com\/wp-content\/uploads\/2014\/07\/cacho-casta%C3%B1a.jpg?resize=350%2C200 1x, https:\/\/i0.wp.com\/www.24baires.com\/wp-content\/uploads\/2014\/07\/cacho-casta%C3%B1a.jpg?resize=525%2C300 1.5x"},"classes":[]},{"id":11039,"url":"https:\/\/www.24baires.com\/?p=11039","url_meta":{"origin":100114,"position":3},"title":"Aseguran que \u00ab&#8216;La Juan Domingo&#8217; es capaz de cualquier cosa\u00bb","author":"Grupo Sierra","date":"02\/01\/2013","format":false,"excerpt":"LAN\u00daS.- El concejal H\u00e9ctor Montero (FpV) dijo que este a\u00f1o habr\u00e1 \u201cmuchos intereses en juego\u201d y advirti\u00f3 que la agrupaci\u00f3n sciolista que lidera el senador Baldomero \u201cCacho\u201d \u00c1lvarez, \u201cLa Juan Domingo\u201d, es capaz de \u201ccualquier cosa\u201d. Puso como ejemplo los robos organizados antes de Navidad y el apoyo a la\u2026","rel":"","context":"En \u00abPol\u00edtica\u00bb","block_context":{"text":"Pol\u00edtica","link":"https:\/\/www.24baires.com\/?cat=51"},"img":{"alt_text":"alvarez cacho-Scioli","src":"https:\/\/i0.wp.com\/www.24baires.com\/wp-content\/uploads\/2013\/01\/alvarez-cacho-Scioli.jpg?resize=350%2C200","width":350,"height":200,"srcset":"https:\/\/i0.wp.com\/www.24baires.com\/wp-content\/uploads\/2013\/01\/alvarez-cacho-Scioli.jpg?resize=350%2C200 1x, https:\/\/i0.wp.com\/www.24baires.com\/wp-content\/uploads\/2013\/01\/alvarez-cacho-Scioli.jpg?resize=525%2C300 1.5x"},"classes":[]},{"id":35251,"url":"https:\/\/www.24baires.com\/?p=35251","url_meta":{"origin":100114,"position":4},"title":"Charly tuvo un pico de presi\u00f3n y suspendi\u00f3 su show en Bogot\u00e1","author":"AF","date":"16\/11\/2013","format":false,"excerpt":"Charly Garc\u00eda cancel\u00f3 anoche un concierto que ten\u00eda previsto ofrecer en la ciudad de Bogot\u00e1 al padecer un aumento de su presi\u00f3n arterial, inform\u00f3 su productor general, Jorge Palazzo, quien primero hab\u00eda informado que el ex Sui G\u00e9neris hab\u00eda sufrido un preinfarto. Palazzo hab\u00eda informado primero que el ex Sui\u2026","rel":"","context":"En \u00abArte &amp; Cultura\u00bb","block_context":{"text":"Arte &amp; Cultura","link":"https:\/\/www.24baires.com\/?cat=53"},"img":{"alt_text":"charly garc\u00eda","src":"https:\/\/i0.wp.com\/www.24baires.com\/wp-content\/uploads\/2013\/11\/charly-garc%C3%ADa.jpg?resize=350%2C200","width":350,"height":200,"srcset":"https:\/\/i0.wp.com\/www.24baires.com\/wp-content\/uploads\/2013\/11\/charly-garc%C3%ADa.jpg?resize=350%2C200 1x, https:\/\/i0.wp.com\/www.24baires.com\/wp-content\/uploads\/2013\/11\/charly-garc%C3%ADa.jpg?resize=525%2C300 1.5x"},"classes":[]},{"id":37691,"url":"https:\/\/www.24baires.com\/?p=37691","url_meta":{"origin":100114,"position":5},"title":"Cacho Casta\u00f1a despert\u00f3 del coma inducido y contin\u00faa evolucionando","author":"GB","date":"30\/12\/2013","format":false,"excerpt":"El cantante despert\u00f3 del coma inducido en el que se encontraba y su salud evoluciona favorablemente. Le retiraron el respirador artificial y presenta una \"cierta mejor\u00eda\", inform\u00f3 su m\u00e9dico personal, Alfredo Cahe. \"Est\u00e1 despertando de a poco y ayer le sacamos el respirador paulatinamente para que la caja tor\u00e1cica pueda\u2026","rel":"","context":"En \u00abEspectaculos\u00bb","block_context":{"text":"Espectaculos","link":"https:\/\/www.24baires.com\/?cat=41"},"img":{"alt_text":"cacho casta\u00f1a","src":"https:\/\/i0.wp.com\/www.24baires.com\/wp-content\/uploads\/2013\/12\/cacho-casta%C3%B1a.jpg?resize=350%2C200","width":350,"height":200,"srcset":"https:\/\/i0.wp.com\/www.24baires.com\/wp-content\/uploads\/2013\/12\/cacho-casta%C3%B1a.jpg?resize=350%2C200 1x, https:\/\/i0.wp.com\/www.24baires.com\/wp-content\/uploads\/2013\/12\/cacho-casta%C3%B1a.jpg?resize=525%2C300 1.5x"},"classes":[]}],"jetpack_sharing_enabled":true,"jetpack_likes_enabled":true,"_links":{"self":[{"href":"https:\/\/www.24baires.com\/index.php?rest_route=\/wp\/v2\/posts\/100114","targetHints":{"allow":["GET"]}}],"collection":[{"href":"https:\/\/www.24baires.com\/index.php?rest_route=\/wp\/v2\/posts"}],"about":[{"href":"https:\/\/www.24baires.com\/index.php?rest_route=\/wp\/v2\/types\/post"}],"author":[{"embeddable":true,"href":"https:\/\/www.24baires.com\/index.php?rest_route=\/wp\/v2\/users\/8"}],"replies":[{"embeddable":true,"href":"https:\/\/www.24baires.com\/index.php?rest_route=%2Fwp%2Fv2%2Fcomments&post=100114"}],"version-history":[{"count":1,"href":"https:\/\/www.24baires.com\/index.php?rest_route=\/wp\/v2\/posts\/100114\/revisions"}],"predecessor-version":[{"id":100115,"href":"https:\/\/www.24baires.com\/index.php?rest_route=\/wp\/v2\/posts\/100114\/revisions\/100115"}],"wp:attachment":[{"href":"https:\/\/www.24baires.com\/index.php?rest_route=%2Fwp%2Fv2%2Fmedia&parent=100114"}],"wp:term":[{"taxonomy":"category","embeddable":true,"href":"https:\/\/www.24baires.com\/index.php?rest_route=%2Fwp%2Fv2%2Fcategories&post=100114"},{"taxonomy":"post_tag","embeddable":true,"href":"https:\/\/www.24baires.com\/index.php?rest_route=%2Fwp%2Fv2%2Ftags&post=100114"}],"curies":[{"name":"wp","href":"https:\/\/api.w.org\/{rel}","templated":true}]}}