{"id":10011,"date":"2012-12-21T12:41:51","date_gmt":"2012-12-21T15:41:51","guid":{"rendered":"http:\/\/www.24baires.com\/?p=10011"},"modified":"2012-12-21T12:42:48","modified_gmt":"2012-12-21T15:42:48","slug":"las-lluvias-en-el-interior-de-la-provincia-ya-son-46-los-distritos-en-emergencia","status":"publish","type":"post","link":"https:\/\/www.24baires.com\/?p=10011","title":{"rendered":"Siguen las lluvias en el interior de la Provincia: ya son 46 los distritos en Emergencia"},"content":{"rendered":"<p>Un total de 46 distritos del interior bonaerense ya est\u00e1n bajo emergencia agropecuaria por las repetidas inundaciones del \u00faltimo semestre y el a\u00f1o cerrar\u00e1 con una situaci\u00f3n agravada debido a las fuertes lluvias ca\u00eddas en los \u00faltimos d\u00edas. <!--more--><\/p>\n<p>Entre agosto y noviembre, la Comisi\u00f3n de Emergencia y Desastre Agropecuario bonaerense (Cedaba) que integran la Provincia y las organizaciones rurales declar\u00f3 a 46 distritos en emergencia y\/o desastre agropecuario por inundaciones.<\/p>\n<p>Seg\u00fan inform\u00f3 la agencia DIB en base a informaciones del Ministerio de Asuntos Agrarios bonaerense y la Confederaci\u00f3n de Asociaciones Rurales de Buenos Aires y La Pampa (Carbap), se trata del 41,4 por ciento de los partidos del interior,<\/p>\n<p>La gran mayor\u00eda de esas declaraciones, que implican pr\u00f3rrogas y exenciones de impuestos para los productores seg\u00fan el grado de afectaci\u00f3n, vencer\u00e1n el 31 de diciembre. Por eso, decenas de distritos ya est\u00e1n preparando sus pedidos de pr\u00f3rroga para el 9 de enero, fecha en que ser\u00e1n analizados por la Cedaba.<\/p>\n<p>&nbsp;<\/p>\n<p>&nbsp;<\/p>\n<p>&nbsp;<\/p>\n<p>&nbsp;<\/p>\n<p>&nbsp;<\/p>\n<p>&nbsp;<\/p>\n<p>&nbsp;<\/p>\n<p>&nbsp;<\/p>\n<p>&nbsp;<\/p>\n<p>&nbsp;<\/p>\n<p>&nbsp;<\/p>\n<p>&nbsp;<\/p>\n<p>&nbsp;<\/p>\n<p>&nbsp;<\/p>\n<p>&nbsp;<\/p>\n<p>&nbsp;<\/p>\n<p>&nbsp;<\/p>\n<p>&nbsp;<\/p>\n<p>&nbsp;<\/p>\n<p>&nbsp;<\/p>\n","protected":false},"excerpt":{"rendered":"<p>Un total de 46 distritos del interior bonaerense ya est\u00e1n bajo emergencia agropecuaria por las repetidas inundaciones del \u00faltimo semestre y el a\u00f1o cerrar\u00e1 con una situaci\u00f3n agravada debido a las fuertes lluvias ca\u00eddas en los \u00faltimos d\u00edas.<\/p>\n","protected":false},"author":4,"featured_media":0,"comment_status":"open","ping_status":"open","sticky":false,"template":"","format":"standard","meta":{"_jetpack_newsletter_access":"","_jetpack_dont_email_post_to_subs":false,"_jetpack_newsletter_tier_id":0,"_jetpack_memberships_contains_paywalled_content":false,"_jetpack_memberships_contains_paid_content":false,"footnotes":""},"categories":[40],"tags":[],"class_list":["post-10011","post","type-post","status-publish","format-standard","hentry","category-provincia"],"jetpack_featured_media_url":"","jetpack_shortlink":"https:\/\/wp.me\/p2JWE0-2Bt","jetpack-related-posts":[{"id":105118,"url":"https:\/\/www.24baires.com\/?p=105118","url_meta":{"origin":10011,"position":0},"title":"Oficializan la emergencia agropecuaria para 23 distritos bonaerenses","author":"AF","date":"25\/10\/2018","format":false,"excerpt":"Campos de un total de 23 distritos del interior bonaerense fueron declarados en emergencia o desastre debido a las inundaciones y las sequ\u00edas que atraves\u00f3 la provincia en el \u00faltimo tiempo. Seg\u00fan se public\u00f3 hoy en el Bolet\u00edn Oficial, las explotaciones rurales afectadas por sequ\u00eda de veinti\u00fan partidos fueron declaradas\u2026","rel":"","context":"En \u00abProvincia\u00bb","block_context":{"text":"Provincia","link":"https:\/\/www.24baires.com\/?cat=40"},"img":{"alt_text":"","src":"https:\/\/i0.wp.com\/www.24baires.com\/wp-content\/uploads\/2017\/10\/campo-inundado.jpg?resize=350%2C200","width":350,"height":200,"srcset":"https:\/\/i0.wp.com\/www.24baires.com\/wp-content\/uploads\/2017\/10\/campo-inundado.jpg?resize=350%2C200 1x, https:\/\/i0.wp.com\/www.24baires.com\/wp-content\/uploads\/2017\/10\/campo-inundado.jpg?resize=525%2C300 1.5x"},"classes":[]},{"id":101567,"url":"https:\/\/www.24baires.com\/?p=101567","url_meta":{"origin":10011,"position":1},"title":"La Provincia declara emergencia agropecuaria en 23 distritos del interior","author":"GB","date":"12\/04\/2018","format":false,"excerpt":"El Ejecutivo bonaerense declara hoy al menos a 23 distritos de interior en estado de emergencia agropecuaria, la mayor\u00eda a ra\u00edz de la sequ\u00eda que padecieron desde octubre del a\u00f1o pasado -y que las lluvias de los \u00faltimos d\u00edas podr\u00eda comenzar a revertir- en un encuentro que fue anunciado durante\u2026","rel":"","context":"En \u00abProvincia\u00bb","block_context":{"text":"Provincia","link":"https:\/\/www.24baires.com\/?cat=40"},"img":{"alt_text":"","src":"https:\/\/i0.wp.com\/www.24baires.com\/wp-content\/uploads\/2018\/02\/campo-seco-300x200.jpeg?resize=350%2C200","width":350,"height":200},"classes":[]},{"id":53740,"url":"https:\/\/www.24baires.com\/?p=53740","url_meta":{"origin":10011,"position":2},"title":"Casi el 25 % de los campos productivos de la Provincia est\u00e1n afectados por las inundaciones","author":"GB","date":"16\/09\/2014","format":false,"excerpt":"El Ministerio de Agricultura, Ganader\u00eda y Pesca de la Naci\u00f3n y el INTA estimaron que hay entre 2,5 y 3 millones de hect\u00e1reas inundadas en la provincia y otras tantas comprometidas con \u201cencharcamiento o con falta de piso\u201d a causa de las precipitaciones acumuladas. La cifra involucra al 24 por\u2026","rel":"","context":"En \u00abProvincia\u00bb","block_context":{"text":"Provincia","link":"https:\/\/www.24baires.com\/?cat=40"},"img":{"alt_text":"oeste bonaerense inundado","src":"https:\/\/i0.wp.com\/www.24baires.com\/wp-content\/uploads\/2012\/12\/oeste-bonaerense-inundado.jpg?resize=350%2C200","width":350,"height":200,"srcset":"https:\/\/i0.wp.com\/www.24baires.com\/wp-content\/uploads\/2012\/12\/oeste-bonaerense-inundado.jpg?resize=350%2C200 1x, https:\/\/i0.wp.com\/www.24baires.com\/wp-content\/uploads\/2012\/12\/oeste-bonaerense-inundado.jpg?resize=525%2C300 1.5x"},"classes":[]},{"id":3424,"url":"https:\/\/www.24baires.com\/?p=3424","url_meta":{"origin":10011,"position":3},"title":"Declararon la Emergencia Agropecuaria en cuatro distritos m\u00e1s","author":"AF","date":"27\/10\/2012","format":false,"excerpt":"Rivadavia, Pila, Guamin\u00ed y Rauch fueron declarados en emergencia mientras que en Lincoln se prorrog\u00f3 la medida. \u00a0La Comisi\u00f3n de Emergencia y Desastre Agropecuario bonaerense (Cedaba) declar\u00f3 la emergencia agropecuaria por inundaciones en cuatro distritos de la provincia y prorrog\u00f3 ese estatus para otro partido como consecuencia de las fuertes\u2026","rel":"","context":"En \u00abLocales\u00bb","block_context":{"text":"Locales","link":"https:\/\/www.24baires.com\/?cat=38"},"img":{"alt_text":"","src":"","width":0,"height":0},"classes":[]},{"id":15023,"url":"https:\/\/www.24baires.com\/?p=15023","url_meta":{"origin":10011,"position":4},"title":"En nueve distritos m\u00e1s declaran y prorrogan la Emergencia Agropecuaria","author":"AF","date":"08\/02\/2013","format":false,"excerpt":"Un total de nueve distritos de la provincia recibieron declaraciones y pr\u00f3rrogas de emergencias agropecuarias que permitir\u00e1n a los productores afectados por las contingencias clim\u00e1ticas acceder a beneficios impositivos. As\u00ed lo resolvi\u00f3 la Comisi\u00f3n de Emergencia y Desastre Agropecuario bonaerense (Cedaba) que integran la Provincia, la Confederaci\u00f3n de Asociaciones Rurales\u2026","rel":"","context":"En \u00abLocales\u00bb","block_context":{"text":"Locales","link":"https:\/\/www.24baires.com\/?cat=38"},"img":{"alt_text":"","src":"","width":0,"height":0},"classes":[]},{"id":49997,"url":"https:\/\/www.24baires.com\/?p=49997","url_meta":{"origin":10011,"position":5},"title":"Declaran emergencia agropecuaria en otros 13 distritos","author":"AF","date":"16\/07\/2014","format":false,"excerpt":"Trece distritos bonaerenses fueron declarados en emergencia agropecuaria por las intensas lluvias acumuladas en las \u00faltimas semanas mientras se sigue con especial preocupaci\u00f3n la in\u00e9dita situaci\u00f3n que se registra en el sudoeste provincial, una regi\u00f3n castigada por la sequ\u00eda desde hace dos d\u00e9cadas y complicada ahora por el exceso h\u00eddrico.\u2026","rel":"","context":"En \u00abProvincia\u00bb","block_context":{"text":"Provincia","link":"https:\/\/www.24baires.com\/?cat=40"},"img":{"alt_text":"oeste bonaerense inundado","src":"https:\/\/i0.wp.com\/www.24baires.com\/wp-content\/uploads\/2012\/12\/oeste-bonaerense-inundado.jpg?resize=350%2C200","width":350,"height":200,"srcset":"https:\/\/i0.wp.com\/www.24baires.com\/wp-content\/uploads\/2012\/12\/oeste-bonaerense-inundado.jpg?resize=350%2C200 1x, https:\/\/i0.wp.com\/www.24baires.com\/wp-content\/uploads\/2012\/12\/oeste-bonaerense-inundado.jpg?resize=525%2C300 1.5x"},"classes":[]}],"jetpack_sharing_enabled":true,"jetpack_likes_enabled":true,"_links":{"self":[{"href":"https:\/\/www.24baires.com\/index.php?rest_route=\/wp\/v2\/posts\/10011","targetHints":{"allow":["GET"]}}],"collection":[{"href":"https:\/\/www.24baires.com\/index.php?rest_route=\/wp\/v2\/posts"}],"about":[{"href":"https:\/\/www.24baires.com\/index.php?rest_route=\/wp\/v2\/types\/post"}],"author":[{"embeddable":true,"href":"https:\/\/www.24baires.com\/index.php?rest_route=\/wp\/v2\/users\/4"}],"replies":[{"embeddable":true,"href":"https:\/\/www.24baires.com\/index.php?rest_route=%2Fwp%2Fv2%2Fcomments&post=10011"}],"version-history":[{"count":3,"href":"https:\/\/www.24baires.com\/index.php?rest_route=\/wp\/v2\/posts\/10011\/revisions"}],"predecessor-version":[{"id":10014,"href":"https:\/\/www.24baires.com\/index.php?rest_route=\/wp\/v2\/posts\/10011\/revisions\/10014"}],"wp:attachment":[{"href":"https:\/\/www.24baires.com\/index.php?rest_route=%2Fwp%2Fv2%2Fmedia&parent=10011"}],"wp:term":[{"taxonomy":"category","embeddable":true,"href":"https:\/\/www.24baires.com\/index.php?rest_route=%2Fwp%2Fv2%2Fcategories&post=10011"},{"taxonomy":"post_tag","embeddable":true,"href":"https:\/\/www.24baires.com\/index.php?rest_route=%2Fwp%2Fv2%2Ftags&post=10011"}],"curies":[{"name":"wp","href":"https:\/\/api.w.org\/{rel}","templated":true}]}}