{"id":100046,"date":"2018-01-19T11:00:52","date_gmt":"2018-01-19T14:00:52","guid":{"rendered":"http:\/\/www.24baires.com\/?p=100046"},"modified":"2018-01-19T10:09:47","modified_gmt":"2018-01-19T13:09:47","slug":"la-madre-de-balcedo-cerro-temporalmente-el-diario-hoy-y-los-trabajadores-resisten","status":"publish","type":"post","link":"https:\/\/www.24baires.com\/?p=100046","title":{"rendered":"La madre de Balcedo cerr\u00f3 temporalmente el Diario Hoy y los trabajadores resisten"},"content":{"rendered":"<p><img data-recalc-dims=\"1\" loading=\"lazy\" decoding=\"async\" src=\"https:\/\/i0.wp.com\/www.24baires.com\/wp-content\/uploads\/2018\/01\/diario-hoy.jpg?resize=300%2C200\" alt=\"\" width=\"300\" height=\"200\" class=\"alignleft size-medium wp-image-100047\" srcset=\"https:\/\/i0.wp.com\/www.24baires.com\/wp-content\/uploads\/2018\/01\/diario-hoy.jpg?resize=300%2C200&amp;ssl=1 300w, https:\/\/i0.wp.com\/www.24baires.com\/wp-content\/uploads\/2018\/01\/diario-hoy.jpg?w=540&amp;ssl=1 540w\" sizes=\"auto, (max-width: 300px) 100vw, 300px\" \/>La madre del sindicalista Marcelo Balcedo, Miriam \u00abNene\u00bb Ch\u00e1vez de Balcedo, detenido en Uruguay, cerr\u00f3 temporalmente esta tarde el Diario Hoy y comenz\u00f3 a despedir personal, el cual decidi\u00f3 permanecer dentro del edificio del matutino, en La Plata, para resistir la medida.<!--more--><\/p>\n<p>Ch\u00e1vez anunci\u00f3 la medida -que en principio regir\u00eda hasta el martes- solo minutos despu\u00e9s de que se conociera que la justicia uruguaya encontr\u00f3 casi cuatro millones de d\u00f3lares en cajas de seguridad en la empresa Fort Bopx de su hijo en Montevideo, Uruguay, donde est\u00e1 detenido.<\/p>\n<p>Cuando se presentaron a trabajar hoy, varios empleados recibieron un papel impreso en el que se los notificaba que \u00aba ra\u00edz de la grave crisis que atraviesa la empresa por razones de fuerza no imputables a nosotros, queda usted desvinculado a partir de la fecha\u00bb.<\/p>\n<p>Seg\u00fan denunciaron, en principio Ch\u00e1vez dijo que ser\u00e1n 45 los empleados del matutino que dejar\u00e1n de trabajar, a lo que podr\u00eda sumarse personal de FM 92, de la misma familia.<\/p>\n<p>Los trabajadores, en respuesta, decidieron permanecer en el edificio del diario, en avenida 32 entre 3 y 4 para reclamar por los despidos y, a la vez, porque temen que no vuelva a abrir sus puertas.<\/p>\n<p>Balcedo, hijo de Ch\u00e1vez, ex director del Diario y  titular del Soeme fue detenido junto a su esposa, Paola Fiege, el 4 de este mes, en Maldonado, Uruguay, por orden del juez Ernesto Kreplak, quien lo investiga por lavado de dinero y extorsi\u00f3n. La justicia uruguaya, a su vez, le abri\u00f3 una causa por tenencia de armas de guerra que se encontraron en su propiedad de ese pa\u00eds.<\/p>\n<p>Ayer, en un comunicado, los trabajadores denunciaron que Ch\u00e1vez se propone despedir el 80 por ciento del personal del matutino, en el que trabajan unas 200 personas. Pidieron, adem\u00e1s, \u00ablas autoridades competentes su inmediata intervenci\u00f3n\u00bb a fin de \u00absalvaguardar\u00bb suis  derechos laborales. <\/p>\n","protected":false},"excerpt":{"rendered":"<p>La madre del sindicalista Marcelo Balcedo, Miriam \u00abNene\u00bb Ch\u00e1vez de Balcedo, detenido en Uruguay, cerr\u00f3 temporalmente esta tarde el Diario Hoy y comenz\u00f3 a despedir personal, el cual decidi\u00f3 permanecer dentro del edificio del matutino, en La Plata, para resistir la medida.<\/p>\n","protected":false},"author":8,"featured_media":0,"comment_status":"open","ping_status":"open","sticky":false,"template":"","format":"standard","meta":{"_jetpack_newsletter_access":"","_jetpack_dont_email_post_to_subs":false,"_jetpack_newsletter_tier_id":0,"_jetpack_memberships_contains_paywalled_content":false,"_jetpack_memberships_contains_paid_content":false,"footnotes":""},"categories":[54],"tags":[],"class_list":["post-100046","post","type-post","status-publish","format-standard","hentry","category-medios"],"jetpack_featured_media_url":"","jetpack_shortlink":"https:\/\/wp.me\/p2JWE0-q1E","jetpack-related-posts":[{"id":99780,"url":"https:\/\/www.24baires.com\/?p=99780","url_meta":{"origin":100046,"position":0},"title":"Detienen al gremialista bonaerense Marcelo Balcedo","author":"GB","date":"04\/01\/2018","format":false,"excerpt":"El dirigente gremial platense y empresario period\u00edstico, Marcelo Balcedo, fue detenido hoy en Punta del Este, Uruguay, en el marco de una causa penal por delitos tributarios y lavado de dinero, instruida en el juzgado federal a cargo de Ernesto Kreplak. Balcedo, director del diario Hoy y secretario general de.\u2026","rel":"","context":"En \u00abPol\u00edtica\u00bb","block_context":{"text":"Pol\u00edtica","link":"https:\/\/www.24baires.com\/?cat=51"},"img":{"alt_text":"","src":"https:\/\/i0.wp.com\/www.24baires.com\/wp-content\/uploads\/2018\/01\/balcedo-300x200.jpg?resize=350%2C200","width":350,"height":200},"classes":[]},{"id":3371,"url":"https:\/\/www.24baires.com\/?p=3371","url_meta":{"origin":100046,"position":1},"title":"Trabajadores despedidos del Diario Hoy protestaron por la inacci\u00f3n de Cuartango","author":"Grupo Sierra","date":"26\/10\/2012","format":false,"excerpt":"Los empleados cesanteados del matutino platense junto a trabajadores de otros medios reclamaron frente a la cartera laboral de la Provincia que el ministro \u201chaga cumplir las leyes\u201d frente a los atropellos de Myriam Rene\u00e9 Ch\u00e1vez de Balcedo. Aseguran que el diario es financiado casi exclusivamente por el gobierno de\u2026","rel":"","context":"En \u00abMedios\u00bb","block_context":{"text":"Medios","link":"https:\/\/www.24baires.com\/?cat=54"},"img":{"alt_text":"","src":"","width":0,"height":0},"classes":[]},{"id":51096,"url":"https:\/\/www.24baires.com\/?p=51096","url_meta":{"origin":100046,"position":2},"title":"Denuncian el despido de cinco trabajadores del diario Hoy de La Plata","author":"Grupo Sierra","date":"03\/08\/2014","format":false,"excerpt":"Afirman que los despidos son injustificados y denuncian maltrato f\u00edsico y psicol\u00f3gico por parte de la direcci\u00f3n. Convocan a colegas, gremios y organizaciones a \u201cdar una pelea en unidad para ponerle un freno a la precarizaci\u00f3n laboral en este diario. El reclamo se realizar\u00e1 ma\u00f1ana al mediod\u00eda. Son 3 periodistas\u2026","rel":"","context":"En \u00abMedios\u00bb","block_context":{"text":"Medios","link":"https:\/\/www.24baires.com\/?cat=54"},"img":{"alt_text":"diario hoy","src":"https:\/\/i0.wp.com\/www.24baires.com\/wp-content\/uploads\/2014\/08\/diario-hoy.png?resize=350%2C200","width":350,"height":200},"classes":[]},{"id":30783,"url":"https:\/\/www.24baires.com\/?p=30783","url_meta":{"origin":100046,"position":3},"title":"Impulsan iniciativa para reactivar el tren La Plata-Brandsen","author":"AF","date":"26\/08\/2013","format":false,"excerpt":"Enrique P\u00e9rez Balcedo, uno de los impulsores de la iniciativa, destac\u00f3 la importancia de recuperar un servicio que es \u201cviable\u201d y estrat\u00e9gico para la regi\u00f3n. Enrique P\u00e9rez Balcedo es un vecino de Romero que integra un grupo de personas que impulsan la reactivaci\u00f3n del ramal ferroviario que une La Plata\u2026","rel":"","context":"En \u00abLocales\u00bb","block_context":{"text":"Locales","link":"https:\/\/www.24baires.com\/?cat=38"},"img":{"alt_text":"brandsen","src":"https:\/\/i0.wp.com\/www.24baires.com\/wp-content\/uploads\/2013\/05\/brandsen.jpg?resize=350%2C200","width":350,"height":200},"classes":[]},{"id":99903,"url":"https:\/\/www.24baires.com\/?p=99903","url_meta":{"origin":100046,"position":4},"title":"\u00abAlfons\u00edn y De la R\u00faa atacaron a los sindicatos y no terminaron su mandato\u00bb","author":"GB","date":"11\/01\/2018","format":false,"excerpt":"De esta manera, el dirigente gastron\u00f3mico le pidi\u00f3 a Macri \"no generalizar cuando se habla de mafias\" en los sindicatos. Ratific\u00f3 que \"en la CGT no hay reconciliaci\u00f3n con el oficialismo\" en torno a la reforma laboral y anticip\u00f3 su postura de cara a las paritarias Luis Barrionuevo opin\u00f3 del\u2026","rel":"","context":"En \u00abPol\u00edtica\u00bb","block_context":{"text":"Pol\u00edtica","link":"https:\/\/www.24baires.com\/?cat=51"},"img":{"alt_text":"","src":"https:\/\/i0.wp.com\/www.24baires.com\/wp-content\/uploads\/2014\/04\/barrionuevo.jpg?resize=350%2C200","width":350,"height":200,"srcset":"https:\/\/i0.wp.com\/www.24baires.com\/wp-content\/uploads\/2014\/04\/barrionuevo.jpg?resize=350%2C200 1x, https:\/\/i0.wp.com\/www.24baires.com\/wp-content\/uploads\/2014\/04\/barrionuevo.jpg?resize=525%2C300 1.5x"},"classes":[]},{"id":52938,"url":"https:\/\/www.24baires.com\/?p=52938","url_meta":{"origin":100046,"position":5},"title":"El Gobierno Bonaerense se reuni\u00f3 con el Sindicato de Prensa de la Provincia","author":"GB","date":"02\/09\/2014","format":false,"excerpt":"Representantes del Sindicato de Prensa Bonaerense fueron recibidos hoy por autoridades del Poder Ejecutivo provincial en la Gobernaci\u00f3n para evaluar la situaci\u00f3n del sector en la regi\u00f3n, especialmente en lo que hace a casos que afectan la estabilidad laboral de los trabajadores, se inform\u00f3. \"Luego de evaluar cada uno de\u2026","rel":"","context":"En \u00abMedios\u00bb","block_context":{"text":"Medios","link":"https:\/\/www.24baires.com\/?cat=54"},"img":{"alt_text":"","src":"","width":0,"height":0},"classes":[]}],"jetpack_sharing_enabled":true,"jetpack_likes_enabled":true,"_links":{"self":[{"href":"https:\/\/www.24baires.com\/index.php?rest_route=\/wp\/v2\/posts\/100046","targetHints":{"allow":["GET"]}}],"collection":[{"href":"https:\/\/www.24baires.com\/index.php?rest_route=\/wp\/v2\/posts"}],"about":[{"href":"https:\/\/www.24baires.com\/index.php?rest_route=\/wp\/v2\/types\/post"}],"author":[{"embeddable":true,"href":"https:\/\/www.24baires.com\/index.php?rest_route=\/wp\/v2\/users\/8"}],"replies":[{"embeddable":true,"href":"https:\/\/www.24baires.com\/index.php?rest_route=%2Fwp%2Fv2%2Fcomments&post=100046"}],"version-history":[{"count":1,"href":"https:\/\/www.24baires.com\/index.php?rest_route=\/wp\/v2\/posts\/100046\/revisions"}],"predecessor-version":[{"id":100048,"href":"https:\/\/www.24baires.com\/index.php?rest_route=\/wp\/v2\/posts\/100046\/revisions\/100048"}],"wp:attachment":[{"href":"https:\/\/www.24baires.com\/index.php?rest_route=%2Fwp%2Fv2%2Fmedia&parent=100046"}],"wp:term":[{"taxonomy":"category","embeddable":true,"href":"https:\/\/www.24baires.com\/index.php?rest_route=%2Fwp%2Fv2%2Fcategories&post=100046"},{"taxonomy":"post_tag","embeddable":true,"href":"https:\/\/www.24baires.com\/index.php?rest_route=%2Fwp%2Fv2%2Ftags&post=100046"}],"curies":[{"name":"wp","href":"https:\/\/api.w.org\/{rel}","templated":true}]}}