{"id":100012,"date":"2018-01-17T19:45:30","date_gmt":"2018-01-17T22:45:30","guid":{"rendered":"http:\/\/www.24baires.com\/?p=100012"},"modified":"2018-01-17T19:45:30","modified_gmt":"2018-01-17T22:45:30","slug":"el-reino-del-reves","status":"publish","type":"post","link":"https:\/\/www.24baires.com\/?p=100012","title":{"rendered":"El Reino del Rev\u00e9s"},"content":{"rendered":"<p><img data-recalc-dims=\"1\" loading=\"lazy\" decoding=\"async\" src=\"https:\/\/i0.wp.com\/www.24baires.com\/wp-content\/uploads\/2018\/01\/triaca.jpg?resize=560%2C385\" alt=\"\" width=\"560\" height=\"385\" class=\"aligncenter size-full wp-image-100013\" srcset=\"https:\/\/i0.wp.com\/www.24baires.com\/wp-content\/uploads\/2018\/01\/triaca.jpg?w=560&amp;ssl=1 560w, https:\/\/i0.wp.com\/www.24baires.com\/wp-content\/uploads\/2018\/01\/triaca.jpg?resize=300%2C206&amp;ssl=1 300w\" sizes=\"auto, (max-width: 560px) 100vw, 560px\" \/><\/p>\n<blockquote>\n<p style=\"text-align: right;\"><em>\u201cMe dijeron que en el reino del rev\u00e9s<\/em><br \/>\n<em> nadie baila con los pies.<\/em><br \/>\n<em> Que un ladr\u00f3n es vigilante y otro es juez<\/em><br \/>\n<em> y que dos y dos son tres\u201d<\/em><\/p>\n<p style=\"text-align: right;\"><em>Mar\u00eda Elena Walsh<\/em><\/p>\n<\/blockquote>\n<p>Argentina. Enero 2018. Querido diario, quiero contarte algo extra\u00f1o. De hecho, espero que puedas creerme, ya que es inveros\u00edmil, pero real, te juro. La cosa es, m\u00e1s o menos, as\u00ed: hay un Ministro, se llama Jorge Triaca. Resulta que ten\u00eda una empleada, en negro. Y nos enteramos porque apareci\u00f3 un audio donde la insulta brutalmente y la echa. Pero despu\u00e9s nos enteramos m\u00e1s cosas: la hab\u00eda nombrado en el Estado, en el SOMU, cuando ella le pidi\u00f3 aumento. Pero segu\u00eda trabajando para \u00e9l, mientras todos le pag\u00e1bamos un sueldo. Y ella le pidi\u00f3 aumento cuando no ten\u00eda aportes, ni vacaciones, ni aguinaldo, ni ninguno de los derechos conquistados que por el momento no fueron arrebatados por el gobierno de su (ahora) ex jefe y Ministro. No ten\u00eda nada de eso porque Triaca la ten\u00eda empleada en negro hasta que ella pidi\u00f3 ganar un poco m\u00e1s. Creo que has comprendido esa parte, querido diario.<!--more--><\/p>\n<p>Esto que voy a decirte ahora me da cierto apuro, porque no te aclar\u00e9 que el Ministerio que Triaca conduce es, justamente, el de Trabajo. \u00a1Uf! Me debo haber puesto colorada. Pero estas \u201ciron\u00edas\u201d ya parecen ser costumbre en este gobierno, ojo, porque antes el Ministro de Energ\u00eda, Juan Jos\u00e9 Aranguren, hab\u00eda otorgado siete de ocho licitaciones a Shell, empresa de la cual fue CEO y a\u00fan es accionista. Y ni qu\u00e9 decirte de la Ministra de Seguridad, que encubre desapariciones forzadas y asesinatos por la espalda. Qu\u00e9 miedo da Pato.<\/p>\n<p>Tambi\u00e9n supimos al estallar este esc\u00e1ndalo que comenz\u00f3 con la difusi\u00f3n de un audio, que hay otros 250 conchabos m\u00e1s de Triaca en el SOMU. Otra iron\u00eda que nos plantea el macrismo, que ven\u00eda a combatir las mafias, seg\u00fan dec\u00edan. El macrismo, que no puede controlar la inflaci\u00f3n, pero en campa\u00f1a el Presidente dec\u00eda que hab\u00eda que ser muy malo para no saber resolverla. El macrismo, que dec\u00eda que ven\u00eda a acabar con la corrupci\u00f3n y no para de beneficiar a sus amigos y socios mientras endeuda al pa\u00eds y empobrece al pueblo. El macrismo, que ven\u00eda a obsequiarnos con el di\u00e1logo y el consenso, y reprimen con crueldad inusitada, queriendo imponer el miedo a fuerza de violencia.<\/p>\n<p>Querido diario, qu\u00e9 complejo y triste es todo. La justicia es injusta y el Estado no cuida ni contiene. A las c\u00e1rceles van los opositores como estrategia de distracci\u00f3n, mientras los ladrones gobiernan. Los grandes medios encubren y protegen las peores atrocidades y ya no informan, s\u00f3lo difunden inventos y falacias.<\/p>\n<p>Argentina. Enero 2018. A m\u00ed me hab\u00edan dicho que en el Reino del Rev\u00e9s nada el p\u00e1jaro y vuela el pez. Ahora tambi\u00e9n sabemos que el Gato miente. Ser\u00eda bueno no olvidarlo m\u00e1s.<\/p>\n","protected":false},"excerpt":{"rendered":"<p>\u201cMe dijeron que en el reino del rev\u00e9s nadie baila con los pies. Que un ladr\u00f3n es vigilante y otro es juez y que dos y dos son tres\u201d Mar\u00eda Elena Walsh Argentina. Enero 2018. Querido diario, quiero contarte algo extra\u00f1o. De hecho, espero que puedas creerme, ya que es inveros\u00edmil, pero real, te juro. La cosa es, m\u00e1s o [&#8230;]<\/p>\n","protected":false},"author":4,"featured_media":0,"comment_status":"open","ping_status":"open","sticky":false,"template":"","format":"standard","meta":{"_jetpack_newsletter_access":"","_jetpack_dont_email_post_to_subs":false,"_jetpack_newsletter_tier_id":0,"_jetpack_memberships_contains_paywalled_content":false,"_jetpack_memberships_contains_paid_content":false,"footnotes":""},"categories":[64],"tags":[],"class_list":["post-100012","post","type-post","status-publish","format-standard","hentry","category-opinion"],"jetpack_featured_media_url":"","jetpack_shortlink":"https:\/\/wp.me\/p2JWE0-q16","jetpack-related-posts":[{"id":58205,"url":"https:\/\/www.24baires.com\/?p=58205","url_meta":{"origin":100012,"position":0},"title":"Para Massa, \u00abs\u00f3lo falta que los presos pidan una indemnizaci\u00f3n\u00bb","author":"Grupo Sierra","date":"05\/12\/2014","format":false,"excerpt":"\"Vivimos en el reino del rev\u00e9s\", dijo el l\u00edder del Frente Renovador ante cientos de personas. Una frase que le va a causar m\u00e1s de un dolor de cabeza. En su visita a Coronel Pringles para la inauguraci\u00f3n de viviendas sociales junto al intendente radical Carlos Oreste, Sergio Massa hizo\u2026","rel":"","context":"En \u00abPol\u00edtica\u00bb","block_context":{"text":"Pol\u00edtica","link":"https:\/\/www.24baires.com\/?cat=51"},"img":{"alt_text":"Joaqu\u00edn de la Torre massa","src":"https:\/\/i0.wp.com\/www.24baires.com\/wp-content\/uploads\/2014\/10\/Joaqu%C3%ADn-de-la-Torre-massa.jpg?resize=350%2C200","width":350,"height":200,"srcset":"https:\/\/i0.wp.com\/www.24baires.com\/wp-content\/uploads\/2014\/10\/Joaqu%C3%ADn-de-la-Torre-massa.jpg?resize=350%2C200 1x, https:\/\/i0.wp.com\/www.24baires.com\/wp-content\/uploads\/2014\/10\/Joaqu%C3%ADn-de-la-Torre-massa.jpg?resize=525%2C300 1.5x"},"classes":[]},{"id":55564,"url":"https:\/\/www.24baires.com\/?p=55564","url_meta":{"origin":100012,"position":1},"title":"\u00abLa oposici\u00f3n ha planteado escenarios apocal\u00edpticos\u00bb, asegur\u00f3 Scioli","author":"GB","date":"17\/10\/2014","format":false,"excerpt":"El gobernador bonaerense los responsabiliz\u00f3 de \"sembrar temor, miedo, diciendo que las cosas se iban al diablo\". Adem\u00e1s, critic\u00f3 a los pol\u00edticos \"que se ausentan de debates\" y \"que est\u00e1n en contra del paso que se dio recuperando la administraci\u00f3n de YPF\". \"Esto es el reino del rev\u00e9s: los que\u2026","rel":"","context":"En \u00abPol\u00edtica\u00bb","block_context":{"text":"Pol\u00edtica","link":"https:\/\/www.24baires.com\/?cat=51"},"img":{"alt_text":"scioli5","src":"https:\/\/i0.wp.com\/www.24baires.com\/wp-content\/uploads\/2014\/08\/scioli5.jpg?resize=350%2C200","width":350,"height":200,"srcset":"https:\/\/i0.wp.com\/www.24baires.com\/wp-content\/uploads\/2014\/08\/scioli5.jpg?resize=350%2C200 1x, https:\/\/i0.wp.com\/www.24baires.com\/wp-content\/uploads\/2014\/08\/scioli5.jpg?resize=525%2C300 1.5x"},"classes":[]},{"id":12021,"url":"https:\/\/www.24baires.com\/?p=12021","url_meta":{"origin":100012,"position":2},"title":"\u201cSin las extras, los municipales ganar\u00edan peor que un cooperativista\u00bb","author":"Grupo Sierra","date":"13\/01\/2013","format":false,"excerpt":"AVELLANEDA.- La bonificaci\u00f3n de 1900 pesos fue bien recibida por los trabajadores municipales, pero la oposici\u00f3n insiste en que los salarios siguen siendo bajos. \u201cSin las extras, ganar\u00edan peor que un cooperativista\u201d, apuntaron. Desde el oficialismo admitieron que es necesario \"rever los sueldos\" de los trabajadores. El plus de 1900\u2026","rel":"","context":"En \u00abMunicipios\u00bb","block_context":{"text":"Municipios","link":"https:\/\/www.24baires.com\/?cat=44"},"img":{"alt_text":"","src":"","width":0,"height":0},"classes":[]},{"id":114434,"url":"https:\/\/www.24baires.com\/?p=114434","url_meta":{"origin":100012,"position":3},"title":"Exigen a las empresas de telefon\u00eda celular que dejen sin efecto el \u00faltimo aumento","author":"GB","date":"18\/03\/2020","format":false,"excerpt":"Se trata del incremento de 9%, sorpresivo y no autorizado por el Gobierno. El lunes se hab\u00edan reunido las partes, donde los empresarios pidieron 48 horas para presentar una propuesta. El Gobierno nacional le pidi\u00f3 a las empresas telef\u00f3nicas que retrotraigan el aumento del 9% en las tarifas, en un\u2026","rel":"","context":"En \u00abPol\u00edtica\u00bb","block_context":{"text":"Pol\u00edtica","link":"https:\/\/www.24baires.com\/?cat=51"},"img":{"alt_text":"","src":"https:\/\/i0.wp.com\/www.24baires.com\/wp-content\/uploads\/2020\/03\/alberto-axel.jpg?resize=350%2C200","width":350,"height":200,"srcset":"https:\/\/i0.wp.com\/www.24baires.com\/wp-content\/uploads\/2020\/03\/alberto-axel.jpg?resize=350%2C200 1x, https:\/\/i0.wp.com\/www.24baires.com\/wp-content\/uploads\/2020\/03\/alberto-axel.jpg?resize=525%2C300 1.5x"},"classes":[]},{"id":35558,"url":"https:\/\/www.24baires.com\/?p=35558","url_meta":{"origin":100012,"position":4},"title":"Finalmente, no se cobrar\u00e1 la contribuci\u00f3n especial al campo","author":"AF","date":"22\/11\/2013","format":false,"excerpt":"En conferencia de prensa, el gobernador Daniel Scioli confirm\u00f3 la decisi\u00f3n de \u201crever\u201d la propuesta de implementar una \u201ccontribuci\u00f3n especial\u201d v\u00eda Inmobiliario para financiar la incorporaci\u00f3n de 6 mil polic\u00edas. Estamos dispuestos a rever eso, pero que est\u00e9 acompa\u00f1ado por los municipios, que est\u00e1n aumentando las tasas en un 40\u2026","rel":"","context":"En \u00abEconom\u00eda\u00bb","block_context":{"text":"Econom\u00eda","link":"https:\/\/www.24baires.com\/?cat=45"},"img":{"alt_text":"scioli","src":"https:\/\/i0.wp.com\/www.24baires.com\/wp-content\/uploads\/2013\/08\/scioli.jpg?resize=350%2C200","width":350,"height":200,"srcset":"https:\/\/i0.wp.com\/www.24baires.com\/wp-content\/uploads\/2013\/08\/scioli.jpg?resize=350%2C200 1x, https:\/\/i0.wp.com\/www.24baires.com\/wp-content\/uploads\/2013\/08\/scioli.jpg?resize=525%2C300 1.5x"},"classes":[]},{"id":93455,"url":"https:\/\/www.24baires.com\/?p=93455","url_meta":{"origin":100012,"position":5},"title":"Macri a Cristina por las escuchas: \u00abQue hable menos por tel\u00e9fono\u00bb","author":"AF","date":"30\/03\/2017","format":false,"excerpt":"El ins\u00f3lito comentario del Presidente a sus colaboradores contrasta con la gravedad institucional que reviste el tema. La difusi\u00f3n ilegal de escuchas telef\u00f3nicas de conversaciones privadas se est\u00e1 convirtiendo en un modo de hacer pol\u00edtica por parte de sectores partidarios y medi\u00e1ticos. Fragmentos que nada tienen que ver con el\u2026","rel":"","context":"En \u00abPol\u00edtica\u00bb","block_context":{"text":"Pol\u00edtica","link":"https:\/\/www.24baires.com\/?cat=51"},"img":{"alt_text":"","src":"https:\/\/i0.wp.com\/www.24baires.com\/wp-content\/uploads\/2013\/09\/Cristina.Macri_.jpg?resize=350%2C200","width":350,"height":200,"srcset":"https:\/\/i0.wp.com\/www.24baires.com\/wp-content\/uploads\/2013\/09\/Cristina.Macri_.jpg?resize=350%2C200 1x, https:\/\/i0.wp.com\/www.24baires.com\/wp-content\/uploads\/2013\/09\/Cristina.Macri_.jpg?resize=525%2C300 1.5x"},"classes":[]}],"jetpack_sharing_enabled":true,"jetpack_likes_enabled":true,"_links":{"self":[{"href":"https:\/\/www.24baires.com\/index.php?rest_route=\/wp\/v2\/posts\/100012","targetHints":{"allow":["GET"]}}],"collection":[{"href":"https:\/\/www.24baires.com\/index.php?rest_route=\/wp\/v2\/posts"}],"about":[{"href":"https:\/\/www.24baires.com\/index.php?rest_route=\/wp\/v2\/types\/post"}],"author":[{"embeddable":true,"href":"https:\/\/www.24baires.com\/index.php?rest_route=\/wp\/v2\/users\/4"}],"replies":[{"embeddable":true,"href":"https:\/\/www.24baires.com\/index.php?rest_route=%2Fwp%2Fv2%2Fcomments&post=100012"}],"version-history":[{"count":1,"href":"https:\/\/www.24baires.com\/index.php?rest_route=\/wp\/v2\/posts\/100012\/revisions"}],"predecessor-version":[{"id":100014,"href":"https:\/\/www.24baires.com\/index.php?rest_route=\/wp\/v2\/posts\/100012\/revisions\/100014"}],"wp:attachment":[{"href":"https:\/\/www.24baires.com\/index.php?rest_route=%2Fwp%2Fv2%2Fmedia&parent=100012"}],"wp:term":[{"taxonomy":"category","embeddable":true,"href":"https:\/\/www.24baires.com\/index.php?rest_route=%2Fwp%2Fv2%2Fcategories&post=100012"},{"taxonomy":"post_tag","embeddable":true,"href":"https:\/\/www.24baires.com\/index.php?rest_route=%2Fwp%2Fv2%2Ftags&post=100012"}],"curies":[{"name":"wp","href":"https:\/\/api.w.org\/{rel}","templated":true}]}}