{"id":79523,"date":"2016-02-29T19:00:08","date_gmt":"2016-02-29T22:00:08","guid":{"rendered":"http:\/\/www.24baires.com\/?p=79523"},"modified":"2016-02-29T19:03:51","modified_gmt":"2016-02-29T22:03:51","slug":"la-imagen-cayo-20-desde-su-triunfo-en-segunda-vuelta","status":"publish","type":"post","link":"http:\/\/www.24baires.com\/?p=79523","title":{"rendered":"La imagen de Macri cay\u00f3 20 % desde su triunfo en segunda vuelta"},"content":{"rendered":"<p><img data-recalc-dims=\"1\" loading=\"lazy\" decoding=\"async\" src=\"https:\/\/i0.wp.com\/www.24baires.com\/wp-content\/uploads\/2016\/01\/macriii.jpg?resize=560%2C372\" alt=\"macriii\" width=\"560\" height=\"372\" class=\"aligncenter size-full wp-image-77480\" srcset=\"https:\/\/i0.wp.com\/www.24baires.com\/wp-content\/uploads\/2016\/01\/macriii.jpg?w=560 560w, https:\/\/i0.wp.com\/www.24baires.com\/wp-content\/uploads\/2016\/01\/macriii.jpg?resize=300%2C199 300w\" sizes=\"auto, (max-width: 560px) 100vw, 560px\" \/>Un estudio, que comprende tres sondeos de noviembre, enero y febrero, revela un derrumbe despu\u00e9s del anuncio de las medidas econ\u00f3micas y la ola de despidos.<!--more--><\/p>\n<p>Despidos, inflaci\u00f3n, d\u00f3lar, quita de retenciones. Las primeras medidas tomadas por el gobierno de Cambiemos provocaron que la imagen del presidente Mauricio Macri cayera entre un 17 y un 20% desde que se sent\u00f3 en el sill\u00f3n de la Casa Rosada.<\/p>\n<p>Seg\u00fan un relevamiento de la consultora Ra\u00fal Arag\u00f3n &#038; Asociados, el estudio comprende tres sondeos: el primero despu\u00e9s de su triunfo en la segunda vuelta ante Daniel Scioli el 22 de noviembre, el segundo entre el 5 y el 9 de enero y el tercero y \u00faltimo, el m\u00e1s reciente, entre el 15 y el 19 de febrero, en el marco de la primera ola de despidos.<\/p>\n<p>En las dos primeras mediciones, Macri conserv\u00f3 un nivel alto de imagen positiva pero en la tercera etapa de evaluaci\u00f3n, la aprobaci\u00f3n cay\u00f3 considerablemente. Las variables analizadas fueron la propia imagen del mandatario, la calificaci\u00f3n de gesti\u00f3n y la comparativa con la administraci\u00f3n de Cristina Kirchner.<\/p>\n<p>Seg\u00fan Arag\u00f3n, en la medici\u00f3n de febrero, en las tres variables las ca\u00eddas fueron de entre el 17 y el 20%. Para el consultor se registr\u00f3, adem\u00e1s, \u00abun incremento correlativo de las calificaciones negativas de entre 13 y 20%\u00bb.<\/p>\n<p>En la primera medici\u00f3n aquellos que consideraban que el estilo de Macri ser\u00eda autoritario el 61,3% tambi\u00e9n lo calificaba negativamente en t\u00e9rminos de imagen general. En la \u00faltima medici\u00f3n este porcentaje aumenta a 77,9%: \u00abAs\u00ed, tres de cada cuatro consultados que consideraron en febrero que su estilo es autoritario tambi\u00e9n lo califican negativamente, mientras que en noviembre esta correlaci\u00f3n s\u00f3lo se verificaba en uno de cada tres\u00bb. <\/p>\n","protected":false},"excerpt":{"rendered":"<p>Un estudio, que comprende tres sondeos de noviembre, enero y febrero, revela un derrumbe despu\u00e9s del anuncio de las medidas econ\u00f3micas y la ola de despidos.<\/p>\n","protected":false},"author":8,"featured_media":0,"comment_status":"open","ping_status":"open","sticky":false,"template":"","format":"standard","meta":{"_jetpack_newsletter_access":"","_jetpack_dont_email_post_to_subs":false,"_jetpack_newsletter_tier_id":0,"_jetpack_memberships_contains_paywalled_content":false,"_jetpack_memberships_contains_paid_content":false,"footnotes":""},"categories":[51],"tags":[],"class_list":["post-79523","post","type-post","status-publish","format-standard","hentry","category-politica"],"jetpack_shortlink":"https:\/\/wp.me\/p2JWE0-kGD","jetpack-related-posts":[{"id":82577,"url":"http:\/\/www.24baires.com\/?p=82577","url_meta":{"origin":79523,"position":0},"title":"Se efectivizaron casi 1200 despidos por d\u00eda en 2016","author":"GB","date":"11\/05\/2016","format":false,"excerpt":"Los ajustes se incrementaron desde que asumi\u00f3 Mauricio Macri, seg\u00fan un estudio privado. El gobierno niega que exista una \"ola de despidos\". Pese a que el gobierno niega la existencia de una \"ola de despidos\", un nuevo relevamiento indica que durante 2016 el ajuste en el empleo super\u00f3 en 48\u2026","rel":"","context":"En \u00abPol\u00edtica\u00bb","block_context":{"text":"Pol\u00edtica","link":"http:\/\/www.24baires.com\/?cat=51"},"img":{"alt_text":"macri","src":"https:\/\/i0.wp.com\/www.24baires.com\/wp-content\/uploads\/2013\/10\/macri.jpg?resize=350%2C200","width":350,"height":200,"srcset":"https:\/\/i0.wp.com\/www.24baires.com\/wp-content\/uploads\/2013\/10\/macri.jpg?resize=350%2C200 1x, https:\/\/i0.wp.com\/www.24baires.com\/wp-content\/uploads\/2013\/10\/macri.jpg?resize=525%2C300 1.5x"},"classes":[]},{"id":99895,"url":"http:\/\/www.24baires.com\/?p=99895","url_meta":{"origin":79523,"position":1},"title":"Por la ola de despidos, estatales lanzan un plan de lucha con cortes, marchas y paro nacional","author":"GB","date":"11\/01\/2018","format":false,"excerpt":"El Consejo Directivo de ATE resolvi\u00f3 profundizar acciones \"de concientizaci\u00f3n\" por la ola de despidos en Naci\u00f3n, provincia y municipios gobernados por Cambiemos. En el marco de la ola de despidos que Cambiemos viene ejecutando a nivel nacional, provincial y municipal, el Consejo Directivo Nacional de la Asociaci\u00f3n Trabajadores del\u2026","rel":"","context":"En \u00abPol\u00edtica\u00bb","block_context":{"text":"Pol\u00edtica","link":"http:\/\/www.24baires.com\/?cat=51"},"img":{"alt_text":"","src":"https:\/\/i0.wp.com\/www.24baires.com\/wp-content\/uploads\/2018\/01\/ate.jpg?resize=350%2C200","width":350,"height":200,"srcset":"https:\/\/i0.wp.com\/www.24baires.com\/wp-content\/uploads\/2018\/01\/ate.jpg?resize=350%2C200 1x, https:\/\/i0.wp.com\/www.24baires.com\/wp-content\/uploads\/2018\/01\/ate.jpg?resize=525%2C300 1.5x"},"classes":[]},{"id":104438,"url":"http:\/\/www.24baires.com\/?p=104438","url_meta":{"origin":79523,"position":2},"title":"El Gobierno ech\u00f3 a 80 trabajadores del Hospital Posadas","author":"GB","date":"13\/09\/2018","format":false,"excerpt":"MOR\u00d3N-La gesti\u00f3n de Macri avanz\u00f3 con una nueva ola de despidos. Los gremios calculan que en lo que va del a\u00f1o hubo 300 cesant\u00edas en la instituci\u00f3n. Sucede tras la eliminaci\u00f3n del Ministerio de Salud. Tras haber eliminado el Ministerio de Salud, convertido en secretar\u00eda, el Gobierno nacional ech\u00f3 a\u2026","rel":"","context":"En \u00abProvincia\u00bb","block_context":{"text":"Provincia","link":"http:\/\/www.24baires.com\/?cat=40"},"img":{"alt_text":"","src":"https:\/\/i0.wp.com\/www.24baires.com\/wp-content\/uploads\/2018\/01\/marcha-posadas-1.jpg?resize=350%2C200","width":350,"height":200,"srcset":"https:\/\/i0.wp.com\/www.24baires.com\/wp-content\/uploads\/2018\/01\/marcha-posadas-1.jpg?resize=350%2C200 1x, https:\/\/i0.wp.com\/www.24baires.com\/wp-content\/uploads\/2018\/01\/marcha-posadas-1.jpg?resize=525%2C300 1.5x"},"classes":[]},{"id":99640,"url":"http:\/\/www.24baires.com\/?p=99640","url_meta":{"origin":79523,"position":3},"title":"Despidos: ATE realiza una jornada de protesta y lanza un paro nacional","author":"GB","date":"27\/12\/2017","format":false,"excerpt":"El sindicato que nuclea a trabajadores estatales este mi\u00e9rcoles marchar\u00e1 al Ministerio de Defensa y a la ANSES. Tambi\u00e9n el reclamo se extender\u00e1 al jueves en todo el pa\u00eds. La huelga ser\u00e1 el 4 de enero. El sindicato de trabajadores estatales ATE dio a conocer un plan de lucha luego\u2026","rel":"","context":"En \u00abPol\u00edtica\u00bb","block_context":{"text":"Pol\u00edtica","link":"http:\/\/www.24baires.com\/?cat=51"},"img":{"alt_text":"","src":"https:\/\/i0.wp.com\/www.24baires.com\/wp-content\/uploads\/2016\/03\/marcha-ate.jpg?resize=350%2C200","width":350,"height":200,"srcset":"https:\/\/i0.wp.com\/www.24baires.com\/wp-content\/uploads\/2016\/03\/marcha-ate.jpg?resize=350%2C200 1x, https:\/\/i0.wp.com\/www.24baires.com\/wp-content\/uploads\/2016\/03\/marcha-ate.jpg?resize=525%2C300 1.5x"},"classes":[]},{"id":81869,"url":"http:\/\/www.24baires.com\/?p=81869","url_meta":{"origin":79523,"position":4},"title":"Scioli dice que \u00abhay que frenar la ola de despidos\u00bb","author":"AF","date":"25\/04\/2016","format":false,"excerpt":"El ex gobernador y candidato presidencial, Daniel Scioli, remarc\u00f3 que los despidos \"se est\u00e1n dando en distintos \u00e1mbitos de la econom\u00eda\", al reiterar su apoyo a la Ley de Emergencia Ocupacional que impulsa la oposici\u00f3n en el Congreso. \"En vez de estar discutiendo una agenda de calidad de empleo, calidad\u2026","rel":"","context":"En \u00abPol\u00edtica\u00bb","block_context":{"text":"Pol\u00edtica","link":"http:\/\/www.24baires.com\/?cat=51"},"img":{"alt_text":"scioli topogigo","src":"https:\/\/i0.wp.com\/www.24baires.com\/wp-content\/uploads\/2015\/08\/scioli-topogigo.jpg?resize=350%2C200","width":350,"height":200,"srcset":"https:\/\/i0.wp.com\/www.24baires.com\/wp-content\/uploads\/2015\/08\/scioli-topogigo.jpg?resize=350%2C200 1x, https:\/\/i0.wp.com\/www.24baires.com\/wp-content\/uploads\/2015\/08\/scioli-topogigo.jpg?resize=525%2C300 1.5x"},"classes":[]},{"id":58265,"url":"http:\/\/www.24baires.com\/?p=58265","url_meta":{"origin":79523,"position":5},"title":"Una encuesta pone al Frente para la Victoria como ganador en 2015","author":"GB","date":"07\/12\/2014","format":false,"excerpt":"El estudio hecho por la consultora Rouvier y Asociados, coloca al Frente para la Victoria primero con una intenci\u00f3n de voto del 32,6%. Cristina, con m\u00e1s del 50% de imagen positiva. Una encuesta realizada por la consultora Rouvier y Asociados, coloca al Frente para la Victoria como la fuerza pol\u00edtica\u2026","rel":"","context":"En \u00abElecciones 2015\u00bb","block_context":{"text":"Elecciones 2015","link":"http:\/\/www.24baires.com\/?cat=74"},"img":{"alt_text":"cristina churruca","src":"https:\/\/i0.wp.com\/www.24baires.com\/wp-content\/uploads\/2013\/06\/cristina-churruca.jpg?resize=350%2C200","width":350,"height":200,"srcset":"https:\/\/i0.wp.com\/www.24baires.com\/wp-content\/uploads\/2013\/06\/cristina-churruca.jpg?resize=350%2C200 1x, https:\/\/i0.wp.com\/www.24baires.com\/wp-content\/uploads\/2013\/06\/cristina-churruca.jpg?resize=525%2C300 1.5x"},"classes":[]}],"jetpack_sharing_enabled":true,"jetpack_likes_enabled":true,"jetpack_featured_media_url":"","_links":{"self":[{"href":"http:\/\/www.24baires.com\/index.php?rest_route=\/wp\/v2\/posts\/79523","targetHints":{"allow":["GET"]}}],"collection":[{"href":"http:\/\/www.24baires.com\/index.php?rest_route=\/wp\/v2\/posts"}],"about":[{"href":"http:\/\/www.24baires.com\/index.php?rest_route=\/wp\/v2\/types\/post"}],"author":[{"embeddable":true,"href":"http:\/\/www.24baires.com\/index.php?rest_route=\/wp\/v2\/users\/8"}],"replies":[{"embeddable":true,"href":"http:\/\/www.24baires.com\/index.php?rest_route=%2Fwp%2Fv2%2Fcomments&post=79523"}],"version-history":[{"count":2,"href":"http:\/\/www.24baires.com\/index.php?rest_route=\/wp\/v2\/posts\/79523\/revisions"}],"predecessor-version":[{"id":79526,"href":"http:\/\/www.24baires.com\/index.php?rest_route=\/wp\/v2\/posts\/79523\/revisions\/79526"}],"wp:attachment":[{"href":"http:\/\/www.24baires.com\/index.php?rest_route=%2Fwp%2Fv2%2Fmedia&parent=79523"}],"wp:term":[{"taxonomy":"category","embeddable":true,"href":"http:\/\/www.24baires.com\/index.php?rest_route=%2Fwp%2Fv2%2Fcategories&post=79523"},{"taxonomy":"post_tag","embeddable":true,"href":"http:\/\/www.24baires.com\/index.php?rest_route=%2Fwp%2Fv2%2Ftags&post=79523"}],"curies":[{"name":"wp","href":"https:\/\/api.w.org\/{rel}","templated":true}]}}