{"id":79501,"date":"2016-02-29T15:00:02","date_gmt":"2016-02-29T18:00:02","guid":{"rendered":"http:\/\/www.24baires.com\/?p=79501"},"modified":"2016-02-29T12:42:56","modified_gmt":"2016-02-29T15:42:56","slug":"rossi-los-complices-de-la-derrota-del-peronismo-que-sigan-su-camino","status":"publish","type":"post","link":"http:\/\/www.24baires.com\/?p=79501","title":{"rendered":"Rossi: \u201cLos c\u00f3mplices de la derrota del peronismo, que sigan su camino\u201d"},"content":{"rendered":"<p><img data-recalc-dims=\"1\" loading=\"lazy\" decoding=\"async\" class=\"aligncenter size-full wp-image-61674\" src=\"https:\/\/i0.wp.com\/www.24baires.com\/wp-content\/uploads\/2015\/02\/rossi1.jpg?resize=560%2C373\" alt=\"rossi\" width=\"560\" height=\"373\" srcset=\"https:\/\/i0.wp.com\/www.24baires.com\/wp-content\/uploads\/2015\/02\/rossi1.jpg?w=560 560w, https:\/\/i0.wp.com\/www.24baires.com\/wp-content\/uploads\/2015\/02\/rossi1.jpg?resize=300%2C200 300w\" sizes=\"auto, (max-width: 560px) 100vw, 560px\" \/>El ex ministro de Defensa y actual diputado del Parlasur por el FpV, Agust\u00edn Rossi, se refiri\u00f3 de esa manera a la posibilidad de incluir a Sergio Massa y Juan Manuel De la Sota en la discusi\u00f3n de la renovaci\u00f3n del Partido Justicialista. Adem\u00e1s, se\u00f1al\u00f3 que \u00abtodo indica que Cristina no se va a involucrar\u00bb en el debate.<!--more--><\/p>\n<p>Luego del Congreso del Partido Justicialista realizado el mi\u00e9rcoles, el ex ministro de Defensa y actual diputado del Parlasur por el FpV, Agust\u00edn Rossi, dialog\u00f3 con Info Regi\u00f3n y advirti\u00f3 que \u201ctodos los dirigentes que fueron c\u00f3mplices de la derrota del peronismo en las elecciones no tienen lugar en la discusi\u00f3n sobre la renovaci\u00f3n del espacio\u00bb, en referencia a Sergio Massa y Juan Manuel De la Sota.<\/p>\n<p>\u201cEl consenso que se est\u00e1 buscando es sobre todos aquellos dirigentes que votaron a Daniel Scioli en las elecciones. Los que votaron a otro candidato y fueron c\u00f3mplices de la derrota del peronismo, que sigan el camino que trazaron\u201d, enfatiz\u00f3 el dirigente a este medio.<\/p>\n<p>Explic\u00f3 que, si bien le gustar\u00eda que la conductora del partido sea la ex presidenta Cristina Fern\u00e1ndez de Kirchner, asegur\u00f3 que ya \u201ctodo indica que ella no se va a involucrar en la discusi\u00f3n sobre el futuro del espacio\u201d. \u00abSer\u00eda la conductora ideal\u00bb, expres\u00f3.<\/p>\n<p><strong>Lista de unidad<\/strong><\/p>\n<p>El legislador del Parlasur resalt\u00f3, por otra parte, la importancia de generar consensos y poder lograr una \u201clista \u00fanica\u201d. \u201cMe parece que lo que hay que tratar de encontrar es una lista de unidad que nos contenga a todos, independientemente de qui\u00e9n sea el que presida\u201d, subray\u00f3.<\/p>\n<p>\u201cLo que vi el mi\u00e9rcoles es que no hab\u00eda un esp\u00edritu unitario entre todos los presentes porque la Junta Electoral que se conform\u00f3 representa s\u00f3lo a un sector de ese Congreso y no a la totalidad, y adem\u00e1s muchos dirigentes no fueron invitados\u201d, advirti\u00f3.<\/p>\n<p>Por \u00faltimo, Rossi indic\u00f3 que \u201csi quieren armar una lista del Consejo Nacional del PJ como armaron la Junta Electoral, seguramente va a haber internas\u00bb. No obstante, apunt\u00f3 que \u00abcon un criterio m\u00e1s amplio y de consenso, el panorama cambiar\u00eda\u201d.<\/p>\n<p>&nbsp;<\/p>\n<p>&nbsp;<\/p>\n<p>&nbsp;<\/p>\n<p>&nbsp;<\/p>\n<p>&nbsp;<\/p>\n<p>&nbsp;<\/p>\n<p>&nbsp;<\/p>\n<p>&nbsp;<\/p>\n<p>&nbsp;<\/p>\n<p>&nbsp;<\/p>\n","protected":false},"excerpt":{"rendered":"<p>El ex ministro de Defensa y actual diputado del Parlasur por el FpV, Agust\u00edn Rossi, se refiri\u00f3 de esa manera a la posibilidad de incluir a Sergio Massa y Juan Manuel De la Sota en la discusi\u00f3n de la renovaci\u00f3n del Partido Justicialista. Adem\u00e1s, se\u00f1al\u00f3 que \u00abtodo indica que Cristina no se va a involucrar\u00bb en el debate.<\/p>\n","protected":false},"author":4,"featured_media":0,"comment_status":"open","ping_status":"open","sticky":false,"template":"","format":"standard","meta":{"_jetpack_newsletter_access":"","_jetpack_dont_email_post_to_subs":false,"_jetpack_newsletter_tier_id":0,"_jetpack_memberships_contains_paywalled_content":false,"_jetpack_memberships_contains_paid_content":false,"footnotes":""},"categories":[51],"tags":[],"class_list":["post-79501","post","type-post","status-publish","format-standard","hentry","category-politica"],"jetpack_shortlink":"https:\/\/wp.me\/p2JWE0-kGh","jetpack-related-posts":[{"id":78543,"url":"http:\/\/www.24baires.com\/?p=78543","url_meta":{"origin":79501,"position":0},"title":"Rossi: \u201cMagnetto y Macri deben estar celebrando\u201d","author":"GB","date":"03\/02\/2016","format":false,"excerpt":"El ex ministro de Defensa y legislador del Parlasur reconoci\u00f3 que la fractura del bloque kirchnerista en Diputados \u201cdebilita al espacio\u201d. Consider\u00f3 adem\u00e1s que el 49% que vot\u00f3 al FpV se debe sentir \u201cdefraudado\u201d. El legislador del Parlasur por el Frente Para la Victoria y ex ministro de Defensa, Agust\u00edn\u2026","rel":"","context":"En \u00abPol\u00edtica\u00bb","block_context":{"text":"Pol\u00edtica","link":"http:\/\/www.24baires.com\/?cat=51"},"img":{"alt_text":"rossi","src":"https:\/\/i0.wp.com\/www.24baires.com\/wp-content\/uploads\/2015\/02\/rossi1.jpg?resize=350%2C200","width":350,"height":200,"srcset":"https:\/\/i0.wp.com\/www.24baires.com\/wp-content\/uploads\/2015\/02\/rossi1.jpg?resize=350%2C200 1x, https:\/\/i0.wp.com\/www.24baires.com\/wp-content\/uploads\/2015\/02\/rossi1.jpg?resize=525%2C300 1.5x"},"classes":[]},{"id":77782,"url":"http:\/\/www.24baires.com\/?p=77782","url_meta":{"origin":79501,"position":1},"title":"Intendentes y diputados del FpV reclamaron la liberaci\u00f3n de Milagro Sala","author":"GB","date":"18\/01\/2016","format":false,"excerpt":"El bloque, acompa\u00f1ado por dirigentes de distintas organizaciones, consider\u00f3 a Sala \"presa pol\u00edtica\" y denunci\u00f3 \"la criminalizaci\u00f3n de la protesta social\". Intendentes kirchneristas se expresaron en similares t\u00e9rminos. Legisladores nacionales y del Parlasur del FpV, dirigentes del Movimiento Evita, de Nuevo Encuentro, del MST y del Partido Socialista de los\u2026","rel":"","context":"En \u00abPol\u00edtica\u00bb","block_context":{"text":"Pol\u00edtica","link":"http:\/\/www.24baires.com\/?cat=51"},"img":{"alt_text":"","src":"","width":0,"height":0},"classes":[]},{"id":79302,"url":"http:\/\/www.24baires.com\/?p=79302","url_meta":{"origin":79501,"position":2},"title":"Se re\u00fane el PJ en N\u00fa\u00f1ez","author":"GB","date":"24\/02\/2016","format":false,"excerpt":"\"Hay que mantener la unidad de acci\u00f3n\", plante\u00f3 Rossi al ingresar al c\u00f3nclave. Pidi\u00f3 \"no defraudar a los que nos votaron\" y \"no tirar abajo toda la lucha contra las fondos buitre\". El Partido Justicialista (PJ) nacional realiza hoy un congreso federal con el objetivo de iniciar el proceso de\u2026","rel":"","context":"En \u00abPol\u00edtica\u00bb","block_context":{"text":"Pol\u00edtica","link":"http:\/\/www.24baires.com\/?cat=51"},"img":{"alt_text":"rossi pj san isidro","src":"https:\/\/i0.wp.com\/www.24baires.com\/wp-content\/uploads\/2015\/09\/rossi-pj-san-isidro.jpg?resize=350%2C200","width":350,"height":200,"srcset":"https:\/\/i0.wp.com\/www.24baires.com\/wp-content\/uploads\/2015\/09\/rossi-pj-san-isidro.jpg?resize=350%2C200 1x, https:\/\/i0.wp.com\/www.24baires.com\/wp-content\/uploads\/2015\/09\/rossi-pj-san-isidro.jpg?resize=525%2C300 1.5x"},"classes":[]},{"id":103525,"url":"http:\/\/www.24baires.com\/?p=103525","url_meta":{"origin":79501,"position":3},"title":"Presentan proyecto para derogar el decreto de Macri de intervenci\u00f3n de las Fuerzas Armadas","author":"AF","date":"25\/07\/2018","format":false,"excerpt":"Los fundamentos de la iniciativa que encabeza el presidente del bloque FPV-PJ, Agust\u00edn Rossi, sostienen que el presidente \u201ca trav\u00e9s de un simple decreto reglamentario intenta cambiar las bases sobre las que est\u00e1 estructurado nuestro sistema de Defensa Nacional, construido desde la recuperaci\u00f3n democr\u00e1tica\u201d. Diputados y diputadas del bloque FPV-PJ\u2026","rel":"","context":"En \u00abLocales\u00bb","block_context":{"text":"Locales","link":"http:\/\/www.24baires.com\/?cat=38"},"img":{"alt_text":"","src":"https:\/\/i0.wp.com\/www.24baires.com\/wp-content\/uploads\/2018\/07\/macri-fuerzas.jpg?resize=350%2C200","width":350,"height":200,"srcset":"https:\/\/i0.wp.com\/www.24baires.com\/wp-content\/uploads\/2018\/07\/macri-fuerzas.jpg?resize=350%2C200 1x, https:\/\/i0.wp.com\/www.24baires.com\/wp-content\/uploads\/2018\/07\/macri-fuerzas.jpg?resize=525%2C300 1.5x"},"classes":[]},{"id":57180,"url":"http:\/\/www.24baires.com\/?p=57180","url_meta":{"origin":79501,"position":4},"title":"Scioli, Urribarri y Rossi homenajearon juntos a N\u00e9stor Kirchner en La Matanza","author":"AF","date":"15\/11\/2014","format":false,"excerpt":"Los precandidatos a presidente del Frente para la Victoria Daniel Scioli, Sergio Urribarri y Agust\u00edn Rossi homenajearon al ex presidente N\u00e9stor Kirchner en el acto por el D\u00eda del Militante Peronista que compartieron en La Matanza. Convocados por el titular del PJ Bonaerense, Fernando Espinoza, Scioli, Urribarri y Rossi recordaron\u2026","rel":"","context":"En \u00abPol\u00edtica\u00bb","block_context":{"text":"Pol\u00edtica","link":"http:\/\/www.24baires.com\/?cat=51"},"img":{"alt_text":"peronismo","src":"https:\/\/i0.wp.com\/www.24baires.com\/wp-content\/uploads\/2014\/11\/peronismo-300x199.jpg?resize=350%2C200","width":350,"height":200},"classes":[]},{"id":90505,"url":"http:\/\/www.24baires.com\/?p=90505","url_meta":{"origin":79501,"position":5},"title":"Agust\u00edn Rossi anunci\u00f3 que ser\u00e1 candidato en las elecciones de 2017","author":"GB","date":"04\/12\/2016","format":false,"excerpt":"Un importante dirigente del kirchnerismo anunci\u00f3 que participar\u00e1 de los comicios el pr\u00f3ximo a\u00f1o. El jefe del bloque del Frente Para la Victoria en el Parlasur, Agust\u00edn Rossi anunci\u00f3 que tom\u00f3 la decisi\u00f3n de \"participar en las primarias que organice el Partido Justicialista\" para volver a representar a la provincia\u2026","rel":"","context":"En \u00abPol\u00edtica\u00bb","block_context":{"text":"Pol\u00edtica","link":"http:\/\/www.24baires.com\/?cat=51"},"img":{"alt_text":"rossi","src":"https:\/\/i0.wp.com\/www.24baires.com\/wp-content\/uploads\/2015\/02\/rossi1.jpg?resize=350%2C200","width":350,"height":200,"srcset":"https:\/\/i0.wp.com\/www.24baires.com\/wp-content\/uploads\/2015\/02\/rossi1.jpg?resize=350%2C200 1x, https:\/\/i0.wp.com\/www.24baires.com\/wp-content\/uploads\/2015\/02\/rossi1.jpg?resize=525%2C300 1.5x"},"classes":[]}],"jetpack_sharing_enabled":true,"jetpack_likes_enabled":true,"jetpack_featured_media_url":"","_links":{"self":[{"href":"http:\/\/www.24baires.com\/index.php?rest_route=\/wp\/v2\/posts\/79501","targetHints":{"allow":["GET"]}}],"collection":[{"href":"http:\/\/www.24baires.com\/index.php?rest_route=\/wp\/v2\/posts"}],"about":[{"href":"http:\/\/www.24baires.com\/index.php?rest_route=\/wp\/v2\/types\/post"}],"author":[{"embeddable":true,"href":"http:\/\/www.24baires.com\/index.php?rest_route=\/wp\/v2\/users\/4"}],"replies":[{"embeddable":true,"href":"http:\/\/www.24baires.com\/index.php?rest_route=%2Fwp%2Fv2%2Fcomments&post=79501"}],"version-history":[{"count":1,"href":"http:\/\/www.24baires.com\/index.php?rest_route=\/wp\/v2\/posts\/79501\/revisions"}],"predecessor-version":[{"id":79502,"href":"http:\/\/www.24baires.com\/index.php?rest_route=\/wp\/v2\/posts\/79501\/revisions\/79502"}],"wp:attachment":[{"href":"http:\/\/www.24baires.com\/index.php?rest_route=%2Fwp%2Fv2%2Fmedia&parent=79501"}],"wp:term":[{"taxonomy":"category","embeddable":true,"href":"http:\/\/www.24baires.com\/index.php?rest_route=%2Fwp%2Fv2%2Fcategories&post=79501"},{"taxonomy":"post_tag","embeddable":true,"href":"http:\/\/www.24baires.com\/index.php?rest_route=%2Fwp%2Fv2%2Ftags&post=79501"}],"curies":[{"name":"wp","href":"https:\/\/api.w.org\/{rel}","templated":true}]}}