{"id":79476,"date":"2016-02-28T15:00:42","date_gmt":"2016-02-28T18:00:42","guid":{"rendered":"http:\/\/www.24baires.com\/?p=79476"},"modified":"2016-02-28T12:05:27","modified_gmt":"2016-02-28T15:05:27","slug":"macri-sostuvo-que-los-despidos-en-el-estado-son-para-generar-trabajo","status":"publish","type":"post","link":"http:\/\/www.24baires.com\/?p=79476","title":{"rendered":"Macri sostuvo que los despidos en el Estado son para \u00abgenerar trabajo\u00bb"},"content":{"rendered":"<p><img data-recalc-dims=\"1\" loading=\"lazy\" decoding=\"async\" src=\"https:\/\/i0.wp.com\/www.24baires.com\/wp-content\/uploads\/2016\/02\/macriiiii.jpg?resize=560%2C314\" alt=\"macriiiii\" width=\"560\" height=\"314\" class=\"aligncenter size-full wp-image-79351\" srcset=\"https:\/\/i0.wp.com\/www.24baires.com\/wp-content\/uploads\/2016\/02\/macriiiii.jpg?w=560 560w, https:\/\/i0.wp.com\/www.24baires.com\/wp-content\/uploads\/2016\/02\/macriiiii.jpg?resize=300%2C168 300w\" sizes=\"auto, (max-width: 560px) 100vw, 560px\" \/>Despu\u00e9s de encontrarse con el Papa, el Presidente brind\u00f3 una conferencia de prensa en el Vaticano en donde una periodista le cuestion\u00f3 su discurso de \u00abmayor inclusi\u00f3n\u00bb pero al mismo tiempo siguen despidiendo trabajadores estatales. <!--more--><\/p>\n<p>Luego de reunirse con el Papa, el presidente Mauricio Macri brind\u00f3 una conferencia de prensa en el Vaticano en donde se refiri\u00f3 a la situaci\u00f3n de miles de trabajadores estatales que han sido despedidos desde que Cambiemos asumi\u00f3 el Gobierno.<\/p>\n<p>\u00abUsted habla de una mayor inclusi\u00f3n y de una mayor justicia. Ahora, le pregunto, \u00bfc\u00f3mo se puede interpretar, hablando usted con el Papa y en este contexto, el hecho de los despidos que suceden en la Argentina?\u00bb, cuestion\u00f3 una periodista.<\/p>\n<p>A lo que Macri le respondi\u00f3: \u00abLo que hace al tema que usted plantea de los despidos, estamos hablando ac\u00e1, de una Argentina que necesita generar trabajo\u00bb.<\/p>\n<p>\u201cArgentina necesita generar trabajo, necesita crecer y para ello requiere un Estado que funcione al servicio de la gente. No hay futuro para la Argentina si el Estado sigue siendo un bot\u00edn de guerra de los partidos pol\u00edticos, un aguantadero de la pol\u00edtica en donde se genera empleo p\u00fablico para ocultar la incapacidad de crecer y desarrollarnos\u201d, asegur\u00f3 Macri.<\/p>\n<p>Asimismo, en la conferencia de prensa el mandatario apunt\u00f3 que desde el Gobierno est\u00e1n poniendo en funcionamiento \u00abesta nueva etapa en marcha lo cual requiere recuperar la carrera p\u00fablica, los concursos, la transparencia del Estado que se ha perdido\u00bb.<\/p>\n<p>\u00abEstamos buscando que el Estado sea el instrumento que viabilice que toda la sociedad pueda crecer, no solamente los amigos del Presidente de turno que consigen un falso trabajo, porque finalmente no hay una tarea que respalde una contrataci\u00f3n\u00bb, sentenci\u00f3 Macri.<\/p>\n","protected":false},"excerpt":{"rendered":"<p>Despu\u00e9s de encontrarse con el Papa, el Presidente brind\u00f3 una conferencia de prensa en el Vaticano en donde una periodista le cuestion\u00f3 su discurso de \u00abmayor inclusi\u00f3n\u00bb pero al mismo tiempo siguen despidiendo trabajadores estatales.<\/p>\n","protected":false},"author":8,"featured_media":0,"comment_status":"open","ping_status":"open","sticky":false,"template":"","format":"standard","meta":{"_jetpack_newsletter_access":"","_jetpack_dont_email_post_to_subs":false,"_jetpack_newsletter_tier_id":0,"_jetpack_memberships_contains_paywalled_content":false,"_jetpack_memberships_contains_paid_content":false,"footnotes":""},"categories":[51],"tags":[],"class_list":["post-79476","post","type-post","status-publish","format-standard","hentry","category-politica"],"jetpack_shortlink":"https:\/\/wp.me\/p2JWE0-kFS","jetpack-related-posts":[{"id":88738,"url":"http:\/\/www.24baires.com\/?p=88738","url_meta":{"origin":79476,"position":0},"title":"Macri se reuni\u00f3 con el Papa","author":"GB","date":"15\/10\/2016","format":false,"excerpt":"La audiencia privada dur\u00f3 una hora y el Presidente estuvo acompa\u00f1ado de su familia. El mandatario dijo que mantuvieron \"una larga charla sobre lo que pasa en la Argentina y en el mundo\" y revel\u00f3 el consejo que le dio el m\u00e1ximo pont\u00edfice. El presidente Mauricio Macri se reuni\u00f3 hoy\u2026","rel":"","context":"En \u00abLocales\u00bb","block_context":{"text":"Locales","link":"http:\/\/www.24baires.com\/?cat=38"},"img":{"alt_text":"","src":"https:\/\/i0.wp.com\/www.24baires.com\/wp-content\/uploads\/2016\/10\/macri-papa.jpg?resize=350%2C200","width":350,"height":200},"classes":[]},{"id":40207,"url":"http:\/\/www.24baires.com\/?p=40207","url_meta":{"origin":79476,"position":1},"title":"Desmentida: pol\u00edticos, sindicalistas y empresarios negaron una convocatoria del Papa","author":"GB","date":"10\/02\/2014","format":false,"excerpt":"Periodistas, empresarios, sindicalistas y funcionarios desmintieron al diario La Naci\u00f3n y negaron la existencia de una convocatoria por parte del papa Francisco para una reuni\u00f3n multisectorial que garantice \"la paz social\" en el pa\u00eds. En el d\u00eda de ayer, el diario La Naci\u00f3n public\u00f3 un art\u00edculo en el que afirmaba\u2026","rel":"","context":"En \u00abPol\u00edtica\u00bb","block_context":{"text":"Pol\u00edtica","link":"http:\/\/www.24baires.com\/?cat=51"},"img":{"alt_text":"papa brasil","src":"https:\/\/i0.wp.com\/www.24baires.com\/wp-content\/uploads\/2013\/07\/papa-brasil.jpg?resize=350%2C200","width":350,"height":200,"srcset":"https:\/\/i0.wp.com\/www.24baires.com\/wp-content\/uploads\/2013\/07\/papa-brasil.jpg?resize=350%2C200 1x, https:\/\/i0.wp.com\/www.24baires.com\/wp-content\/uploads\/2013\/07\/papa-brasil.jpg?resize=525%2C300 1.5x"},"classes":[]},{"id":106187,"url":"http:\/\/www.24baires.com\/?p=106187","url_meta":{"origin":79476,"position":2},"title":"Camioneros y la CTA preparan medidas de fuerza contra los tarifazos","author":"GB","date":"03\/01\/2019","format":false,"excerpt":"Los gremios de los Moyano, Pablo Micheli y Hugo Yasky brindar\u00e1n una conferencia de prensa para anunciar la primera movilizaci\u00f3n del 2019. La CTA de los Trabajadores de Hugo Yasky, la CTA Aut\u00f3noma de Pablo Micheli y el sindicato de Camioneros de Hugo y Pablo Moyano brindar\u00e1n este jueves una\u2026","rel":"","context":"En \u00abPol\u00edtica\u00bb","block_context":{"text":"Pol\u00edtica","link":"http:\/\/www.24baires.com\/?cat=51"},"img":{"alt_text":"","src":"https:\/\/i0.wp.com\/www.24baires.com\/wp-content\/uploads\/2016\/11\/acto-cta.jpg?resize=350%2C200","width":350,"height":200,"srcset":"https:\/\/i0.wp.com\/www.24baires.com\/wp-content\/uploads\/2016\/11\/acto-cta.jpg?resize=350%2C200 1x, https:\/\/i0.wp.com\/www.24baires.com\/wp-content\/uploads\/2016\/11\/acto-cta.jpg?resize=525%2C300 1.5x"},"classes":[]},{"id":77479,"url":"http:\/\/www.24baires.com\/?p=77479","url_meta":{"origin":79476,"position":3},"title":"\u00abHemos declarado nuestro compromiso con la libertad de expresi\u00f3n y prensa\u00bb","author":"AF","date":"12\/01\/2016","format":false,"excerpt":"\"Lamento\" que V\u00edctor Hugo Morales \"crea que nosotros tenemos algo que ver\" con su despido de radio Continental, sostuvo el presidente Mauricio Macri en una conferencia de prensa desde Casa de Gobierno. \"No vamos a opinar acerca de qu\u00e9 periodistas tienen que trabajar en cada medio y tampoco en los\u2026","rel":"","context":"En \u00abPol\u00edtica\u00bb","block_context":{"text":"Pol\u00edtica","link":"http:\/\/www.24baires.com\/?cat=51"},"img":{"alt_text":"","src":"https:\/\/i0.wp.com\/www.24baires.com\/wp-content\/uploads\/2016\/01\/macriii.jpg?resize=350%2C200","width":350,"height":200,"srcset":"https:\/\/i0.wp.com\/www.24baires.com\/wp-content\/uploads\/2016\/01\/macriii.jpg?resize=350%2C200 1x, https:\/\/i0.wp.com\/www.24baires.com\/wp-content\/uploads\/2016\/01\/macriii.jpg?resize=525%2C300 1.5x"},"classes":[]},{"id":78234,"url":"http:\/\/www.24baires.com\/?p=78234","url_meta":{"origin":79476,"position":4},"title":"El Papa Francisco recibir\u00e1 a Macri en el Vaticano el 27 de febrero","author":"AF","date":"28\/01\/2016","format":false,"excerpt":"Francisco recibir\u00e1 al Presidente en visita oficial al Vaticano, confirm\u00f3 el Gobierno. El presidente Mauricio Macri ser\u00e1 recibido el 27 febrero por el papa Francisco en el Vaticano, seg\u00fan confirmaron esta ma\u00f1ana fuentes oficiales en la Casa Rosada. La audiencia entre el jefe de Estado y el pont\u00edfice argentino se\u2026","rel":"","context":"En \u00abPol\u00edtica\u00bb","block_context":{"text":"Pol\u00edtica","link":"http:\/\/www.24baires.com\/?cat=51"},"img":{"alt_text":"","src":"https:\/\/i0.wp.com\/www.24baires.com\/wp-content\/uploads\/2016\/01\/papa-macri-awada.jpg?resize=350%2C200","width":350,"height":200,"srcset":"https:\/\/i0.wp.com\/www.24baires.com\/wp-content\/uploads\/2016\/01\/papa-macri-awada.jpg?resize=350%2C200 1x, https:\/\/i0.wp.com\/www.24baires.com\/wp-content\/uploads\/2016\/01\/papa-macri-awada.jpg?resize=525%2C300 1.5x"},"classes":[]},{"id":16893,"url":"http:\/\/www.24baires.com\/?p=16893","url_meta":{"origin":79476,"position":5},"title":"El Papa Benedicto XVI se despidi\u00f3 agradeciendo el respeto y la comprensi\u00f3n","author":"AF","date":"27\/02\/2013","format":false,"excerpt":"Benedicto XVI habl\u00f3 ante m\u00e1s de 200 mil personas en la Plaza San Pedro. Pidi\u00f3 rezar por los cardenales que elegir\u00e1n a su sucesor y advirti\u00f3 que no se dedicar\u00e1 a viajar y ni a dar conferencias. La Plaza San Pedro fue escenario esta ma\u00f1ana de una multitudinaria y emotiva\u2026","rel":"","context":"En \u00abSociedad\u00bb","block_context":{"text":"Sociedad","link":"http:\/\/www.24baires.com\/?cat=1"},"img":{"alt_text":"papa benedicto","src":"https:\/\/i0.wp.com\/www.24baires.com\/wp-content\/uploads\/2013\/02\/papa-benedicto.jpg?resize=350%2C200","width":350,"height":200,"srcset":"https:\/\/i0.wp.com\/www.24baires.com\/wp-content\/uploads\/2013\/02\/papa-benedicto.jpg?resize=350%2C200 1x, https:\/\/i0.wp.com\/www.24baires.com\/wp-content\/uploads\/2013\/02\/papa-benedicto.jpg?resize=525%2C300 1.5x"},"classes":[]}],"jetpack_sharing_enabled":true,"jetpack_likes_enabled":true,"jetpack_featured_media_url":"","_links":{"self":[{"href":"http:\/\/www.24baires.com\/index.php?rest_route=\/wp\/v2\/posts\/79476","targetHints":{"allow":["GET"]}}],"collection":[{"href":"http:\/\/www.24baires.com\/index.php?rest_route=\/wp\/v2\/posts"}],"about":[{"href":"http:\/\/www.24baires.com\/index.php?rest_route=\/wp\/v2\/types\/post"}],"author":[{"embeddable":true,"href":"http:\/\/www.24baires.com\/index.php?rest_route=\/wp\/v2\/users\/8"}],"replies":[{"embeddable":true,"href":"http:\/\/www.24baires.com\/index.php?rest_route=%2Fwp%2Fv2%2Fcomments&post=79476"}],"version-history":[{"count":1,"href":"http:\/\/www.24baires.com\/index.php?rest_route=\/wp\/v2\/posts\/79476\/revisions"}],"predecessor-version":[{"id":79477,"href":"http:\/\/www.24baires.com\/index.php?rest_route=\/wp\/v2\/posts\/79476\/revisions\/79477"}],"wp:attachment":[{"href":"http:\/\/www.24baires.com\/index.php?rest_route=%2Fwp%2Fv2%2Fmedia&parent=79476"}],"wp:term":[{"taxonomy":"category","embeddable":true,"href":"http:\/\/www.24baires.com\/index.php?rest_route=%2Fwp%2Fv2%2Fcategories&post=79476"},{"taxonomy":"post_tag","embeddable":true,"href":"http:\/\/www.24baires.com\/index.php?rest_route=%2Fwp%2Fv2%2Ftags&post=79476"}],"curies":[{"name":"wp","href":"https:\/\/api.w.org\/{rel}","templated":true}]}}