{"id":79454,"date":"2016-02-26T20:39:02","date_gmt":"2016-02-26T23:39:02","guid":{"rendered":"http:\/\/www.24baires.com\/?p=79454"},"modified":"2016-02-26T20:39:02","modified_gmt":"2016-02-26T23:39:02","slug":"vanoli-la-venta-de-dolar-futuro-fue-para-evitar-la-volatilidad-en-el-mercado","status":"publish","type":"post","link":"http:\/\/www.24baires.com\/?p=79454","title":{"rendered":"Vanoli: \u00abLa venta de d\u00f3lar futuro fue para evitar la volatilidad en el mercado\u00bb"},"content":{"rendered":"<p><img data-recalc-dims=\"1\" loading=\"lazy\" decoding=\"async\" src=\"https:\/\/i0.wp.com\/www.24baires.com\/wp-content\/uploads\/2014\/10\/vanoli-1.jpg?resize=560%2C316\" alt=\"vanoli 1\" width=\"560\" height=\"316\" class=\"aligncenter size-full wp-image-54914\" srcset=\"https:\/\/i0.wp.com\/www.24baires.com\/wp-content\/uploads\/2014\/10\/vanoli-1.jpg?w=560 560w, https:\/\/i0.wp.com\/www.24baires.com\/wp-content\/uploads\/2014\/10\/vanoli-1.jpg?resize=300%2C169 300w\" sizes=\"auto, (max-width: 560px) 100vw, 560px\" \/>El ex presidente del Banco Central destac\u00f3 a \u00e1mbito.com que \u00abel tema est\u00e1 explicado en mi renuncia\u00bb al ser consultado por el llamado a indagatoria del juez federal Claudio Bonad\u00edo.<br \/>\nEn esa carta, el extitular del Central -con fecha 5 de diciembre- destac\u00f3 que el organismo \u00abha utilizado los contratos a futuros de d\u00f3lar como una herramienta orientada a evitar la volatilidad en el mercado. Se trata de contratos que se compensan en pesos, por lo que no tienen repercusi\u00f3n en las reservas\u00bb. <!--more--><\/p>\n<p>Se\u00f1ala en esa misiva que \u00abtampoco tendr\u00e1n impacto en el patrimonio de la instituci\u00f3n a\u00fan en el caso de que se impulsara una devaluaci\u00f3n, puesto que la revaluaci\u00f3n de los activos en moneda extranjera ser\u00e1 mayor que el impacto en el pasivo del Banco, que es fundamentalmente en pesos. <\/p>\n<p>El magistrado lo cit\u00f3 este viernes a declaraci\u00f3n indagatoria junto a la expresidente Cristina de Kirchner y el ex ministro de Econom\u00eda, Axel Kicilloff, en el marco de una causa en la que se investigan operaciones de venta de d\u00f3lares a futuro.<\/p>\n","protected":false},"excerpt":{"rendered":"<p>El ex presidente del Banco Central destac\u00f3 a \u00e1mbito.com que \u00abel tema est\u00e1 explicado en mi renuncia\u00bb al ser consultado por el llamado a indagatoria del juez federal Claudio Bonad\u00edo. En esa carta, el extitular del Central -con fecha 5 de diciembre- destac\u00f3 que el organismo \u00abha utilizado los contratos a futuros de d\u00f3lar como una herramienta orientada a evitar [&#8230;]<\/p>\n","protected":false},"author":8,"featured_media":0,"comment_status":"open","ping_status":"open","sticky":false,"template":"","format":"standard","meta":{"_jetpack_newsletter_access":"","_jetpack_dont_email_post_to_subs":false,"_jetpack_newsletter_tier_id":0,"_jetpack_memberships_contains_paywalled_content":false,"_jetpack_memberships_contains_paid_content":false,"footnotes":""},"categories":[51],"tags":[],"class_list":["post-79454","post","type-post","status-publish","format-standard","hentry","category-politica"],"jetpack_shortlink":"https:\/\/wp.me\/p2JWE0-kFw","jetpack-related-posts":[{"id":102757,"url":"http:\/\/www.24baires.com\/?p=102757","url_meta":{"origin":79454,"position":0},"title":"Seg\u00fan Dujovne est\u00e1n trabajando con el nuevo presidente del BCRA \u00abpara normalizar el mercado\u00bb","author":"Grupo Sierra","date":"15\/06\/2018","format":false,"excerpt":"El ministro de Hacienda, y ahora tambi\u00e9n de Finanzas, Nicol\u00e1s Dujovne, brind\u00f3 precisiones previo a la apertura de los mercados, luego de que ayer el equipo econ\u00f3mico sufri\u00f3 un cimbronazo por la salida de Federico Sturzenegger como titular del Banco Central, quien ser\u00e1 reemplazado por Luis Caputo. Durante una conferencia\u2026","rel":"","context":"En \u00abEconom\u00eda\u00bb","block_context":{"text":"Econom\u00eda","link":"http:\/\/www.24baires.com\/?cat=45"},"img":{"alt_text":"","src":"https:\/\/i0.wp.com\/www.24baires.com\/wp-content\/uploads\/2016\/12\/dujovne.jpg?resize=350%2C200","width":350,"height":200,"srcset":"https:\/\/i0.wp.com\/www.24baires.com\/wp-content\/uploads\/2016\/12\/dujovne.jpg?resize=350%2C200 1x, https:\/\/i0.wp.com\/www.24baires.com\/wp-content\/uploads\/2016\/12\/dujovne.jpg?resize=525%2C300 1.5x"},"classes":[]},{"id":96298,"url":"http:\/\/www.24baires.com\/?p=96298","url_meta":{"origin":79454,"position":1},"title":"A pesar de la fuerte presi\u00f3n del BCRA el d\u00f3lar pas\u00f3 la barrera de los $18 por primera vez","author":"Grupo Sierra","date":"28\/07\/2017","format":false,"excerpt":"\u00a0 Y un d\u00eda volvi\u00f3 a aparecer en escena el Banco Central en el mercado de cambios. Fue para frenar la escalada alcista del d\u00f3lar, que igual super\u00f3 por primera vez los $ 18 y cerr\u00f3 la semana en un nivel hist\u00f3rico. A trav\u00e9s del Banco Naci\u00f3n, el Provincia y\u2026","rel":"","context":"En \u00abEconom\u00eda\u00bb","block_context":{"text":"Econom\u00eda","link":"http:\/\/www.24baires.com\/?cat=45"},"img":{"alt_text":"","src":"https:\/\/i0.wp.com\/www.24baires.com\/wp-content\/uploads\/2014\/07\/d%C3%B3lares.jpg?resize=350%2C200","width":350,"height":200,"srcset":"https:\/\/i0.wp.com\/www.24baires.com\/wp-content\/uploads\/2014\/07\/d%C3%B3lares.jpg?resize=350%2C200 1x, https:\/\/i0.wp.com\/www.24baires.com\/wp-content\/uploads\/2014\/07\/d%C3%B3lares.jpg?resize=525%2C300 1.5x"},"classes":[]},{"id":106996,"url":"http:\/\/www.24baires.com\/?p=106996","url_meta":{"origin":79454,"position":2},"title":"El Central subi\u00f3 una vez m\u00e1s la tasa de referencia y el d\u00f3lar oper\u00f3 casi estable","author":"AF","date":"26\/02\/2019","format":false,"excerpt":"El d\u00f3lar subi\u00f3 5 centavos y cerr\u00f3 a 40,05 pesos. La autoridad monetaria subi\u00f3 por tercer d\u00eda consecutivo la tasa de las Letras de Liquidez para quitarle presi\u00f3n a la divisa estadounidense. Decidido a quitarle volatilidad al mercado cambiario el Banco Central subi\u00f3 este martes una vez m\u00e1s la tasa\u2026","rel":"","context":"En \u00abEconom\u00eda\u00bb","block_context":{"text":"Econom\u00eda","link":"http:\/\/www.24baires.com\/?cat=45"},"img":{"alt_text":"","src":"https:\/\/i0.wp.com\/www.24baires.com\/wp-content\/uploads\/2018\/07\/d%C3%B3lar.jpg?resize=350%2C200","width":350,"height":200,"srcset":"https:\/\/i0.wp.com\/www.24baires.com\/wp-content\/uploads\/2018\/07\/d%C3%B3lar.jpg?resize=350%2C200 1x, https:\/\/i0.wp.com\/www.24baires.com\/wp-content\/uploads\/2018\/07\/d%C3%B3lar.jpg?resize=525%2C300 1.5x"},"classes":[]},{"id":111701,"url":"http:\/\/www.24baires.com\/?p=111701","url_meta":{"origin":79454,"position":3},"title":"Tras la asunci\u00f3n de Lacunza, el Central anunci\u00f3 que no usar\u00e1 reservas para contener al d\u00f3lar","author":"GB","date":"20\/08\/2019","format":false,"excerpt":"El presidente del Banco Central consider\u00f3 que el tipo de cambio es \"competitivo\" y asegur\u00f3 que la entidad seguir\u00e1 \"absorviendo pesos\". El presidente del Banco Central, Guido Sandleris, neg\u00f3 esta martes que la entidad oficial vaya usar sus reservas para contener al d\u00f3lar, cuyo valor consider\u00f3 \"competitivo\". \"Las reservas son\u2026","rel":"","context":"En \u00abEconom\u00eda\u00bb","block_context":{"text":"Econom\u00eda","link":"http:\/\/www.24baires.com\/?cat=45"},"img":{"alt_text":"","src":"https:\/\/i0.wp.com\/www.24baires.com\/wp-content\/uploads\/2019\/08\/sandleris-255x300.jpg?resize=350%2C200","width":350,"height":200},"classes":[]},{"id":107337,"url":"http:\/\/www.24baires.com\/?p=107337","url_meta":{"origin":79454,"position":4},"title":"El d\u00f3lar rompi\u00f3 la barrera de los $43 y cerr\u00f3 a $42,86","author":"AF","date":"22\/03\/2019","format":false,"excerpt":"En la semana subi\u00f3 casi 2 pesos y oblig\u00f3 al Banco Central a ofrecer tasas de inter\u00e9s por encima del 67%. Cada vez m\u00e1s el miedo le gana a la tasa, inversores buscan refugio en el d\u00f3lar mientras la econom\u00eda real se derrumba. El sue\u00f1o reeleccionista de Mauricio Macri est\u00e1\u2026","rel":"","context":"En \u00abEconom\u00eda\u00bb","block_context":{"text":"Econom\u00eda","link":"http:\/\/www.24baires.com\/?cat=45"},"img":{"alt_text":"","src":"https:\/\/i0.wp.com\/www.24baires.com\/wp-content\/uploads\/2018\/03\/d%C3%B3lar.jpg?resize=350%2C200","width":350,"height":200,"srcset":"https:\/\/i0.wp.com\/www.24baires.com\/wp-content\/uploads\/2018\/03\/d%C3%B3lar.jpg?resize=350%2C200 1x, https:\/\/i0.wp.com\/www.24baires.com\/wp-content\/uploads\/2018\/03\/d%C3%B3lar.jpg?resize=525%2C300 1.5x"},"classes":[]},{"id":102741,"url":"http:\/\/www.24baires.com\/?p=102741","url_meta":{"origin":79454,"position":5},"title":"D\u00f3lar imparable: se dispara $ 1,26 y roza los 28 pesos","author":"GB","date":"14\/06\/2018","format":false,"excerpt":"Sin intervenci\u00f3n del Banco Central en el mercado de cambios, el d\u00f3lar se dispara $ 1,26 este jueves al nuevo r\u00e9cord intradiario de $ 27,99 en agencias y bancos de la city porte\u00f1a. Sucede en momentos de incertidumbre tras el reciente acuerdo con el FMI por un cr\u00e9dito Stand By\u2026","rel":"","context":"En \u00abEconom\u00eda\u00bb","block_context":{"text":"Econom\u00eda","link":"http:\/\/www.24baires.com\/?cat=45"},"img":{"alt_text":"","src":"https:\/\/i0.wp.com\/www.24baires.com\/wp-content\/uploads\/2018\/03\/d%C3%B3lar.jpg?resize=350%2C200","width":350,"height":200,"srcset":"https:\/\/i0.wp.com\/www.24baires.com\/wp-content\/uploads\/2018\/03\/d%C3%B3lar.jpg?resize=350%2C200 1x, https:\/\/i0.wp.com\/www.24baires.com\/wp-content\/uploads\/2018\/03\/d%C3%B3lar.jpg?resize=525%2C300 1.5x"},"classes":[]}],"jetpack_sharing_enabled":true,"jetpack_likes_enabled":true,"jetpack_featured_media_url":"","_links":{"self":[{"href":"http:\/\/www.24baires.com\/index.php?rest_route=\/wp\/v2\/posts\/79454","targetHints":{"allow":["GET"]}}],"collection":[{"href":"http:\/\/www.24baires.com\/index.php?rest_route=\/wp\/v2\/posts"}],"about":[{"href":"http:\/\/www.24baires.com\/index.php?rest_route=\/wp\/v2\/types\/post"}],"author":[{"embeddable":true,"href":"http:\/\/www.24baires.com\/index.php?rest_route=\/wp\/v2\/users\/8"}],"replies":[{"embeddable":true,"href":"http:\/\/www.24baires.com\/index.php?rest_route=%2Fwp%2Fv2%2Fcomments&post=79454"}],"version-history":[{"count":1,"href":"http:\/\/www.24baires.com\/index.php?rest_route=\/wp\/v2\/posts\/79454\/revisions"}],"predecessor-version":[{"id":79455,"href":"http:\/\/www.24baires.com\/index.php?rest_route=\/wp\/v2\/posts\/79454\/revisions\/79455"}],"wp:attachment":[{"href":"http:\/\/www.24baires.com\/index.php?rest_route=%2Fwp%2Fv2%2Fmedia&parent=79454"}],"wp:term":[{"taxonomy":"category","embeddable":true,"href":"http:\/\/www.24baires.com\/index.php?rest_route=%2Fwp%2Fv2%2Fcategories&post=79454"},{"taxonomy":"post_tag","embeddable":true,"href":"http:\/\/www.24baires.com\/index.php?rest_route=%2Fwp%2Fv2%2Ftags&post=79454"}],"curies":[{"name":"wp","href":"https:\/\/api.w.org\/{rel}","templated":true}]}}