{"id":76669,"date":"2015-12-21T10:30:06","date_gmt":"2015-12-21T13:30:06","guid":{"rendered":"http:\/\/www.24baires.com\/?p=76669"},"modified":"2015-12-21T10:47:30","modified_gmt":"2015-12-21T13:47:30","slug":"macri-participa-de-su-primera-cumbre-del-mercosur-en-paraguay","status":"publish","type":"post","link":"http:\/\/www.24baires.com\/?p=76669","title":{"rendered":"Macri participa de su primera Cumbre del Mercosur en Paraguay"},"content":{"rendered":"<p><img data-recalc-dims=\"1\" loading=\"lazy\" decoding=\"async\" src=\"https:\/\/i0.wp.com\/www.24baires.com\/wp-content\/uploads\/2015\/12\/macri-rivadavia.jpg?resize=560%2C315\" alt=\"macri rivadavia\" width=\"560\" height=\"315\" class=\"aligncenter size-full wp-image-76310\" srcset=\"https:\/\/i0.wp.com\/www.24baires.com\/wp-content\/uploads\/2015\/12\/macri-rivadavia.jpg?w=560 560w, https:\/\/i0.wp.com\/www.24baires.com\/wp-content\/uploads\/2015\/12\/macri-rivadavia.jpg?resize=300%2C169 300w\" sizes=\"auto, (max-width: 560px) 100vw, 560px\" \/>El Presidente parti\u00f3 a las 8 hacia Asunci\u00f3n para tomar parte de la reuni\u00f3n de Jefes y Jefas de Estado del bloque regional. Es su primer viaje oficial desde que asumi\u00f3 el 10 de diciembre.<!--more--><\/p>\n<p>Esta ser\u00e1 la primera oportunidad en la que Macri participe de una Cumbre del Mercosur, tras haber asumido la presidencia argentina el 10 de diciembre \u00faltimo.<\/p>\n","protected":false},"excerpt":{"rendered":"<p>El Presidente parti\u00f3 a las 8 hacia Asunci\u00f3n para tomar parte de la reuni\u00f3n de Jefes y Jefas de Estado del bloque regional. Es su primer viaje oficial desde que asumi\u00f3 el 10 de diciembre.<\/p>\n","protected":false},"author":4,"featured_media":0,"comment_status":"open","ping_status":"open","sticky":false,"template":"","format":"standard","meta":{"_jetpack_newsletter_access":"","_jetpack_dont_email_post_to_subs":false,"_jetpack_newsletter_tier_id":0,"_jetpack_memberships_contains_paywalled_content":false,"_jetpack_memberships_contains_paid_content":false,"footnotes":""},"categories":[51],"tags":[],"class_list":["post-76669","post","type-post","status-publish","format-standard","hentry","category-politica"],"jetpack_shortlink":"https:\/\/wp.me\/p2JWE0-jWB","jetpack-related-posts":[{"id":117825,"url":"http:\/\/www.24baires.com\/?p=117825","url_meta":{"origin":76669,"position":0},"title":"Alberto Fern\u00e1ndez encabeza la Cumbre de Jefes de Estado del Mercosur","author":"GB","date":"08\/07\/2021","format":false,"excerpt":"Durante el acto Argentina le transferir\u00e1 la presidencia pro t\u00e9mpore del bloque a Brasil. El presidente Alberto Fern\u00e1ndez encabeza la Cumbre de Jefes de Estado del Mercado Com\u00fan del Sur (Mercosur), Estados Asociados e Invitados Especiales, seg\u00fan se inform\u00f3 oficialmente. La cumbre ser\u00e1 por videoconferencia a partir de las 11\u2026","rel":"","context":"En \u00abPol\u00edtica\u00bb","block_context":{"text":"Pol\u00edtica","link":"http:\/\/www.24baires.com\/?cat=51"},"img":{"alt_text":"","src":"https:\/\/i0.wp.com\/www.24baires.com\/wp-content\/uploads\/2020\/08\/alberto-fern%C3%A1ndez.jpg?resize=350%2C200","width":350,"height":200,"srcset":"https:\/\/i0.wp.com\/www.24baires.com\/wp-content\/uploads\/2020\/08\/alberto-fern%C3%A1ndez.jpg?resize=350%2C200 1x, https:\/\/i0.wp.com\/www.24baires.com\/wp-content\/uploads\/2020\/08\/alberto-fern%C3%A1ndez.jpg?resize=525%2C300 1.5x"},"classes":[]},{"id":103564,"url":"http:\/\/www.24baires.com\/?p=103564","url_meta":{"origin":76669,"position":1},"title":"Macri y Temer buscan avanzar en un tratado de libre comercio con la Uni\u00f3n Europea","author":"AF","date":"27\/07\/2018","format":false,"excerpt":"Ambos se encuentran en la cumbre de Brics, en Sud\u00e1frica. El jefe de la Casa Rosada quiere que el acuerdo se firme antes de las elecciones presidenciales de Brasil, donde asoma la sombra de Lula. Mauricio Macri y Michel Temer quieren sacarle todo el jugo posible a los pocos minutos\u2026","rel":"","context":"En \u00abPol\u00edtica\u00bb","block_context":{"text":"Pol\u00edtica","link":"http:\/\/www.24baires.com\/?cat=51"},"img":{"alt_text":"","src":"https:\/\/i0.wp.com\/www.24baires.com\/wp-content\/uploads\/2016\/10\/macri-temer.jpg?resize=350%2C200","width":350,"height":200,"srcset":"https:\/\/i0.wp.com\/www.24baires.com\/wp-content\/uploads\/2016\/10\/macri-temer.jpg?resize=350%2C200 1x, https:\/\/i0.wp.com\/www.24baires.com\/wp-content\/uploads\/2016\/10\/macri-temer.jpg?resize=525%2C300 1.5x"},"classes":[]},{"id":119126,"url":"http:\/\/www.24baires.com\/?p=119126","url_meta":{"origin":76669,"position":2},"title":"\u00abTenemos que estar m\u00e1s unidos que nunca\u00bb","author":"AF","date":"21\/07\/2022","format":false,"excerpt":"El Presidente inst\u00f3 a sus pares a \"resolver las asimetr\u00edas\" dentro del bloque, y llam\u00f3 en su discurso explorar la posibilidad de hacer un acuerdo comercial conjunto con China, en medio de las negociaciones que lleva acabo Uruguay con el gigante asi\u00e1tico. El presidente Alberto Fern\u00e1ndez inst\u00f3 este jueves a\u2026","rel":"","context":"En \u00abPol\u00edtica\u00bb","block_context":{"text":"Pol\u00edtica","link":"http:\/\/www.24baires.com\/?cat=51"},"img":{"alt_text":"","src":"https:\/\/i0.wp.com\/www.24baires.com\/wp-content\/uploads\/2022\/07\/alberto-f.jpg?resize=350%2C200","width":350,"height":200,"srcset":"https:\/\/i0.wp.com\/www.24baires.com\/wp-content\/uploads\/2022\/07\/alberto-f.jpg?resize=350%2C200 1x, https:\/\/i0.wp.com\/www.24baires.com\/wp-content\/uploads\/2022\/07\/alberto-f.jpg?resize=525%2C300 1.5x, https:\/\/i0.wp.com\/www.24baires.com\/wp-content\/uploads\/2022\/07\/alberto-f.jpg?resize=700%2C400 2x"},"classes":[]},{"id":102804,"url":"http:\/\/www.24baires.com\/?p=102804","url_meta":{"origin":76669,"position":3},"title":"Por los cambios de gabinete, Macri no asistir\u00e1 a la Cumbre del Mercosur en Paraguay","author":"Grupo Sierra","date":"17\/06\/2018","format":false,"excerpt":"El presidente argentino, Mauricio Macri, no asistir\u00e1 el lunes como estaba previsto a la cumbre del Mercosur, que sesionar\u00e1 en Asunci\u00f3n del Paraguay con una agenda pol\u00edtica y comercial, seg\u00fan inform\u00f3 la agencia estatal T\u00e9lam. Macri, que se enfrenta a una complicada situaci\u00f3n financiera con cambios de ministros en el\u2026","rel":"","context":"En \u00abPol\u00edtica\u00bb","block_context":{"text":"Pol\u00edtica","link":"http:\/\/www.24baires.com\/?cat=51"},"img":{"alt_text":"","src":"https:\/\/i0.wp.com\/www.24baires.com\/wp-content\/uploads\/2018\/01\/macri.jpg?resize=350%2C200","width":350,"height":200,"srcset":"https:\/\/i0.wp.com\/www.24baires.com\/wp-content\/uploads\/2018\/01\/macri.jpg?resize=350%2C200 1x, https:\/\/i0.wp.com\/www.24baires.com\/wp-content\/uploads\/2018\/01\/macri.jpg?resize=525%2C300 1.5x"},"classes":[]},{"id":106379,"url":"http:\/\/www.24baires.com\/?p=106379","url_meta":{"origin":76669,"position":4},"title":"Macri y Bolsonaro quieren \u00abadaptar el Mercosur al Siglo XXI\u00bb","author":"AF","date":"16\/01\/2019","format":false,"excerpt":"El presidente Mauricio Macri calific\u00f3 de \"estrat\u00e9gica\" la asociaci\u00f3n con Brasil y ambos coincidieron en integrar las econom\u00edas. \"Necesitamos que a los dos nos vaya bien\", sostuvo. Durante su primera reuni\u00f3n bilateral, Mauricio Macri y Jair Bolsonaro celebraron el encuentro y coincidieron en la necesidad de \"adaptar el Mercosur al\u2026","rel":"","context":"En \u00abPol\u00edtica\u00bb","block_context":{"text":"Pol\u00edtica","link":"http:\/\/www.24baires.com\/?cat=51"},"img":{"alt_text":"","src":"https:\/\/i0.wp.com\/www.24baires.com\/wp-content\/uploads\/2019\/01\/macri-bolsonaro-1.jpg?resize=350%2C200","width":350,"height":200,"srcset":"https:\/\/i0.wp.com\/www.24baires.com\/wp-content\/uploads\/2019\/01\/macri-bolsonaro-1.jpg?resize=350%2C200 1x, https:\/\/i0.wp.com\/www.24baires.com\/wp-content\/uploads\/2019\/01\/macri-bolsonaro-1.jpg?resize=525%2C300 1.5x"},"classes":[]},{"id":120241,"url":"http:\/\/www.24baires.com\/?p=120241","url_meta":{"origin":76669,"position":5},"title":"Massa encabeza reuni\u00f3n del Mercosur con eje en el uso de monedas locales","author":"AF","date":"03\/07\/2023","format":false,"excerpt":"El titular del Palacio de Hacienda, Sergio Massa, encabez\u00f3 esta tarde la reuni\u00f3n de ministros de Econom\u00eda y presidentes de Bancos Centrales de los pa\u00edses del Mercosur, en un encuentro que tiene como eje central coordinar el uso de monedas locales en el comercio del bloque. La reuni\u00f3n de las\u2026","rel":"","context":"En \u00abPol\u00edtica\u00bb","block_context":{"text":"Pol\u00edtica","link":"http:\/\/www.24baires.com\/?cat=51"},"img":{"alt_text":"","src":"https:\/\/i0.wp.com\/www.24baires.com\/wp-content\/uploads\/2023\/07\/WhatsApp-Image-2023-07-03-at-19.18.07.jpeg?resize=350%2C200","width":350,"height":200,"srcset":"https:\/\/i0.wp.com\/www.24baires.com\/wp-content\/uploads\/2023\/07\/WhatsApp-Image-2023-07-03-at-19.18.07.jpeg?resize=350%2C200 1x, https:\/\/i0.wp.com\/www.24baires.com\/wp-content\/uploads\/2023\/07\/WhatsApp-Image-2023-07-03-at-19.18.07.jpeg?resize=525%2C300 1.5x, https:\/\/i0.wp.com\/www.24baires.com\/wp-content\/uploads\/2023\/07\/WhatsApp-Image-2023-07-03-at-19.18.07.jpeg?resize=700%2C400 2x"},"classes":[]}],"jetpack_sharing_enabled":true,"jetpack_likes_enabled":true,"jetpack_featured_media_url":"","_links":{"self":[{"href":"http:\/\/www.24baires.com\/index.php?rest_route=\/wp\/v2\/posts\/76669","targetHints":{"allow":["GET"]}}],"collection":[{"href":"http:\/\/www.24baires.com\/index.php?rest_route=\/wp\/v2\/posts"}],"about":[{"href":"http:\/\/www.24baires.com\/index.php?rest_route=\/wp\/v2\/types\/post"}],"author":[{"embeddable":true,"href":"http:\/\/www.24baires.com\/index.php?rest_route=\/wp\/v2\/users\/4"}],"replies":[{"embeddable":true,"href":"http:\/\/www.24baires.com\/index.php?rest_route=%2Fwp%2Fv2%2Fcomments&post=76669"}],"version-history":[{"count":1,"href":"http:\/\/www.24baires.com\/index.php?rest_route=\/wp\/v2\/posts\/76669\/revisions"}],"predecessor-version":[{"id":76670,"href":"http:\/\/www.24baires.com\/index.php?rest_route=\/wp\/v2\/posts\/76669\/revisions\/76670"}],"wp:attachment":[{"href":"http:\/\/www.24baires.com\/index.php?rest_route=%2Fwp%2Fv2%2Fmedia&parent=76669"}],"wp:term":[{"taxonomy":"category","embeddable":true,"href":"http:\/\/www.24baires.com\/index.php?rest_route=%2Fwp%2Fv2%2Fcategories&post=76669"},{"taxonomy":"post_tag","embeddable":true,"href":"http:\/\/www.24baires.com\/index.php?rest_route=%2Fwp%2Fv2%2Ftags&post=76669"}],"curies":[{"name":"wp","href":"https:\/\/api.w.org\/{rel}","templated":true}]}}