{"id":76662,"date":"2015-12-20T14:30:50","date_gmt":"2015-12-20T17:30:50","guid":{"rendered":"http:\/\/www.24baires.com\/?p=76662"},"modified":"2015-12-20T12:38:16","modified_gmt":"2015-12-20T15:38:16","slug":"vamos-a-sacar-muchas-medidas-por-decreto-entre-fin-de-ano-y-enero","status":"publish","type":"post","link":"http:\/\/www.24baires.com\/?p=76662","title":{"rendered":"\u00abVamos a sacar muchas medidas por decreto entre fin de a\u00f1o y enero\u00bb"},"content":{"rendered":"<p>El ministro de Justicia y Derechos Humanos, Germ\u00e1n Garavano, anticip\u00f3 que el gobierno de Mauricio Macri sacar\u00e1 \u00abmuchas medidas por decreto\u00bb entre fin de a\u00f1o y los primeros d\u00edas de enero, al tiempo que se\u00f1al\u00f3 que con estos mecanismos se intentar\u00e1 contrarrestar \u00abla sanci\u00f3n insana de muchas leyes que fueron aprobadas durante el kirchnerismo\u00bb.<!--more--><\/p>\n<p>\u00abNo tenemos Congreso y hay muchas decisiones urgentes. Muchas cosas van a estar incluidas en la emergencia de seguridad. Tenemos la suspensi\u00f3n de la puesta en marcha del C\u00f3digo Procesal penal, que tenemos que sacar por Decreto de Necesidad y Urgencia (DNU). Estamos definiendo si lo hacemos antes de fin de a\u00f1o o en los primeros d\u00edas de enero\u00bb, se\u00f1al\u00f3 Garavano.<\/p>\n<p>En una entrevista publicada este domingo por el diario La Naci\u00f3n, el titular de la cartera de Justicia consider\u00f3 que la reforma del C\u00f3digo Procesal Penal fue un proyecto de ley que el kirchnerismo aprob\u00f3 de forma \u00abinconsulta\u00bb.<\/p>\n<p>Nota Relacionada: Diputados kirchneristas convocaron a una marcha contra los decretos de Macri<br \/>\n\u00abSe trat\u00f3 de un proyecto que se sac\u00f3 de forma inconsulta y mediante la aplicaci\u00f3n de una mayor\u00eda autom\u00e1tica, algo que gener\u00f3 cr\u00edticas de todos los actores y expertos. Es un\u00e1nime que (el nuevo C\u00f3digo Procesal Penal) no se puede aplicar. Fue un tema pol\u00edtico para dominar a la Justicia\u00bb, remarc\u00f3 el funcionario.<\/p>\n<p>En cuanto a la situaci\u00f3n de la procuradora general de la Naci\u00f3n, Alejandra Gils Carb\u00f3, el ministro evalu\u00f3 que el Ministerio P\u00fablico Fiscal posee en la actualidad \u00abfacultades exorbitantes\u00bb.<\/p>\n<p>\u00abEl Ministerio P\u00fablico Fiscal tiene facultades extraordinarias que no se corresponden con un sistema acusatorio. Tenemos que revisar eso\u00bb, asever\u00f3.<\/p>\n<p>En otro orden, Garavano afirm\u00f3 que los nuevos jueces que el Ejecutivo (Carlos Rosenkrantz y Horacio Rosatti) design\u00f3 en Comisi\u00f3n para cubrir vacantes en la Corte Suprema \u00abjurar\u00e1n en febrero\u00bb, tal como lo dispuso el m\u00e1ximo Tribunal, y defendi\u00f3 el mecanismo que emple\u00f3 el presidente Macri a la hora de impulsar estos nombramientos. <\/p>\n<p>\u00abLa Corte manifest\u00f3 la necesidad de que se integre el Tribunal y el decreto del Ejecutivo es un mecanismo previsto por la Constituci\u00f3n\u00bb, remarc\u00f3 Garavano.<\/p>\n<p>Y en ese sentido, aport\u00f3: \u00abDesde la Corte nos dijeron (sobre los nuevos ministros) &#8216;ahora no, juran en febrero&#8217;. No nos salteamos nada es un mecanismo constitucional y de forma paralela, se inici\u00f3 el proceso previsto en el decreto 222\u00bb.<\/p>\n","protected":false},"excerpt":{"rendered":"<p>El ministro de Justicia y Derechos Humanos, Germ\u00e1n Garavano, anticip\u00f3 que el gobierno de Mauricio Macri sacar\u00e1 \u00abmuchas medidas por decreto\u00bb entre fin de a\u00f1o y los primeros d\u00edas de enero, al tiempo que se\u00f1al\u00f3 que con estos mecanismos se intentar\u00e1 contrarrestar \u00abla sanci\u00f3n insana de muchas leyes que fueron aprobadas durante el kirchnerismo\u00bb.<\/p>\n","protected":false},"author":8,"featured_media":0,"comment_status":"open","ping_status":"open","sticky":false,"template":"","format":"standard","meta":{"_jetpack_newsletter_access":"","_jetpack_dont_email_post_to_subs":false,"_jetpack_newsletter_tier_id":0,"_jetpack_memberships_contains_paywalled_content":false,"_jetpack_memberships_contains_paid_content":false,"footnotes":""},"categories":[51],"tags":[],"class_list":["post-76662","post","type-post","status-publish","format-standard","hentry","category-politica"],"jetpack_shortlink":"https:\/\/wp.me\/p2JWE0-jWu","jetpack-related-posts":[{"id":91359,"url":"http:\/\/www.24baires.com\/?p=91359","url_meta":{"origin":76662,"position":0},"title":"Aseguran que Macri \u00abest\u00e1 de acuerdo\u00bb en debatir la baja de la imputabilidad","author":"AF","date":"05\/01\/2017","format":false,"excerpt":"El ministro de Justicia y Derechos Humanos, Germ\u00e1n Garavano, neg\u00f3 que la propuesta de debatir el tema sea \"demag\u00f3gico\" y \"electoral\". \"El Presidente est\u00e1 de acuerdo en dar esta discusi\u00f3n. Es un tema que hemos conversado muchas veces con \u00e9l\", destac\u00f3 el funcionario en una entrevista publicada este jueves en\u2026","rel":"","context":"En \u00abSociedad\u00bb","block_context":{"text":"Sociedad","link":"http:\/\/www.24baires.com\/?cat=1"},"img":{"alt_text":"","src":"https:\/\/i0.wp.com\/www.24baires.com\/wp-content\/uploads\/2016\/10\/macriiiiiii.jpg?resize=350%2C200","width":350,"height":200,"srcset":"https:\/\/i0.wp.com\/www.24baires.com\/wp-content\/uploads\/2016\/10\/macriiiiiii.jpg?resize=350%2C200 1x, https:\/\/i0.wp.com\/www.24baires.com\/wp-content\/uploads\/2016\/10\/macriiiiiii.jpg?resize=525%2C300 1.5x"},"classes":[]},{"id":76934,"url":"http:\/\/www.24baires.com\/?p=76934","url_meta":{"origin":76662,"position":1},"title":"Garavano anunci\u00f3 dos nuevos DNU por el C\u00f3digo Procesal Penal y las escuchas","author":"GB","date":"28\/12\/2015","format":false,"excerpt":"El ministro de Justicia, Germ\u00e1n Garavano, anunci\u00f3 este lunes que en los pr\u00f3ximos d\u00edas el gobierno de Mauricio Macri firmar\u00e1 dos nuevos decretos de necesidad y urgencia (DNU), uno para postergar la implementaci\u00f3n del nuevo C\u00f3digo Procesal Penal y otro por el traspaso del sistema de escuchas telef\u00f3nicas a la\u2026","rel":"","context":"En \u00abPol\u00edtica\u00bb","block_context":{"text":"Pol\u00edtica","link":"http:\/\/www.24baires.com\/?cat=51"},"img":{"alt_text":"","src":"https:\/\/i0.wp.com\/www.24baires.com\/wp-content\/uploads\/2015\/12\/garavano.jpg?resize=350%2C200","width":350,"height":200,"srcset":"https:\/\/i0.wp.com\/www.24baires.com\/wp-content\/uploads\/2015\/12\/garavano.jpg?resize=350%2C200 1x, https:\/\/i0.wp.com\/www.24baires.com\/wp-content\/uploads\/2015\/12\/garavano.jpg?resize=525%2C300 1.5x"},"classes":[]},{"id":122817,"url":"http:\/\/www.24baires.com\/?p=122817","url_meta":{"origin":76662,"position":2},"title":"La Provincia declar\u00f3 2026 como el A\u00f1o de los Derechos Humanos","author":"GB","date":"15\/01\/2026","format":false,"excerpt":"El decreto fue publicado en el Bolet\u00edn Oficial y dispone que la leyenda conmemorativa figure en toda la documentaci\u00f3n oficial durante el a\u00f1o, al cumplirse 50 a\u00f1os del golpe de Estado de 1976. El gobernador Axel Kicillof declar\u00f3 al 2026 como \u201cA\u00f1o de los Derechos Humanos por la Memoria, la\u2026","rel":"","context":"En \u00abMemoria\u00bb","block_context":{"text":"Memoria","link":"http:\/\/www.24baires.com\/?cat=50"},"img":{"alt_text":"","src":"https:\/\/i0.wp.com\/www.24baires.com\/wp-content\/uploads\/2016\/08\/dictadura.jpg?resize=350%2C200","width":350,"height":200,"srcset":"https:\/\/i0.wp.com\/www.24baires.com\/wp-content\/uploads\/2016\/08\/dictadura.jpg?resize=350%2C200 1x, https:\/\/i0.wp.com\/www.24baires.com\/wp-content\/uploads\/2016\/08\/dictadura.jpg?resize=525%2C300 1.5x, https:\/\/i0.wp.com\/www.24baires.com\/wp-content\/uploads\/2016\/08\/dictadura.jpg?resize=700%2C400 2x"},"classes":[]},{"id":104815,"url":"http:\/\/www.24baires.com\/?p=104815","url_meta":{"origin":76662,"position":3},"title":"Carri\u00f3: \u00abPerd\u00ed la confianza en el Presidente\u00bb","author":"AF","date":"07\/10\/2018","format":false,"excerpt":"La principal socia pol\u00edtica de la alianza gobernante le apunt\u00f3 por primera vez al presidente Mauricio Macri. Luego de sus cruces con el ministro de Justicia, Germ\u00e1n Garavano, y su enojo por la salida de la AFIP de tres funcionarios que ten\u00edan su \"apoyo\", la l\u00edder de la Coalici\u00f3n C\u00edvica\u2026","rel":"","context":"En \u00abPol\u00edtica\u00bb","block_context":{"text":"Pol\u00edtica","link":"http:\/\/www.24baires.com\/?cat=51"},"img":{"alt_text":"","src":"https:\/\/i0.wp.com\/www.24baires.com\/wp-content\/uploads\/2018\/07\/carri%C3%B3.jpg?resize=350%2C200","width":350,"height":200,"srcset":"https:\/\/i0.wp.com\/www.24baires.com\/wp-content\/uploads\/2018\/07\/carri%C3%B3.jpg?resize=350%2C200 1x, https:\/\/i0.wp.com\/www.24baires.com\/wp-content\/uploads\/2018\/07\/carri%C3%B3.jpg?resize=525%2C300 1.5x"},"classes":[]},{"id":105757,"url":"http:\/\/www.24baires.com\/?p=105757","url_meta":{"origin":76662,"position":4},"title":"Garavano neg\u00f3 que la doctrina Chocobar viola los Derechos Humanos","author":"GB","date":"05\/12\/2018","format":false,"excerpt":"El ministro de Justicia le respondi\u00f3 a Carri\u00f3 y defendi\u00f3 la resoluci\u00f3n firmada por Patricia Bullrich. Asegur\u00f3 que la norma \"sigue las reglamentaciones de Naciones Unidas\". El ministro de Justicia, Germ\u00e1n Garavano, se refiri\u00f3 a las declaraciones de la l\u00edder de la Coalici\u00f3n C\u00edvica, Elisa Carri\u00f3, quien este martes cuestion\u00f3\u2026","rel":"","context":"En \u00abPol\u00edtica\u00bb","block_context":{"text":"Pol\u00edtica","link":"http:\/\/www.24baires.com\/?cat=51"},"img":{"alt_text":"","src":"https:\/\/i0.wp.com\/www.24baires.com\/wp-content\/uploads\/2017\/11\/bullrich-garavagno.jpg?resize=350%2C200","width":350,"height":200,"srcset":"https:\/\/i0.wp.com\/www.24baires.com\/wp-content\/uploads\/2017\/11\/bullrich-garavagno.jpg?resize=350%2C200 1x, https:\/\/i0.wp.com\/www.24baires.com\/wp-content\/uploads\/2017\/11\/bullrich-garavagno.jpg?resize=525%2C300 1.5x"},"classes":[]},{"id":104817,"url":"http:\/\/www.24baires.com\/?p=104817","url_meta":{"origin":76662,"position":5},"title":"Arranca el paro docente por 48 horas en la provincia","author":"GB","date":"08\/10\/2018","format":false,"excerpt":"El Frente de Unidad Docente Bonaerense comienza este lunes una nueva huelga que adem\u00e1s tendr\u00e1 una movilizaci\u00f3n en Capital Federal. A su vez, el gobierno bonaerense afirm\u00f3 que convocar\u00e1 a los sindicatos a discutir este jueves. El Frente de Unidad Docente resolvi\u00f3 decretar un paro de 48 horas para este\u2026","rel":"","context":"En \u00abProvincia\u00bb","block_context":{"text":"Provincia","link":"http:\/\/www.24baires.com\/?cat=40"},"img":{"alt_text":"","src":"https:\/\/i0.wp.com\/www.24baires.com\/wp-content\/uploads\/2018\/04\/paro-docente.jpg?resize=350%2C200","width":350,"height":200,"srcset":"https:\/\/i0.wp.com\/www.24baires.com\/wp-content\/uploads\/2018\/04\/paro-docente.jpg?resize=350%2C200 1x, https:\/\/i0.wp.com\/www.24baires.com\/wp-content\/uploads\/2018\/04\/paro-docente.jpg?resize=525%2C300 1.5x"},"classes":[]}],"jetpack_sharing_enabled":true,"jetpack_likes_enabled":true,"jetpack_featured_media_url":"","_links":{"self":[{"href":"http:\/\/www.24baires.com\/index.php?rest_route=\/wp\/v2\/posts\/76662","targetHints":{"allow":["GET"]}}],"collection":[{"href":"http:\/\/www.24baires.com\/index.php?rest_route=\/wp\/v2\/posts"}],"about":[{"href":"http:\/\/www.24baires.com\/index.php?rest_route=\/wp\/v2\/types\/post"}],"author":[{"embeddable":true,"href":"http:\/\/www.24baires.com\/index.php?rest_route=\/wp\/v2\/users\/8"}],"replies":[{"embeddable":true,"href":"http:\/\/www.24baires.com\/index.php?rest_route=%2Fwp%2Fv2%2Fcomments&post=76662"}],"version-history":[{"count":1,"href":"http:\/\/www.24baires.com\/index.php?rest_route=\/wp\/v2\/posts\/76662\/revisions"}],"predecessor-version":[{"id":76663,"href":"http:\/\/www.24baires.com\/index.php?rest_route=\/wp\/v2\/posts\/76662\/revisions\/76663"}],"wp:attachment":[{"href":"http:\/\/www.24baires.com\/index.php?rest_route=%2Fwp%2Fv2%2Fmedia&parent=76662"}],"wp:term":[{"taxonomy":"category","embeddable":true,"href":"http:\/\/www.24baires.com\/index.php?rest_route=%2Fwp%2Fv2%2Fcategories&post=76662"},{"taxonomy":"post_tag","embeddable":true,"href":"http:\/\/www.24baires.com\/index.php?rest_route=%2Fwp%2Fv2%2Ftags&post=76662"}],"curies":[{"name":"wp","href":"https:\/\/api.w.org\/{rel}","templated":true}]}}