{"id":76636,"date":"2015-12-19T17:00:04","date_gmt":"2015-12-19T20:00:04","guid":{"rendered":"http:\/\/www.24baires.com\/?p=76636"},"modified":"2015-12-19T12:56:59","modified_gmt":"2015-12-19T15:56:59","slug":"pinedo-califico-como-disparate-afirmar-que-el-gobierno-de-macri-es-neoliberal","status":"publish","type":"post","link":"http:\/\/www.24baires.com\/?p=76636","title":{"rendered":"Pinedo calific\u00f3 como \u00abdisparate\u00bb afirmar que el gobierno de Macri es neoliberal"},"content":{"rendered":"<p><img data-recalc-dims=\"1\" loading=\"lazy\" decoding=\"async\" class=\"aligncenter size-full wp-image-49010\" src=\"https:\/\/i0.wp.com\/www.24baires.com\/wp-content\/uploads\/2014\/06\/pinedo-federico-pro.jpg?resize=560%2C280\" alt=\"pinedo federico pro\" width=\"560\" height=\"280\" srcset=\"https:\/\/i0.wp.com\/www.24baires.com\/wp-content\/uploads\/2014\/06\/pinedo-federico-pro.jpg?w=560 560w, https:\/\/i0.wp.com\/www.24baires.com\/wp-content\/uploads\/2014\/06\/pinedo-federico-pro.jpg?resize=300%2C150 300w\" sizes=\"auto, (max-width: 560px) 100vw, 560px\" \/>El presidente provisional del Senado, Federico Pinedo, se refiri\u00f3 a las medidas tomadas por el Ejecutivo en su primera semana de gesti\u00f3n y calific\u00f3 como \u00abdisparate\u00bb que el gobierno de Macri sea neoliberal.<!--more--><\/p>\n<p>En di\u00e1logo con el diario La Naci\u00f3n, Pinedo calific\u00f3 como \u00abdisparate\u00bb afirmar que el gobierno de Mauricio Macri sea neoliberal y dijo que se buscar\u00e1 proteger \u00abla producci\u00f3n local, haciendo acuerdos de precios y salarios, acuerdos entre los empresarios y los sindicatos y cuidando que no haya pr\u00e1cticas monop\u00f3licas\u00bb.<\/p>\n<p>Para ese cometido, el senador estim\u00f3 que se podr\u00e1n utilizar las leyes de Defensa al Consumidor y de la Competencia para corregir cualquier abuso empresario.<\/p>\n<p>Sobre las paritarias, Pinedo dijo que \u00abla negociaci\u00f3n salarial tiene que ser libre y responsable\u00bb y sali\u00f3 al cruce del titular de la CGT Azul y Blanca, Luis Barrionuevo, quien anunci\u00f3 que pedir\u00e1 50 por ciento de aumento salarial.<\/p>\n<p>\u00abEs muy poco probable pensar que la inflaci\u00f3n va a ser 50 por ciento en un gobierno nuestro. Si no, valdr\u00eda 20 el d\u00f3lar, pero vali\u00f3 13 y pico. Est\u00e1 claro que tenemos una previsi\u00f3n a la baja de la inflaci\u00f3n, no a la suba. Entonces supongo que van a acordar las empresas sobre esa base\u00bb, a\u00f1adi\u00f3.<\/p>\n<p>Tambi\u00e9n se mostr\u00f3 satisfecho por el comportamiento del mercado cambiario: \u00abEstar debajo de 14 y haber aumentado las reservas del Banco Central me parece un hecho impresionante para el futuro de la Argentina\u00bb. Plante\u00f3, adem\u00e1s, como un posible problema \u00abque no caiga mucho el valor del d\u00f3lar\u00bb.<\/p>\n<p>\u00abEl problema no va a ser la suba sino la baja, porque si vienen much\u00edsimas inversiones a la Argentina va a haber que poner un l\u00edmite para que no se destruya el d\u00f3lar y ponga en peligro la producci\u00f3n nacional\u00bb, afirm\u00f3.<\/p>\n<p>Tambi\u00e9n se refiri\u00f3 a la designaci\u00f3n de jueces en comisi\u00f3n para la Corte Suprema de Justicia y sostuvo que la metodolog\u00eda no fue autoritaria.<\/p>\n<p>\u00abHacer decretos no es ser autoritario. La Constituci\u00f3n le dice al Presidente: &#8216;Usted puede nombrar a los funcionarios cuando hay receso en el Senado por decreto, sujeta la validez del decreto a que cuando se re\u00fana el Senado, es \u00e9ste el que toma la decisi\u00f3n, no usted&#8217;. Es una medida transitoria, corta, nada m\u00e1s\u00bb.<\/p>\n<p>Respecto de las reacciones que la decisi\u00f3n gener\u00f3 entre opositores aliados, Pinedo estim\u00f3 que \u00abel Presidente podr\u00eda haberse hecho el distra\u00eddo con este tema y tener un romance un poco m\u00e1s largo, sin pagar costos. Pero le pareci\u00f3 que ten\u00eda que mandar el mensaje de la independencia del poder pol\u00edtico de la Justicia, el mensaje de que Argentina tiene que tener Justicia y para eso hab\u00eda que cubrir vacantes en la Corte. \u00bfPodr\u00eda no haberlo hecho y navegar? S\u00ed. Y no hubiera tenido cr\u00edticas\u00bb.<\/p>\n<p>Acerca de la anunciada negativa del kirchnerismo para acompa\u00f1ar los pliegos de los nuevos jueces, afirm\u00f3 que se trata de \u00abuna posici\u00f3n pol\u00edtica\u00bb.<\/p>\n<p>\u00abHay que ver c\u00f3mo hacemos, porque el acuerdo es imprescindible. Se requieren 2\/3 del Senado para designar un juez\u00bb, concluy\u00f3.<\/p>\n","protected":false},"excerpt":{"rendered":"<p>El presidente provisional del Senado, Federico Pinedo, se refiri\u00f3 a las medidas tomadas por el Ejecutivo en su primera semana de gesti\u00f3n y calific\u00f3 como \u00abdisparate\u00bb que el gobierno de Macri sea neoliberal.<\/p>\n","protected":false},"author":4,"featured_media":0,"comment_status":"open","ping_status":"open","sticky":false,"template":"","format":"standard","meta":{"_jetpack_newsletter_access":"","_jetpack_dont_email_post_to_subs":false,"_jetpack_newsletter_tier_id":0,"_jetpack_memberships_contains_paywalled_content":false,"_jetpack_memberships_contains_paid_content":false,"footnotes":""},"categories":[51],"tags":[],"class_list":["post-76636","post","type-post","status-publish","format-standard","hentry","category-politica"],"jetpack_shortlink":"https:\/\/wp.me\/p2JWE0-jW4","jetpack-related-posts":[{"id":83130,"url":"http:\/\/www.24baires.com\/?p=83130","url_meta":{"origin":76636,"position":0},"title":"\u00abQue Dur\u00e1n Barba hable mal del Papa no nos representa\u00bb","author":"AF","date":"26\/05\/2016","format":false,"excerpt":"El presidente provisional del Senado lament\u00f3 que el consultor ecuatoriano haya \"intentado minimizar la pobreza\" y haya realizado cr\u00edticas a Francisco y afirm\u00f3 que eso \"no representa ni al presidente ni al PRO\". \"Tenemos roles distintos con Jaime Dur\u00e1n Barba. Mi trabajo es que la Argentina comience a funcionar bien,\u2026","rel":"","context":"En \u00abPol\u00edtica\u00bb","block_context":{"text":"Pol\u00edtica","link":"http:\/\/www.24baires.com\/?cat=51"},"img":{"alt_text":"pinedo federico pro","src":"https:\/\/i0.wp.com\/www.24baires.com\/wp-content\/uploads\/2014\/06\/pinedo-federico-pro.jpg?resize=350%2C200","width":350,"height":200,"srcset":"https:\/\/i0.wp.com\/www.24baires.com\/wp-content\/uploads\/2014\/06\/pinedo-federico-pro.jpg?resize=350%2C200 1x, https:\/\/i0.wp.com\/www.24baires.com\/wp-content\/uploads\/2014\/06\/pinedo-federico-pro.jpg?resize=525%2C300 1.5x"},"classes":[]},{"id":81109,"url":"http:\/\/www.24baires.com\/?p=81109","url_meta":{"origin":76636,"position":1},"title":"Pinedo considera \u00ababsolutamente terminado\u00bb el tema de Macri y las sociedad offshore","author":"AF","date":"07\/04\/2016","format":false,"excerpt":"El presidente provisional del Senado, Federico Pinedo, afirm\u00f3 que \"la acusaci\u00f3n\" contra el presidente Mauricio Macri por su participaci\u00f3n en una sociedad offshore \"es un tema absolutamente terminado\", al tiempo que admiti\u00f3 que los aumentos dispuestos por el Gobierno nacional para las tarifas generaron \"los peores momentos de la gesti\u00f3n\".\u2026","rel":"","context":"En \u00abPol\u00edtica\u00bb","block_context":{"text":"Pol\u00edtica","link":"http:\/\/www.24baires.com\/?cat=51"},"img":{"alt_text":"pinedo federico pro","src":"https:\/\/i0.wp.com\/www.24baires.com\/wp-content\/uploads\/2014\/06\/pinedo-federico-pro.jpg?resize=350%2C200","width":350,"height":200,"srcset":"https:\/\/i0.wp.com\/www.24baires.com\/wp-content\/uploads\/2014\/06\/pinedo-federico-pro.jpg?resize=350%2C200 1x, https:\/\/i0.wp.com\/www.24baires.com\/wp-content\/uploads\/2014\/06\/pinedo-federico-pro.jpg?resize=525%2C300 1.5x"},"classes":[]},{"id":49009,"url":"http:\/\/www.24baires.com\/?p=49009","url_meta":{"origin":76636,"position":2},"title":"Seg\u00fan Pinedo, \u00abno hay comparaci\u00f3n entre los casos de Macri y Boudou\u00bb","author":"Grupo Sierra","date":"30\/06\/2014","format":false,"excerpt":"El diputado nacional y titular del bloque Uni\u00f3n PRO, Federico Pinedo, sali\u00f3 a responder hoy al Jefe de Gabinete, Jorge Capitanich, quien equipar\u00f3 la situaci\u00f3n judicial del vicepresidente Amado Boudou con la de Mauricio Macri, al sostener \"no se pueden comparar\" ambas causas porque dijo, \"son cosas totalmente distintas\u201d. Pinedo\u2026","rel":"","context":"En \u00abPol\u00edtica\u00bb","block_context":{"text":"Pol\u00edtica","link":"http:\/\/www.24baires.com\/?cat=51"},"img":{"alt_text":"","src":"https:\/\/i0.wp.com\/www.24baires.com\/wp-content\/uploads\/2014\/06\/pinedo-federico-pro.jpg?resize=350%2C200","width":350,"height":200,"srcset":"https:\/\/i0.wp.com\/www.24baires.com\/wp-content\/uploads\/2014\/06\/pinedo-federico-pro.jpg?resize=350%2C200 1x, https:\/\/i0.wp.com\/www.24baires.com\/wp-content\/uploads\/2014\/06\/pinedo-federico-pro.jpg?resize=525%2C300 1.5x"},"classes":[]},{"id":111892,"url":"http:\/\/www.24baires.com\/?p=111892","url_meta":{"origin":76636,"position":3},"title":"El Gobierno posterga el env\u00edo del proyecto de \u00abreperfilamiento\u00bb de deuda para buscar consenso","author":"AF","date":"02\/09\/2019","format":false,"excerpt":"El senador Federico Pinedo anunci\u00f3 a trav\u00e9s de su cuenta en Twitter la demora del env\u00edo de la iniciativa. Asegur\u00f3 que primero buscar\u00e1n los consensos necesarios con la oposici\u00f3n. El gobierno de Mauricio Macri decidi\u00f3 postergar por el momento el env\u00edo del proyecto de ley para reperfilar los vencimientos de\u2026","rel":"","context":"En \u00abPol\u00edtica\u00bb","block_context":{"text":"Pol\u00edtica","link":"http:\/\/www.24baires.com\/?cat=51"},"img":{"alt_text":"","src":"https:\/\/i0.wp.com\/www.24baires.com\/wp-content\/uploads\/2019\/09\/gobierno.jpg?resize=350%2C200","width":350,"height":200,"srcset":"https:\/\/i0.wp.com\/www.24baires.com\/wp-content\/uploads\/2019\/09\/gobierno.jpg?resize=350%2C200 1x, https:\/\/i0.wp.com\/www.24baires.com\/wp-content\/uploads\/2019\/09\/gobierno.jpg?resize=525%2C300 1.5x"},"classes":[]},{"id":87304,"url":"http:\/\/www.24baires.com\/?p=87304","url_meta":{"origin":76636,"position":4},"title":"Ferraresi: \u00abUnos hablan de candidaturas y, con Cristina Fern\u00e1ndez, nos preocupamos por la situaci\u00f3n social\u00bb","author":"GB","date":"07\/09\/2016","format":false,"excerpt":"El intendente de Avellaneda confirm\u00f3 que no fue invitado al acto de un sector del peronismo para hablar de \"renovaci\u00f3n\" y critic\u00f3 que no fue un acto pol\u00edtico sino de un \"encuentro de dirigentes\". Adem\u00e1s, afirm\u00f3 que Pinedo \"es un irrespetuoso\" y le mand\u00f3 un mensaje al PRO para las\u2026","rel":"","context":"En \u00abLocales\u00bb","block_context":{"text":"Locales","link":"http:\/\/www.24baires.com\/?cat=38"},"img":{"alt_text":"","src":"https:\/\/i0.wp.com\/www.24baires.com\/wp-content\/uploads\/2016\/09\/ferraresi.jpg?resize=350%2C200","width":350,"height":200,"srcset":"https:\/\/i0.wp.com\/www.24baires.com\/wp-content\/uploads\/2016\/09\/ferraresi.jpg?resize=350%2C200 1x, https:\/\/i0.wp.com\/www.24baires.com\/wp-content\/uploads\/2016\/09\/ferraresi.jpg?resize=525%2C300 1.5x"},"classes":[]},{"id":81578,"url":"http:\/\/www.24baires.com\/?p=81578","url_meta":{"origin":76636,"position":5},"title":"Para Cristina hay \u00abasociaci\u00f3n il\u00edcita\u00bb entre el Gobierno y los compadores de d\u00f3lar futuro","author":"Grupo Sierra","date":"18\/04\/2016","format":false,"excerpt":"La ex presidenta Cristina de Kirchner, a trav\u00e9s de su cuenta de Twitter,\u00a0 lanz\u00f3 cr\u00edticas contra los miembros del gobierno de Mauricio Macri que realizaron operaciones con d\u00f3lar a futuro -causa por la que fue citada a indagatoria- y habl\u00f3 sobre \"terceros inescrupulosos enriquecidos ileg\u00edtimamente\", aludiendo a la denuncia en\u2026","rel":"","context":"En \u00abPol\u00edtica\u00bb","block_context":{"text":"Pol\u00edtica","link":"http:\/\/www.24baires.com\/?cat=51"},"img":{"alt_text":"cristina tren","src":"https:\/\/i0.wp.com\/www.24baires.com\/wp-content\/uploads\/2014\/05\/cristina-tren.jpg?resize=350%2C200","width":350,"height":200,"srcset":"https:\/\/i0.wp.com\/www.24baires.com\/wp-content\/uploads\/2014\/05\/cristina-tren.jpg?resize=350%2C200 1x, https:\/\/i0.wp.com\/www.24baires.com\/wp-content\/uploads\/2014\/05\/cristina-tren.jpg?resize=525%2C300 1.5x"},"classes":[]}],"jetpack_sharing_enabled":true,"jetpack_likes_enabled":true,"jetpack_featured_media_url":"","_links":{"self":[{"href":"http:\/\/www.24baires.com\/index.php?rest_route=\/wp\/v2\/posts\/76636","targetHints":{"allow":["GET"]}}],"collection":[{"href":"http:\/\/www.24baires.com\/index.php?rest_route=\/wp\/v2\/posts"}],"about":[{"href":"http:\/\/www.24baires.com\/index.php?rest_route=\/wp\/v2\/types\/post"}],"author":[{"embeddable":true,"href":"http:\/\/www.24baires.com\/index.php?rest_route=\/wp\/v2\/users\/4"}],"replies":[{"embeddable":true,"href":"http:\/\/www.24baires.com\/index.php?rest_route=%2Fwp%2Fv2%2Fcomments&post=76636"}],"version-history":[{"count":1,"href":"http:\/\/www.24baires.com\/index.php?rest_route=\/wp\/v2\/posts\/76636\/revisions"}],"predecessor-version":[{"id":76637,"href":"http:\/\/www.24baires.com\/index.php?rest_route=\/wp\/v2\/posts\/76636\/revisions\/76637"}],"wp:attachment":[{"href":"http:\/\/www.24baires.com\/index.php?rest_route=%2Fwp%2Fv2%2Fmedia&parent=76636"}],"wp:term":[{"taxonomy":"category","embeddable":true,"href":"http:\/\/www.24baires.com\/index.php?rest_route=%2Fwp%2Fv2%2Fcategories&post=76636"},{"taxonomy":"post_tag","embeddable":true,"href":"http:\/\/www.24baires.com\/index.php?rest_route=%2Fwp%2Fv2%2Ftags&post=76636"}],"curies":[{"name":"wp","href":"https:\/\/api.w.org\/{rel}","templated":true}]}}