{"id":76614,"date":"2015-12-18T18:49:43","date_gmt":"2015-12-18T21:49:43","guid":{"rendered":"http:\/\/www.24baires.com\/?p=76614"},"modified":"2015-12-18T18:49:43","modified_gmt":"2015-12-18T21:49:43","slug":"amia-gobierno-pidio-a-interpol-mantener-las-capturas-internacionales","status":"publish","type":"post","link":"http:\/\/www.24baires.com\/?p=76614","title":{"rendered":"AMIA: Gobierno pidi\u00f3 a Interpol mantener las capturas internacionales"},"content":{"rendered":"<p><img data-recalc-dims=\"1\" loading=\"lazy\" decoding=\"async\" src=\"https:\/\/i0.wp.com\/www.24baires.com\/wp-content\/uploads\/2014\/05\/Atentado_AMIA.jpg?resize=560%2C373\" alt=\"Atentado_AMIA\" width=\"560\" height=\"373\" class=\"aligncenter size-full wp-image-46084\" srcset=\"https:\/\/i0.wp.com\/www.24baires.com\/wp-content\/uploads\/2014\/05\/Atentado_AMIA.jpg?w=560 560w, https:\/\/i0.wp.com\/www.24baires.com\/wp-content\/uploads\/2014\/05\/Atentado_AMIA.jpg?resize=300%2C199 300w\" sizes=\"auto, (max-width: 560px) 100vw, 560px\" \/>El gobierno nacional manifest\u00f3 a Interpol la vigencia de las capturas internacionales libradas por la justicia argentina contra 3 imputados de origen iran\u00ed, en el marco de la investigaci\u00f3n del atentado de 1994.<!--more--><\/p>\n<p>La informaci\u00f3n fue difundida en un comunicado conjunto emitido desde el ministerio de Seguridad y la Canciller\u00eda en el que se repas\u00f3 el proceso de revisi\u00f3n de las alertas rojas dispuesto en julio por la Comisi\u00f3n de Control de Ficheros de Interpol (Organizaci\u00f3n Internacional de Polic\u00eda).<\/p>\n<p>En julio, la comisi\u00f3n de ficheros \u00absolicit\u00f3 conocer si las razones por las cuales se requiri\u00f3 oportunamente la orden de detenci\u00f3n de los ciudadanos iran\u00edes Mhsen Resai, Mohsen Rabbani y Ali Fallahijan, segu\u00edan siendo v\u00e1lidas. Dicho requerimiento fue respondido afirmativamente brindando los argumentos correspondientes\u00bb, informaron desde las carteras conducidas por Susana Malcorra (Canciller\u00eda) y Patricia Bullrich (Seguridad).<\/p>\n<p>\u00abHabiendo asumido recientemente la conducci\u00f3n de estas Carteras Ministeriales, se ha tomado conocimiento que la Comisi\u00f3n de Control de Ficheros estar\u00eda evaluando la situaci\u00f3n vinculada a dichos ciudadanos iran\u00edes y eventualmente emitir\u00e1 en las pr\u00f3ximas semanas sus recomendaciones. Estas ser\u00e1n elevadas al Secretario General de Interpol\u00bb, indicaron.<\/p>\n<p>En este contexto, el Ministerio de Seguridad y la Canciller\u00eda \u00abhan resuelto hacer conocer de inmediato a Interpol, especialmente a la Comisi\u00f3n de Control de Ficheros de dicha organizaci\u00f3n, la firme determinaci\u00f3n del Gobierno Argentino en el mantenimiento de la vigencia de las capturas internacionales libradas por la justicia argentina lo que es esencial para el esclarecimiento de la causa AMIA\u00bb, agregaron.<\/p>\n<p>Adem\u00e1s. el Ministerio de Seguridad solicit\u00f3 conocer, a trav\u00e9s de la Oficina Central Nacional de Interpol Argentina, si la citada Comisi\u00f3n de Control de Ficheros analiz\u00f3 la documentaci\u00f3n enviada y si necesita informaci\u00f3n complementaria.<\/p>\n<p>Finalmente, la nueva gesti\u00f3n de Canciller\u00eda manifest\u00f3 \u00abque, si bien pudo comprobarse que fueron cumplimentados los requerimientos formales solicitados por Interpol, no fueron llevados a cabo los procedimientos realizados en el pasado para lograr el dictado de las notificaciones rojas de Interpol, lo que implic\u00f3 un fuerte despliegue de la diplomacia argentina\u00bb.<\/p>\n","protected":false},"excerpt":{"rendered":"<p>El gobierno nacional manifest\u00f3 a Interpol la vigencia de las capturas internacionales libradas por la justicia argentina contra 3 imputados de origen iran\u00ed, en el marco de la investigaci\u00f3n del atentado de 1994.<\/p>\n","protected":false},"author":8,"featured_media":0,"comment_status":"open","ping_status":"open","sticky":false,"template":"","format":"standard","meta":{"_jetpack_newsletter_access":"","_jetpack_dont_email_post_to_subs":false,"_jetpack_newsletter_tier_id":0,"_jetpack_memberships_contains_paywalled_content":false,"_jetpack_memberships_contains_paid_content":false,"footnotes":""},"categories":[51],"tags":[],"class_list":["post-76614","post","type-post","status-publish","format-standard","hentry","category-politica"],"jetpack_shortlink":"https:\/\/wp.me\/p2JWE0-jVI","jetpack-related-posts":[{"id":60273,"url":"http:\/\/www.24baires.com\/?p=60273","url_meta":{"origin":76614,"position":0},"title":"\u00abLo que dice el fiscal Nisman es falso\u00bb, dijo el ex secretario de Interpol","author":"GB","date":"18\/01\/2015","format":false,"excerpt":"El ex secretario general de Interpol, Ronald Noble, dijo que ninguna autoridad argentina trat\u00f3 de cancelar los alertas rojos contra los acusados iran\u00edes, ni se sugiri\u00f3 que no fueran responsables del ataque a la AMIA y que la firma del memor\u00e1ndum fue un intento por destrabar la causa. \"La afirmaci\u00f3n\u2026","rel":"","context":"En \u00abPol\u00edtica\u00bb","block_context":{"text":"Pol\u00edtica","link":"http:\/\/www.24baires.com\/?cat=51"},"img":{"alt_text":"","src":"https:\/\/i0.wp.com\/www.24baires.com\/wp-content\/uploads\/2015\/01\/ex-secretario-interpol.jpg?resize=350%2C200","width":350,"height":200,"srcset":"https:\/\/i0.wp.com\/www.24baires.com\/wp-content\/uploads\/2015\/01\/ex-secretario-interpol.jpg?resize=350%2C200 1x, https:\/\/i0.wp.com\/www.24baires.com\/wp-content\/uploads\/2015\/01\/ex-secretario-interpol.jpg?resize=525%2C300 1.5x"},"classes":[]},{"id":60675,"url":"http:\/\/www.24baires.com\/?p=60675","url_meta":{"origin":76614,"position":1},"title":"\u00abTodo lo que hace Clar\u00edn es para perjudicar la gobernabilidad en Argentina\u00bb","author":"GB","date":"24\/01\/2015","format":false,"excerpt":"El canciller denunci\u00f3 la manipulaci\u00f3n por parte del diario de informaci\u00f3n falsa sobre la firma del Memor\u00e1ndum con Ir\u00e1n y la pol\u00edtica seguida por el gobierno sobre las alertas rojas de Interpol. El canciller asegur\u00f3 hoy que el dario Clar\u00edn \"manipula informaci\u00f3n\", ante la publicaci\u00f3n de un cable de marzo\u2026","rel":"","context":"En \u00abPol\u00edtica\u00bb","block_context":{"text":"Pol\u00edtica","link":"http:\/\/www.24baires.com\/?cat=51"},"img":{"alt_text":"timerman","src":"https:\/\/i0.wp.com\/www.24baires.com\/wp-content\/uploads\/2014\/08\/timerman.jpg?resize=350%2C200","width":350,"height":200,"srcset":"https:\/\/i0.wp.com\/www.24baires.com\/wp-content\/uploads\/2014\/08\/timerman.jpg?resize=350%2C200 1x, https:\/\/i0.wp.com\/www.24baires.com\/wp-content\/uploads\/2014\/08\/timerman.jpg?resize=525%2C300 1.5x"},"classes":[]},{"id":81859,"url":"http:\/\/www.24baires.com\/?p=81859","url_meta":{"origin":76614,"position":2},"title":"Aseguran que ya se levant\u00f3 la orden de captura de Interpol contra Grindetti","author":"AF","date":"25\/04\/2016","format":false,"excerpt":"Tras el esc\u00e1ndalo de Panam\u00e1 Papers, se conoci\u00f3 ahora que el intendente de Lan\u00fas por el Pro, N\u00e9stor Grindetti, aparece en la lista de personas buscadas en Interpol, aunque desde su entorno aclararon que un juez argentina ya pidi\u00f3 que se levantara ese pedido del organismo. En la circular emitida\u2026","rel":"","context":"En \u00abPol\u00edtica\u00bb","block_context":{"text":"Pol\u00edtica","link":"http:\/\/www.24baires.com\/?cat=51"},"img":{"alt_text":"","src":"https:\/\/i0.wp.com\/www.24baires.com\/wp-content\/uploads\/2016\/04\/grindetti.jpg?resize=350%2C200","width":350,"height":200,"srcset":"https:\/\/i0.wp.com\/www.24baires.com\/wp-content\/uploads\/2016\/04\/grindetti.jpg?resize=350%2C200 1x, https:\/\/i0.wp.com\/www.24baires.com\/wp-content\/uploads\/2016\/04\/grindetti.jpg?resize=525%2C300 1.5x"},"classes":[]},{"id":121578,"url":"http:\/\/www.24baires.com\/?p=121578","url_meta":{"origin":76614,"position":3},"title":"Interpol emiti\u00f3 alerta roja para capturar al diputado ped\u00f3filo Kizcka","author":"GB","date":"27\/08\/2024","format":false,"excerpt":"Ambos permanecen pr\u00f3fugos y podr\u00edan haber huido a Brasil o Paraguay de manera ilegal. Interpol Argentina emiti\u00f3 oficialmente este lunes una notificaci\u00f3n roja para la b\u00fasqueda nacional e internacional del diputado misionero Germ\u00e1n Kiczka y su hermano Sebasti\u00e1n, ambos pr\u00f3fugos de la justicia. Los hermanos Kiczka son acusados de producir\u2026","rel":"","context":"En \u00abPol\u00edtica\u00bb","block_context":{"text":"Pol\u00edtica","link":"http:\/\/www.24baires.com\/?cat=51"},"img":{"alt_text":"","src":"https:\/\/i0.wp.com\/www.24baires.com\/wp-content\/uploads\/2024\/08\/diputado-pedofilia.webp?resize=350%2C200","width":350,"height":200,"srcset":"https:\/\/i0.wp.com\/www.24baires.com\/wp-content\/uploads\/2024\/08\/diputado-pedofilia.webp?resize=350%2C200 1x, https:\/\/i0.wp.com\/www.24baires.com\/wp-content\/uploads\/2024\/08\/diputado-pedofilia.webp?resize=525%2C300 1.5x, https:\/\/i0.wp.com\/www.24baires.com\/wp-content\/uploads\/2024\/08\/diputado-pedofilia.webp?resize=700%2C400 2x"},"classes":[]},{"id":60210,"url":"http:\/\/www.24baires.com\/?p=60210","url_meta":{"origin":76614,"position":4},"title":"Timerman anticip\u00f3 que dialog\u00f3 con Interpol y \u00abla denuncia de Nisman es mentira\u00bb","author":"Grupo Sierra","date":"16\/01\/2015","format":false,"excerpt":"El canciller ley\u00f3 en la Sala de Conferencias de la Casa Rosada una carta que le envi\u00f3 el ex Director de Interpol entre 2000 y 2014, Ronald Noble. All\u00ed, el ex funcionario norteamericano ratifica que las afirmaciones hechas por el fiscal son falsas. El canciller H\u00e9ctor Timerman sostuvo hoy que\u2026","rel":"","context":"En \u00abGeneral\u00bb","block_context":{"text":"General","link":"http:\/\/www.24baires.com\/?cat=67"},"img":{"alt_text":"timerman","src":"https:\/\/i0.wp.com\/www.24baires.com\/wp-content\/uploads\/2014\/08\/timerman.jpg?resize=350%2C200","width":350,"height":200,"srcset":"https:\/\/i0.wp.com\/www.24baires.com\/wp-content\/uploads\/2014\/08\/timerman.jpg?resize=350%2C200 1x, https:\/\/i0.wp.com\/www.24baires.com\/wp-content\/uploads\/2014\/08\/timerman.jpg?resize=525%2C300 1.5x"},"classes":[]},{"id":35115,"url":"http:\/\/www.24baires.com\/?p=35115","url_meta":{"origin":76614,"position":5},"title":"Piden a la Interpol la captura del represor fugado de Tribunales","author":"GB","date":"13\/11\/2013","format":false,"excerpt":"El juez interinamente a cargo de la causa, Norberto Oyarbide, pidi\u00f3 a Interpol la captura internacional del represor Alejandro Lawless, fugado ayer cuando era trasladado a Tribunales. El militar, de 66 a\u00f1os, est\u00e1 procesado por delitos de lesa humanidad cometidos en Bah\u00eda Blanca. El juez federal Norberto Oyarbide pidi\u00f3 a\u2026","rel":"","context":"En \u00abMemoria\u00bb","block_context":{"text":"Memoria","link":"http:\/\/www.24baires.com\/?cat=50"},"img":{"alt_text":"","src":"","width":0,"height":0},"classes":[]}],"jetpack_sharing_enabled":true,"jetpack_likes_enabled":true,"jetpack_featured_media_url":"","_links":{"self":[{"href":"http:\/\/www.24baires.com\/index.php?rest_route=\/wp\/v2\/posts\/76614","targetHints":{"allow":["GET"]}}],"collection":[{"href":"http:\/\/www.24baires.com\/index.php?rest_route=\/wp\/v2\/posts"}],"about":[{"href":"http:\/\/www.24baires.com\/index.php?rest_route=\/wp\/v2\/types\/post"}],"author":[{"embeddable":true,"href":"http:\/\/www.24baires.com\/index.php?rest_route=\/wp\/v2\/users\/8"}],"replies":[{"embeddable":true,"href":"http:\/\/www.24baires.com\/index.php?rest_route=%2Fwp%2Fv2%2Fcomments&post=76614"}],"version-history":[{"count":1,"href":"http:\/\/www.24baires.com\/index.php?rest_route=\/wp\/v2\/posts\/76614\/revisions"}],"predecessor-version":[{"id":76615,"href":"http:\/\/www.24baires.com\/index.php?rest_route=\/wp\/v2\/posts\/76614\/revisions\/76615"}],"wp:attachment":[{"href":"http:\/\/www.24baires.com\/index.php?rest_route=%2Fwp%2Fv2%2Fmedia&parent=76614"}],"wp:term":[{"taxonomy":"category","embeddable":true,"href":"http:\/\/www.24baires.com\/index.php?rest_route=%2Fwp%2Fv2%2Fcategories&post=76614"},{"taxonomy":"post_tag","embeddable":true,"href":"http:\/\/www.24baires.com\/index.php?rest_route=%2Fwp%2Fv2%2Ftags&post=76614"}],"curies":[{"name":"wp","href":"https:\/\/api.w.org\/{rel}","templated":true}]}}