{"id":76567,"date":"2015-12-17T21:00:37","date_gmt":"2015-12-18T00:00:37","guid":{"rendered":"http:\/\/www.24baires.com\/?p=76567"},"modified":"2015-12-17T20:02:03","modified_gmt":"2015-12-17T23:02:03","slug":"bullrich-llamo-a-federalizar-la-educacion","status":"publish","type":"post","link":"http:\/\/www.24baires.com\/?p=76567","title":{"rendered":"Bullrich llam\u00f3 a \u00abfederalizar la educaci\u00f3n\u00bb"},"content":{"rendered":"<p><img data-recalc-dims=\"1\" loading=\"lazy\" decoding=\"async\" class=\"aligncenter size-full wp-image-76240\" src=\"https:\/\/i0.wp.com\/www.24baires.com\/wp-content\/uploads\/2015\/12\/esteban-bullrich1.jpg?resize=560%2C367\" alt=\"esteban bullrich\" width=\"560\" height=\"367\" srcset=\"https:\/\/i0.wp.com\/www.24baires.com\/wp-content\/uploads\/2015\/12\/esteban-bullrich1.jpg?w=560 560w, https:\/\/i0.wp.com\/www.24baires.com\/wp-content\/uploads\/2015\/12\/esteban-bullrich1.jpg?resize=300%2C197 300w\" sizes=\"auto, (max-width: 560px) 100vw, 560px\" \/>El ministro de Educaci\u00f3n anunci\u00f3 que el Consejo Federal de Educaci\u00f3n dejar\u00e1 de reunirse en Buenos Aires.<!--more--><\/p>\n<p>\u201cYa lo conversamos con la gobernadora (Rosana) Bertone. El Consejo dejar\u00e1 de constituirse en Capital Federal. Necesitamos descentralizar las pol\u00edticas educativas\u201d, afirm\u00f3 Bullrich en rueda de prensa.<\/p>\n<p>El Consejo Federal de Educaci\u00f3n es el organismo de \u201cconcertaci\u00f3n, acuerdo y coordinaci\u00f3n de la pol\u00edtica educativa nacional\u201d que preside el ministro del \u00e1rea e integran las m\u00e1ximas autoridades de cada jurisdicci\u00f3n y tres representantes del Consejo de Universidades.<\/p>\n<p>Bullrich tambi\u00e9n declar\u00f3 en la capital fueguina, donde hoy asistir\u00e1 al acto de jura de Bertone, que \u201cse mantendr\u00e1n y mejorar\u00e1n\u201d todas las universidades nacionales creadas en los \u00faltimos a\u00f1os.<\/p>\n<p>\u00abMejorar la educaci\u00f3n universitaria\u00bb. \u201cVamos a trabajar con cada una de las universidades. Hemos planteado en la campa\u00f1a que el presidente (Mauricio) Macri va a terminar su mandato con m\u00e1s y mejores universidades. Y eso vamos a hacer\u201d, asegur\u00f3 el ministro.<\/p>\n<p>Tambi\u00e9n consider\u00f3 que en la \u00faltima d\u00e9cada \u201cse han creado muchas universidades, pero la calidad, en promedio, ha bajado. Y en gran medida no es por las universidades sino porque el sistema formal de Educaci\u00f3n en Argentina fracas\u00f3\u201d.<\/p>\n<p>&nbsp;<\/p>\n<p>&nbsp;<\/p>\n<p>&nbsp;<\/p>\n<p>&nbsp;<\/p>\n<p>&nbsp;<\/p>\n<p>&nbsp;<\/p>\n<p>&nbsp;<\/p>\n<p>&nbsp;<\/p>\n<p>&nbsp;<\/p>\n<p>&nbsp;<\/p>\n<p>&nbsp;<\/p>\n<p>&nbsp;<\/p>\n<p>&nbsp;<\/p>\n<p>&nbsp;<\/p>\n<p>&nbsp;<\/p>\n<p>&nbsp;<\/p>\n","protected":false},"excerpt":{"rendered":"<p>El ministro de Educaci\u00f3n anunci\u00f3 que el Consejo Federal de Educaci\u00f3n dejar\u00e1 de reunirse en Buenos Aires.<\/p>\n","protected":false},"author":8,"featured_media":0,"comment_status":"open","ping_status":"open","sticky":false,"template":"","format":"standard","meta":{"_jetpack_newsletter_access":"","_jetpack_dont_email_post_to_subs":false,"_jetpack_newsletter_tier_id":0,"_jetpack_memberships_contains_paywalled_content":false,"_jetpack_memberships_contains_paid_content":false,"footnotes":""},"categories":[51],"tags":[],"class_list":["post-76567","post","type-post","status-publish","format-standard","hentry","category-politica"],"jetpack_shortlink":"https:\/\/wp.me\/p2JWE0-jUX","jetpack-related-posts":[{"id":118724,"url":"http:\/\/www.24baires.com\/?p=118724","url_meta":{"origin":76567,"position":0},"title":"Se re\u00fane el Consejo Federal por la hora extra a la jornada escolar","author":"GB","date":"08\/04\/2022","format":false,"excerpt":"En Ushuaia hoy se re\u00fanen las autoridades del Consejo Federal de Educaci\u00f3n (CFE) donde tratar\u00e1n la propuesta de extensi\u00f3n de las jornadas en las escuelas. Luego de que el ministro de Educaci\u00f3n de la Naci\u00f3n, Jaime Perczyk, plantear\u00e1 sumar una hora m\u00e1s de clase en las escuelas primarias, finalmente hoy\u2026","rel":"","context":"En \u00abPol\u00edtica\u00bb","block_context":{"text":"Pol\u00edtica","link":"http:\/\/www.24baires.com\/?cat=51"},"img":{"alt_text":"","src":"https:\/\/i0.wp.com\/www.24baires.com\/wp-content\/uploads\/2022\/04\/consejo-federal-educacionjpeg.jpeg?resize=350%2C200","width":350,"height":200},"classes":[]},{"id":76761,"url":"http:\/\/www.24baires.com\/?p=76761","url_meta":{"origin":76567,"position":1},"title":"Para Bullrich, \u00abla calidad educativa tiene una merma significativa\u00bb","author":"GB","date":"22\/12\/2015","format":false,"excerpt":"El ministro de Educaci\u00f3n consider\u00f3 que existe \u201cuna emergencia educativa\u201d ante esta situaci\u00f3n y afirm\u00f3 que el presidente Mauricio Macri \u201capuesta como prioridad a la pol\u00edtica educativa\u201d. \u201cEn marzo se cumplen diez a\u00f1os de la (sanci\u00f3n de) Ley Nacional de Educaci\u00f3n que establec\u00eda que el 100 por ciento de los\u2026","rel":"","context":"En \u00abPol\u00edtica\u00bb","block_context":{"text":"Pol\u00edtica","link":"http:\/\/www.24baires.com\/?cat=51"},"img":{"alt_text":"esteban bullrich","src":"https:\/\/i0.wp.com\/www.24baires.com\/wp-content\/uploads\/2015\/12\/esteban-bullrich1.jpg?resize=350%2C200","width":350,"height":200,"srcset":"https:\/\/i0.wp.com\/www.24baires.com\/wp-content\/uploads\/2015\/12\/esteban-bullrich1.jpg?resize=350%2C200 1x, https:\/\/i0.wp.com\/www.24baires.com\/wp-content\/uploads\/2015\/12\/esteban-bullrich1.jpg?resize=525%2C300 1.5x"},"classes":[]},{"id":107494,"url":"http:\/\/www.24baires.com\/?p=107494","url_meta":{"origin":76567,"position":2},"title":"Cambiemos quiere poner l\u00edmite de cinco d\u00edas de paro docente en el a\u00f1o","author":"GB","date":"03\/04\/2019","format":false,"excerpt":"Pol\u00e9mica iniciativa de Cambiemos. El proyecto es del senador nacional Esteban Bullrich, exministro de Educaci\u00f3n de Macri. El ex ministro de Educaci\u00f3n y actual senador nacional Esteban Bullrich (PRO-Buenos Aires) empuja un pol\u00e9mico proyecto para que las huelgas sindicales de docentes no superen, en forma continua o discontinua, cinco d\u00edas\u2026","rel":"","context":"En \u00abProvincia\u00bb","block_context":{"text":"Provincia","link":"http:\/\/www.24baires.com\/?cat=40"},"img":{"alt_text":"","src":"https:\/\/i0.wp.com\/www.24baires.com\/wp-content\/uploads\/2014\/03\/aulas-vac%C3%ADas.jpg?resize=350%2C200","width":350,"height":200},"classes":[]},{"id":113497,"url":"http:\/\/www.24baires.com\/?p=113497","url_meta":{"origin":76567,"position":3},"title":"Se confirm\u00f3 la fecha de comienzo de clases en la Provincia","author":"GB","date":"19\/12\/2019","format":false,"excerpt":"En coordinaci\u00f3n con el grueso de los distritos del pa\u00eds, el Ministerio de Educaci\u00f3n de la Naci\u00f3n asegur\u00f3 que garantizar\u00e1 los 180 d\u00edas. El Consejo Federal de Educaci\u00f3n defini\u00f3 este mi\u00e9rcoles, en el primer encuentro formal bajo la gesti\u00f3n del flamante ministro Nicol\u00e1s Trotta, el inicio del ciclo lectivo 2020\u2026","rel":"","context":"En \u00abProvincia\u00bb","block_context":{"text":"Provincia","link":"http:\/\/www.24baires.com\/?cat=40"},"img":{"alt_text":"","src":"https:\/\/i0.wp.com\/www.24baires.com\/wp-content\/uploads\/2018\/06\/escuela-moron.jpg?resize=350%2C200","width":350,"height":200,"srcset":"https:\/\/i0.wp.com\/www.24baires.com\/wp-content\/uploads\/2018\/06\/escuela-moron.jpg?resize=350%2C200 1x, https:\/\/i0.wp.com\/www.24baires.com\/wp-content\/uploads\/2018\/06\/escuela-moron.jpg?resize=525%2C300 1.5x"},"classes":[]},{"id":111203,"url":"http:\/\/www.24baires.com\/?p=111203","url_meta":{"origin":76567,"position":4},"title":"Opositores y organismos de derechos humanos cuestionaron la colimba macrista","author":"AF","date":"16\/07\/2019","format":false,"excerpt":"Desde el Frente de Todos y el FIT repudiaron el intento de enviar a los j\u00f3venes a los cuarteles de Gendarmer\u00eda. Tambi\u00e9n protestaron Adolfo P\u00e9rez Esquivel y Mar\u00eda del Carmen Verd\u00fa. La colimba macrista no cay\u00f3 bien. Distintos sectores del arco pol\u00edtico rechazaron la implementaci\u00f3n por decreto del Servicio C\u00edvico\u2026","rel":"","context":"En \u00abLocales\u00bb","block_context":{"text":"Locales","link":"http:\/\/www.24baires.com\/?cat=38"},"img":{"alt_text":"Resultado de imagen para bullrich","src":"https:\/\/i0.wp.com\/infocielo.com\/uploads\/noticias\/imagenes\/a\/2019\/05\/20190524101935_bullrich-infobae.jpg?resize=350%2C200&ssl=1","width":350,"height":200,"srcset":"https:\/\/i0.wp.com\/infocielo.com\/uploads\/noticias\/imagenes\/a\/2019\/05\/20190524101935_bullrich-infobae.jpg?resize=350%2C200&ssl=1 1x, https:\/\/i0.wp.com\/infocielo.com\/uploads\/noticias\/imagenes\/a\/2019\/05\/20190524101935_bullrich-infobae.jpg?resize=525%2C300&ssl=1 1.5x"},"classes":[]},{"id":81186,"url":"http:\/\/www.24baires.com\/?p=81186","url_meta":{"origin":76567,"position":5},"title":"Bullrich asegur\u00f3 la continuidad del programa Conectar Igualdad","author":"GB","date":"08\/04\/2016","format":false,"excerpt":"El ministro de Educaci\u00f3n asegur\u00f3 que \"las orquestas y los programas socioeducativos contin\u00faan\". El ministro de Educaci\u00f3n, Esteban Bullrich, ratific\u00f3 la continuidad de los programas de Orquestas y Coros Infantiles y Juveniles y Conectar Igualdad. \"Los programas socioeducativos no solo seguir\u00e1n adelante, sino que tambi\u00e9n ser\u00e1n mejorados. El objetivo es\u2026","rel":"","context":"En \u00abPol\u00edtica\u00bb","block_context":{"text":"Pol\u00edtica","link":"http:\/\/www.24baires.com\/?cat=51"},"img":{"alt_text":"esteban bullrich","src":"https:\/\/i0.wp.com\/www.24baires.com\/wp-content\/uploads\/2015\/12\/esteban-bullrich.jpg?resize=350%2C200","width":350,"height":200,"srcset":"https:\/\/i0.wp.com\/www.24baires.com\/wp-content\/uploads\/2015\/12\/esteban-bullrich.jpg?resize=350%2C200 1x, https:\/\/i0.wp.com\/www.24baires.com\/wp-content\/uploads\/2015\/12\/esteban-bullrich.jpg?resize=525%2C300 1.5x"},"classes":[]}],"jetpack_sharing_enabled":true,"jetpack_likes_enabled":true,"jetpack_featured_media_url":"","_links":{"self":[{"href":"http:\/\/www.24baires.com\/index.php?rest_route=\/wp\/v2\/posts\/76567","targetHints":{"allow":["GET"]}}],"collection":[{"href":"http:\/\/www.24baires.com\/index.php?rest_route=\/wp\/v2\/posts"}],"about":[{"href":"http:\/\/www.24baires.com\/index.php?rest_route=\/wp\/v2\/types\/post"}],"author":[{"embeddable":true,"href":"http:\/\/www.24baires.com\/index.php?rest_route=\/wp\/v2\/users\/8"}],"replies":[{"embeddable":true,"href":"http:\/\/www.24baires.com\/index.php?rest_route=%2Fwp%2Fv2%2Fcomments&post=76567"}],"version-history":[{"count":1,"href":"http:\/\/www.24baires.com\/index.php?rest_route=\/wp\/v2\/posts\/76567\/revisions"}],"predecessor-version":[{"id":76568,"href":"http:\/\/www.24baires.com\/index.php?rest_route=\/wp\/v2\/posts\/76567\/revisions\/76568"}],"wp:attachment":[{"href":"http:\/\/www.24baires.com\/index.php?rest_route=%2Fwp%2Fv2%2Fmedia&parent=76567"}],"wp:term":[{"taxonomy":"category","embeddable":true,"href":"http:\/\/www.24baires.com\/index.php?rest_route=%2Fwp%2Fv2%2Fcategories&post=76567"},{"taxonomy":"post_tag","embeddable":true,"href":"http:\/\/www.24baires.com\/index.php?rest_route=%2Fwp%2Fv2%2Ftags&post=76567"}],"curies":[{"name":"wp","href":"https:\/\/api.w.org\/{rel}","templated":true}]}}