{"id":76547,"date":"2015-12-17T18:05:28","date_gmt":"2015-12-17T21:05:28","guid":{"rendered":"http:\/\/www.24baires.com\/?p=76547"},"modified":"2015-12-17T18:05:28","modified_gmt":"2015-12-17T21:05:28","slug":"el-gobierno-declaro-la-emergencia-en-seguridad-para-todo-el-pais","status":"publish","type":"post","link":"http:\/\/www.24baires.com\/?p=76547","title":{"rendered":"El Gobierno declar\u00f3 la emergencia en Seguridad para todo el pa\u00eds"},"content":{"rendered":"<p><img data-recalc-dims=\"1\" loading=\"lazy\" decoding=\"async\" src=\"https:\/\/i0.wp.com\/www.24baires.com\/wp-content\/uploads\/2015\/12\/bullrich-conferencia.jpg?resize=560%2C313\" alt=\"bullrich conferencia\" width=\"560\" height=\"313\" class=\"aligncenter size-full wp-image-76548\" srcset=\"https:\/\/i0.wp.com\/www.24baires.com\/wp-content\/uploads\/2015\/12\/bullrich-conferencia.jpg?w=560 560w, https:\/\/i0.wp.com\/www.24baires.com\/wp-content\/uploads\/2015\/12\/bullrich-conferencia.jpg?resize=300%2C168 300w\" sizes=\"auto, (max-width: 560px) 100vw, 560px\" \/>La ministra Patricia Bullrich encabez\u00f3 una reuni\u00f3n del Consejo de Seguridad Interior, en la que junto a los ministros del \u00e1rea de todo el pa\u00eds se vot\u00f3 por unanimidad un pedido de decretar la emergencia nacional de Seguridad.<!--more--><\/p>\n<p>La ministra Patricia Bullrich encabez\u00f3 hoy una reuni\u00f3n del Consejo de Seguridad Interior, en la que junto a los ministros del \u00e1rea de todo el pa\u00eds se vot\u00f3 por unanimidad un pedido de decretar la emergencia nacional de Seguridad.<\/p>\n<p>As\u00ed lo inform\u00f3 la cartera que lidera Bullrich, quien durante el encuentro se\u00f1al\u00f3 que la emergencia, que deber\u00e1 establecer el presidente Mauricio Macri por decreto, \u00abpermitir\u00eda actuar con celeridad en cuestiones fundamentales para el pa\u00eds, como en el tema de las fronteras y el narcotr\u00e1fico\u00bb.<\/p>\n<p>El encuentro del Consejo de Seguridad Interior se realiz\u00f3 en el Sal\u00f3n Auditorio del ministerio, Azopardo 620, donde adem\u00e1s de los ministros estuvieron los jefes de la Polic\u00eda Federal Argentina, de la Gendarmer\u00eda Nacional Argentina, de la Prefectura Naval Argentina y de la Polic\u00eda de Seguridad Aeroportuaria.<\/p>\n","protected":false},"excerpt":{"rendered":"<p>La ministra Patricia Bullrich encabez\u00f3 una reuni\u00f3n del Consejo de Seguridad Interior, en la que junto a los ministros del \u00e1rea de todo el pa\u00eds se vot\u00f3 por unanimidad un pedido de decretar la emergencia nacional de Seguridad.<\/p>\n","protected":false},"author":8,"featured_media":0,"comment_status":"open","ping_status":"open","sticky":false,"template":"","format":"standard","meta":{"_jetpack_newsletter_access":"","_jetpack_dont_email_post_to_subs":false,"_jetpack_newsletter_tier_id":0,"_jetpack_memberships_contains_paywalled_content":false,"_jetpack_memberships_contains_paid_content":false,"footnotes":""},"categories":[51],"tags":[],"class_list":["post-76547","post","type-post","status-publish","format-standard","hentry","category-politica"],"jetpack_shortlink":"https:\/\/wp.me\/p2JWE0-jUD","jetpack-related-posts":[{"id":112042,"url":"http:\/\/www.24baires.com\/?p=112042","url_meta":{"origin":76547,"position":0},"title":"Bullrich sobre la emergencia alimentaria: \u00abSi pasan hambre, tienen los comedores\u00bb","author":"AF","date":"11\/09\/2019","format":false,"excerpt":"La funcionaria plante\u00f3 que \"no llegar\u00eda a decir que hay gente que hoy est\u00e1 en una situaci\u00f3n de no comer\u201d y lanz\u00f3 que \u201csi pasa hambre tiene comedores y una cantidad de lugares adonde ir\u201d. Para la ministra de Seguridad, Patricia Bullrich, en la Argentina no hay personas que no\u2026","rel":"","context":"En \u00abSociedad\u00bb","block_context":{"text":"Sociedad","link":"http:\/\/www.24baires.com\/?cat=1"},"img":{"alt_text":"","src":"https:\/\/i0.wp.com\/www.24baires.com\/wp-content\/uploads\/2017\/09\/bullrich.jpg?resize=350%2C200","width":350,"height":200,"srcset":"https:\/\/i0.wp.com\/www.24baires.com\/wp-content\/uploads\/2017\/09\/bullrich.jpg?resize=350%2C200 1x, https:\/\/i0.wp.com\/www.24baires.com\/wp-content\/uploads\/2017\/09\/bullrich.jpg?resize=525%2C300 1.5x"},"classes":[]},{"id":100969,"url":"http:\/\/www.24baires.com\/?p=100969","url_meta":{"origin":76547,"position":1},"title":"Patricia Bullrich respald\u00f3 la despenalizaci\u00f3n del aborto","author":"GB","date":"10\/03\/2018","format":false,"excerpt":"La ministra de Seguridad de la Naci\u00f3n, Patricia Bullrich, se mostr\u00f3 a favor de la despenalizaci\u00f3n del aborto que se tratar\u00e1 en el Congreso. 1994 ya hab\u00eda presentado un proyecto en este sentido. La ministra de Seguridad, Patricia Bullrich, se mostr\u00f3 este viernes \"a favor de la despenalizaci\u00f3n del aborto\"\u2026","rel":"","context":"En \u00abPol\u00edtica\u00bb","block_context":{"text":"Pol\u00edtica","link":"http:\/\/www.24baires.com\/?cat=51"},"img":{"alt_text":"","src":"https:\/\/i0.wp.com\/www.24baires.com\/wp-content\/uploads\/2017\/08\/bullrich-testigo-protegido.jpg?resize=350%2C200","width":350,"height":200,"srcset":"https:\/\/i0.wp.com\/www.24baires.com\/wp-content\/uploads\/2017\/08\/bullrich-testigo-protegido.jpg?resize=350%2C200 1x, https:\/\/i0.wp.com\/www.24baires.com\/wp-content\/uploads\/2017\/08\/bullrich-testigo-protegido.jpg?resize=525%2C300 1.5x"},"classes":[]},{"id":105398,"url":"http:\/\/www.24baires.com\/?p=105398","url_meta":{"origin":76547,"position":2},"title":"Bullrich descart\u00f3 atentados durante el G-20","author":"AF","date":"12\/11\/2018","format":false,"excerpt":"La ministra de Seguridad dijo que \"no hay razones\" para pensar en esa posibilidad al responder sobre una advertencia de Gran Breta\u00f1a, naci\u00f3n de la cual pidi\u00f3 una retractaci\u00f3n. Tambi\u00e9n habl\u00f3 del operativo para el mi\u00e9rcoles, en ocasi\u00f3n del tratamiento del Presupuesto 2019. La ministra de Seguridad, Patricia Bullrich, aclar\u00f3\u2026","rel":"","context":"En \u00abPol\u00edtica\u00bb","block_context":{"text":"Pol\u00edtica","link":"http:\/\/www.24baires.com\/?cat=51"},"img":{"alt_text":"","src":"https:\/\/i0.wp.com\/www.24baires.com\/wp-content\/uploads\/2017\/09\/bullrich.jpg?resize=350%2C200","width":350,"height":200,"srcset":"https:\/\/i0.wp.com\/www.24baires.com\/wp-content\/uploads\/2017\/09\/bullrich.jpg?resize=350%2C200 1x, https:\/\/i0.wp.com\/www.24baires.com\/wp-content\/uploads\/2017\/09\/bullrich.jpg?resize=525%2C300 1.5x"},"classes":[]},{"id":112257,"url":"http:\/\/www.24baires.com\/?p=112257","url_meta":{"origin":76547,"position":3},"title":"La ministra Bullrich prometi\u00f3 m\u00e1s represi\u00f3n","author":"AF","date":"26\/09\/2019","format":false,"excerpt":"Frente a un auditorio af\u00edn, la funcionaria advirti\u00f3 que si tuviera la oportunidad de otra gesti\u00f3n aplicar\u00eda desde el primer d\u00eda mano dura contra los movimientos sociales, a los cuales, seg\u00fan ella, \"les dejamos demasiado poder\". La ministra de Seguridad, Patricia Bullrich, volvi\u00f3 a reivindicar su pol\u00edtica represiva en un\u2026","rel":"","context":"En \u00abPol\u00edtica\u00bb","block_context":{"text":"Pol\u00edtica","link":"http:\/\/www.24baires.com\/?cat=51"},"img":{"alt_text":"","src":"https:\/\/i0.wp.com\/www.24baires.com\/wp-content\/uploads\/2017\/09\/bullrich.jpg?resize=350%2C200","width":350,"height":200,"srcset":"https:\/\/i0.wp.com\/www.24baires.com\/wp-content\/uploads\/2017\/09\/bullrich.jpg?resize=350%2C200 1x, https:\/\/i0.wp.com\/www.24baires.com\/wp-content\/uploads\/2017\/09\/bullrich.jpg?resize=525%2C300 1.5x"},"classes":[]},{"id":105746,"url":"http:\/\/www.24baires.com\/?p=105746","url_meta":{"origin":76547,"position":4},"title":"Bullrich defendi\u00f3 la doctrina Chocobar","author":"AF","date":"04\/12\/2018","format":false,"excerpt":"La ministra de Seguridad sali\u00f3 al cruce de las cr\u00edticas a la resoluci\u00f3n que habilita a las fuerzas de seguridad a disparar a delincuentes que se encuentran en plena fuga. La ministra de Seguridad de la Naci\u00f3n, Patricia Bullrich, asegur\u00f3 este martes que la pol\u00e9mica resoluci\u00f3n que adopt\u00f3 sobre el\u2026","rel":"","context":"En \u00abSociedad\u00bb","block_context":{"text":"Sociedad","link":"http:\/\/www.24baires.com\/?cat=1"},"img":{"alt_text":"","src":"https:\/\/i0.wp.com\/www.24baires.com\/wp-content\/uploads\/2017\/09\/bullrich.jpg?resize=350%2C200","width":350,"height":200,"srcset":"https:\/\/i0.wp.com\/www.24baires.com\/wp-content\/uploads\/2017\/09\/bullrich.jpg?resize=350%2C200 1x, https:\/\/i0.wp.com\/www.24baires.com\/wp-content\/uploads\/2017\/09\/bullrich.jpg?resize=525%2C300 1.5x"},"classes":[]},{"id":76820,"url":"http:\/\/www.24baires.com\/?p=76820","url_meta":{"origin":76547,"position":5},"title":"Bullrich: \u00abSe controlar\u00e1n fronteras para combatir narcotr\u00e1fico\u00bb","author":"GB","date":"23\/12\/2015","format":false,"excerpt":"La ministra de Seguridad de la Naci\u00f3n asegur\u00f3 que para combatir el narcotr\u00e1fico \"se trabajar\u00e1 muy espec\u00edficamente el control de las fronteras argentinas\" en coordinaci\u00f3n con las provincias. La ministra de Seguridad de la Naci\u00f3n, Patricia Bullrich, sostuvo: \"Vamos a establecer un nivel de coordinaci\u00f3n con las provincias fronterizas donde\u2026","rel":"","context":"En \u00abPol\u00edtica\u00bb","block_context":{"text":"Pol\u00edtica","link":"http:\/\/www.24baires.com\/?cat=51"},"img":{"alt_text":"bullrich conferencia","src":"https:\/\/i0.wp.com\/www.24baires.com\/wp-content\/uploads\/2015\/12\/bullrich-conferencia.jpg?resize=350%2C200","width":350,"height":200,"srcset":"https:\/\/i0.wp.com\/www.24baires.com\/wp-content\/uploads\/2015\/12\/bullrich-conferencia.jpg?resize=350%2C200 1x, https:\/\/i0.wp.com\/www.24baires.com\/wp-content\/uploads\/2015\/12\/bullrich-conferencia.jpg?resize=525%2C300 1.5x"},"classes":[]}],"jetpack_sharing_enabled":true,"jetpack_likes_enabled":true,"jetpack_featured_media_url":"","_links":{"self":[{"href":"http:\/\/www.24baires.com\/index.php?rest_route=\/wp\/v2\/posts\/76547","targetHints":{"allow":["GET"]}}],"collection":[{"href":"http:\/\/www.24baires.com\/index.php?rest_route=\/wp\/v2\/posts"}],"about":[{"href":"http:\/\/www.24baires.com\/index.php?rest_route=\/wp\/v2\/types\/post"}],"author":[{"embeddable":true,"href":"http:\/\/www.24baires.com\/index.php?rest_route=\/wp\/v2\/users\/8"}],"replies":[{"embeddable":true,"href":"http:\/\/www.24baires.com\/index.php?rest_route=%2Fwp%2Fv2%2Fcomments&post=76547"}],"version-history":[{"count":1,"href":"http:\/\/www.24baires.com\/index.php?rest_route=\/wp\/v2\/posts\/76547\/revisions"}],"predecessor-version":[{"id":76549,"href":"http:\/\/www.24baires.com\/index.php?rest_route=\/wp\/v2\/posts\/76547\/revisions\/76549"}],"wp:attachment":[{"href":"http:\/\/www.24baires.com\/index.php?rest_route=%2Fwp%2Fv2%2Fmedia&parent=76547"}],"wp:term":[{"taxonomy":"category","embeddable":true,"href":"http:\/\/www.24baires.com\/index.php?rest_route=%2Fwp%2Fv2%2Fcategories&post=76547"},{"taxonomy":"post_tag","embeddable":true,"href":"http:\/\/www.24baires.com\/index.php?rest_route=%2Fwp%2Fv2%2Ftags&post=76547"}],"curies":[{"name":"wp","href":"https:\/\/api.w.org\/{rel}","templated":true}]}}