{"id":76544,"date":"2015-12-17T16:48:27","date_gmt":"2015-12-17T19:48:27","guid":{"rendered":"http:\/\/www.24baires.com\/?p=76544"},"modified":"2015-12-17T16:48:27","modified_gmt":"2015-12-17T19:48:27","slug":"el-ministro-de-justicia-descarto-echar-a-gils-carbo-por-decreto","status":"publish","type":"post","link":"http:\/\/www.24baires.com\/?p=76544","title":{"rendered":"El ministro de Justicia descart\u00f3 echar a Gils Carb\u00f3 por decreto"},"content":{"rendered":"<p>Germ\u00e1n Garavano neg\u00f3 que haya barajado esa posibilidad para removar a la Procuradora General de la Naci\u00f3n. Anunci\u00f3 que este jueves mantendr\u00e1 una reuni\u00f3n con la funcionaria kirchnerista.<!--more--><\/p>\n<p>El ministro de Justicia, Germ\u00e1n Garavano, neg\u00f3 la posibilidad de remover a la Procuradora General de la Naci\u00f3n, Alejandra Gils Carb\u00f3, de su cargo y anticip\u00f3 que este jueves se reunir\u00e1 con ella para dialogar sobre distintos temas.<\/p>\n<p>\u00abYo nunca hable de decreto para remover a la procuradora. En unas horas me re\u00fano con Gils Carb\u00f3 para hablar distintos temas\u00bb, manifest\u00f3 en comunicaci\u00f3n con Guetap.<br \/>\nEn este sentido, consider\u00f3 que \u00abpor cuestiones t\u00e9cnicas que hacen a esto de la Reforma Procesal Penal ser\u00eda conveniente que diera un paso al costado\u00bb. Y a\u00f1adi\u00f3: \u00abConversaremos con la procuradora. No le voy a pedir nada. Me reunir\u00e9 con ella para saludarla. Simplemente es un saludo protocolar\u00bb.<\/p>\n<p>\u00abCada uno sabr\u00e1 lo que tiene que hacer de acuerdo a sus responsabilidades y de acuerdo al cambio que ha votado la poblaci\u00f3n y de las necesidades que tiene en t\u00e9rminos, sobre todo, de que la Justicia en materia penal comience a dar respuestas\u00bb, complet\u00f3.<\/p>\n","protected":false},"excerpt":{"rendered":"<p>Germ\u00e1n Garavano neg\u00f3 que haya barajado esa posibilidad para removar a la Procuradora General de la Naci\u00f3n. Anunci\u00f3 que este jueves mantendr\u00e1 una reuni\u00f3n con la funcionaria kirchnerista.<\/p>\n","protected":false},"author":8,"featured_media":0,"comment_status":"open","ping_status":"open","sticky":false,"template":"","format":"standard","meta":{"_jetpack_newsletter_access":"","_jetpack_dont_email_post_to_subs":false,"_jetpack_newsletter_tier_id":0,"_jetpack_memberships_contains_paywalled_content":false,"_jetpack_memberships_contains_paid_content":false,"footnotes":""},"categories":[51],"tags":[],"class_list":["post-76544","post","type-post","status-publish","format-standard","hentry","category-politica"],"jetpack_shortlink":"https:\/\/wp.me\/p2JWE0-jUA","jetpack-related-posts":[{"id":98424,"url":"http:\/\/www.24baires.com\/?p=98424","url_meta":{"origin":76544,"position":0},"title":"Gils Carb\u00f3 renunci\u00f3 como procuradora general de la Naci\u00f3n","author":"GB","date":"30\/10\/2017","format":false,"excerpt":"La procuradora general de la Naci\u00f3n, Alejandra Gils Carb\u00f3, renunci\u00f3 hoy a su cargo luego de que desde el Gobierno intentaran removerla a partir de un juicio pol\u00edtico por presunta administraci\u00f3n fraudulenta. La procuradora general de la Naci\u00f3n, Alejandra Gils Carb\u00f3, present\u00f3 su renuncia \"con efectos a partir del 31\u2026","rel":"","context":"En \u00abPol\u00edtica\u00bb","block_context":{"text":"Pol\u00edtica","link":"http:\/\/www.24baires.com\/?cat=51"},"img":{"alt_text":"","src":"https:\/\/i0.wp.com\/www.24baires.com\/wp-content\/uploads\/2013\/07\/gils-carbo-escuela-justicia.jpg?resize=350%2C200","width":350,"height":200,"srcset":"https:\/\/i0.wp.com\/www.24baires.com\/wp-content\/uploads\/2013\/07\/gils-carbo-escuela-justicia.jpg?resize=350%2C200 1x, https:\/\/i0.wp.com\/www.24baires.com\/wp-content\/uploads\/2013\/07\/gils-carbo-escuela-justicia.jpg?resize=525%2C300 1.5x"},"classes":[]},{"id":98566,"url":"http:\/\/www.24baires.com\/?p=98566","url_meta":{"origin":76544,"position":1},"title":"Macri acept\u00f3 la renuncia de Gils Carb\u00f3","author":"GB","date":"06\/11\/2017","format":false,"excerpt":"La decisi\u00f3n del Presidente se public\u00f3 hoy en el Bolet\u00edn Oficial. Desde el inicio de la gesti\u00f3n de Cambiemos en diciembre de 2015, distintos representantes del Gobierno nacional hab\u00edan manifestado su intenci\u00f3n de desplazarla. Acorralada por medidas judiciales, la Procuradora hab\u00eda presentado la renuncia a su cargo. A trav\u00e9s de\u2026","rel":"","context":"En \u00abPol\u00edtica\u00bb","block_context":{"text":"Pol\u00edtica","link":"http:\/\/www.24baires.com\/?cat=51"},"img":{"alt_text":"","src":"https:\/\/i0.wp.com\/www.24baires.com\/wp-content\/uploads\/2017\/04\/macri.jpg?resize=350%2C200","width":350,"height":200,"srcset":"https:\/\/i0.wp.com\/www.24baires.com\/wp-content\/uploads\/2017\/04\/macri.jpg?resize=350%2C200 1x, https:\/\/i0.wp.com\/www.24baires.com\/wp-content\/uploads\/2017\/04\/macri.jpg?resize=525%2C300 1.5x"},"classes":[]},{"id":76450,"url":"http:\/\/www.24baires.com\/?p=76450","url_meta":{"origin":76544,"position":2},"title":"Gils Carb\u00f3 reafirm\u00f3 que seguir\u00e1 en su cargo","author":"GB","date":"15\/12\/2015","format":false,"excerpt":"La procuradora General de la Naci\u00f3n reafirm\u00f3 su decisi\u00f3n de mantenerse en el cargo a pesar de los pronunciamientos de distintos referentes del gobierno nacional que pidieron su renuncia, entre ellos el propio ministro de Justicia Germ\u00e1n Garavano En este sentido, la procuradora explic\u00f3 que los cuestionamientos del gobierno nacional\u2026","rel":"","context":"En \u00abPol\u00edtica\u00bb","block_context":{"text":"Pol\u00edtica","link":"http:\/\/www.24baires.com\/?cat=51"},"img":{"alt_text":"gils cabr\u00f3","src":"https:\/\/i0.wp.com\/www.24baires.com\/wp-content\/uploads\/2013\/02\/gils-cabr%C3%B3.jpg?resize=350%2C200","width":350,"height":200,"srcset":"https:\/\/i0.wp.com\/www.24baires.com\/wp-content\/uploads\/2013\/02\/gils-cabr%C3%B3.jpg?resize=350%2C200 1x, https:\/\/i0.wp.com\/www.24baires.com\/wp-content\/uploads\/2013\/02\/gils-cabr%C3%B3.jpg?resize=525%2C300 1.5x"},"classes":[]},{"id":95267,"url":"http:\/\/www.24baires.com\/?p=95267","url_meta":{"origin":76544,"position":3},"title":"Garavano asegura que la informaci\u00f3n sobre Odebrecht \u00abse demora de un modo vergonzoso\u00bb","author":"AF","date":"17\/06\/2017","format":false,"excerpt":"Garavano volvi\u00f3 a criticar, como ya lo ha hecho en otras oportunidades, a la procuradora general, Alejandra Gils Carb\u00f3. El ministro de Justicia de la Naci\u00f3n, Germ\u00e1n Garavano, se refiri\u00f3 hoy al caso Odebrecht y su cap\u00edtulo argentino al considerar que \"se est\u00e1 demorando de un modo vergonzoso\" la llegada\u2026","rel":"","context":"En \u00abJUDICIALES\u00bb","block_context":{"text":"JUDICIALES","link":"http:\/\/www.24baires.com\/?cat=68"},"img":{"alt_text":"","src":"https:\/\/i0.wp.com\/www.24baires.com\/wp-content\/uploads\/2015\/12\/garavano.jpg?resize=350%2C200","width":350,"height":200,"srcset":"https:\/\/i0.wp.com\/www.24baires.com\/wp-content\/uploads\/2015\/12\/garavano.jpg?resize=350%2C200 1x, https:\/\/i0.wp.com\/www.24baires.com\/wp-content\/uploads\/2015\/12\/garavano.jpg?resize=525%2C300 1.5x"},"classes":[]},{"id":75878,"url":"http:\/\/www.24baires.com\/?p=75878","url_meta":{"origin":76544,"position":4},"title":"Zaffaroni descart\u00f3 la posibilidad de que remuevan a Gils Carb\u00f3","author":"AF","date":"02\/12\/2015","format":false,"excerpt":"El juez de la Corte Interamericana, Eugenio Zaffaroni, asegur\u00f3 que la Procuradora General, Alejandra Gils Carb\u00f3, \"tiene las mismas garant\u00edas\" que los ministros del Alto Tribunal por lo que s\u00f3lo se podr\u00eda remover mediante un \"juicio pol\u00edtico\". \"La Dra. Gils Carb\u00f3 es la Procuradora General de la Naci\u00f3n, tiene las\u2026","rel":"","context":"En \u00abJUDICIALES\u00bb","block_context":{"text":"JUDICIALES","link":"http:\/\/www.24baires.com\/?cat=68"},"img":{"alt_text":"zaffaroni3","src":"https:\/\/i0.wp.com\/www.24baires.com\/wp-content\/uploads\/2013\/04\/zaffaroni3.png?resize=350%2C200","width":350,"height":200,"srcset":"https:\/\/i0.wp.com\/www.24baires.com\/wp-content\/uploads\/2013\/04\/zaffaroni3.png?resize=350%2C200 1x, https:\/\/i0.wp.com\/www.24baires.com\/wp-content\/uploads\/2013\/04\/zaffaroni3.png?resize=525%2C300 1.5x"},"classes":[]},{"id":98194,"url":"http:\/\/www.24baires.com\/?p=98194","url_meta":{"origin":76544,"position":5},"title":"Pol\u00e9mico fallo hablita al Gobierno a echar por decreto a Gils Carb\u00f3","author":"GB","date":"20\/10\/2017","format":false,"excerpt":"Un pol\u00e9mico fallo hablita al Gobierno a echar por decreto a Gils Carb\u00f3 Un juez en lo Contencioso Administrativo aval\u00f3 la remoci\u00f3n de la procuradora general de la Naci\u00f3n, Alejandra Gils Carb\u00f3, sin necesidad de recurrir al mecanismo del juicio pol\u00edtico. De esta manera, habilit\u00f3 al gobierno de Mauricio Macri\u2026","rel":"","context":"En \u00abPol\u00edtica\u00bb","block_context":{"text":"Pol\u00edtica","link":"http:\/\/www.24baires.com\/?cat=51"},"img":{"alt_text":"","src":"https:\/\/i0.wp.com\/www.24baires.com\/wp-content\/uploads\/2012\/11\/gils_carbo_senado_070812_12_ef_47659.jpg?resize=350%2C200","width":350,"height":200,"srcset":"https:\/\/i0.wp.com\/www.24baires.com\/wp-content\/uploads\/2012\/11\/gils_carbo_senado_070812_12_ef_47659.jpg?resize=350%2C200 1x, https:\/\/i0.wp.com\/www.24baires.com\/wp-content\/uploads\/2012\/11\/gils_carbo_senado_070812_12_ef_47659.jpg?resize=525%2C300 1.5x"},"classes":[]}],"jetpack_sharing_enabled":true,"jetpack_likes_enabled":true,"jetpack_featured_media_url":"","_links":{"self":[{"href":"http:\/\/www.24baires.com\/index.php?rest_route=\/wp\/v2\/posts\/76544","targetHints":{"allow":["GET"]}}],"collection":[{"href":"http:\/\/www.24baires.com\/index.php?rest_route=\/wp\/v2\/posts"}],"about":[{"href":"http:\/\/www.24baires.com\/index.php?rest_route=\/wp\/v2\/types\/post"}],"author":[{"embeddable":true,"href":"http:\/\/www.24baires.com\/index.php?rest_route=\/wp\/v2\/users\/8"}],"replies":[{"embeddable":true,"href":"http:\/\/www.24baires.com\/index.php?rest_route=%2Fwp%2Fv2%2Fcomments&post=76544"}],"version-history":[{"count":1,"href":"http:\/\/www.24baires.com\/index.php?rest_route=\/wp\/v2\/posts\/76544\/revisions"}],"predecessor-version":[{"id":76545,"href":"http:\/\/www.24baires.com\/index.php?rest_route=\/wp\/v2\/posts\/76544\/revisions\/76545"}],"wp:attachment":[{"href":"http:\/\/www.24baires.com\/index.php?rest_route=%2Fwp%2Fv2%2Fmedia&parent=76544"}],"wp:term":[{"taxonomy":"category","embeddable":true,"href":"http:\/\/www.24baires.com\/index.php?rest_route=%2Fwp%2Fv2%2Fcategories&post=76544"},{"taxonomy":"post_tag","embeddable":true,"href":"http:\/\/www.24baires.com\/index.php?rest_route=%2Fwp%2Fv2%2Ftags&post=76544"}],"curies":[{"name":"wp","href":"https:\/\/api.w.org\/{rel}","templated":true}]}}