{"id":76535,"date":"2015-12-17T13:00:06","date_gmt":"2015-12-17T16:00:06","guid":{"rendered":"http:\/\/www.24baires.com\/?p=76535"},"modified":"2015-12-17T13:19:49","modified_gmt":"2015-12-17T16:19:49","slug":"macri-recibio-en-la-rosada-a-la-cupula-de-la-iglesia","status":"publish","type":"post","link":"http:\/\/www.24baires.com\/?p=76535","title":{"rendered":"Macri recibi\u00f3 en la Rosada a la c\u00fapula de la Iglesia"},"content":{"rendered":"<p><img data-recalc-dims=\"1\" loading=\"lazy\" decoding=\"async\" src=\"https:\/\/i0.wp.com\/www.24baires.com\/wp-content\/uploads\/2015\/12\/macri-rivadavia.jpg?resize=560%2C315\" alt=\"macri rivadavia\" width=\"560\" height=\"315\" class=\"aligncenter size-full wp-image-76310\" srcset=\"https:\/\/i0.wp.com\/www.24baires.com\/wp-content\/uploads\/2015\/12\/macri-rivadavia.jpg?w=560 560w, https:\/\/i0.wp.com\/www.24baires.com\/wp-content\/uploads\/2015\/12\/macri-rivadavia.jpg?resize=300%2C169 300w\" sizes=\"auto, (max-width: 560px) 100vw, 560px\" \/>El presidente Mauricio Macri recibi\u00f3 hoy en su despacho de la Casa Rosada a la c\u00fapula de la Iglesia, encabezada por el titular de Comisi\u00f3n Ejecutiva de la Conferencia Episcopal Argentina, monse\u00f1or Jos\u00e9 Mar\u00eda Arancedo, y el Arzobispo de Buenos Aires, cardenal Mario Poli.<!--more--><\/p>\n<p>En su primer encuentro como Jefe de Estado con las autoridades eclesi\u00e1sticas, Macri estuvo acompa\u00f1ado por el jefe de Gabinete, Marcos Pe\u00f1a y Santiago Estrada, quien fue designado como nuevo secretario de Culto.<\/p>\n<p>M\u00e1s all\u00e1 del encuentro protocolar, la Iglesia manifest\u00f3 su inter\u00e9s para que la lucha contra el narcotr\u00e1fico en una de sus principales pol\u00edticas de Estado.<\/p>\n<p>El combate a la venta de drogas fue uno de los tres ejes sobre los que bas\u00f3 su discurso de campa\u00f1a el candidato de Cambiemos, adem\u00e1s de \u00abpobreza cero\u00bb y la \u00abuni\u00f3n de los argentinos\u00bb.<\/p>\n","protected":false},"excerpt":{"rendered":"<p>El presidente Mauricio Macri recibi\u00f3 hoy en su despacho de la Casa Rosada a la c\u00fapula de la Iglesia, encabezada por el titular de Comisi\u00f3n Ejecutiva de la Conferencia Episcopal Argentina, monse\u00f1or Jos\u00e9 Mar\u00eda Arancedo, y el Arzobispo de Buenos Aires, cardenal Mario Poli.<\/p>\n","protected":false},"author":4,"featured_media":0,"comment_status":"open","ping_status":"open","sticky":false,"template":"","format":"standard","meta":{"_jetpack_newsletter_access":"","_jetpack_dont_email_post_to_subs":false,"_jetpack_newsletter_tier_id":0,"_jetpack_memberships_contains_paywalled_content":false,"_jetpack_memberships_contains_paid_content":false,"footnotes":""},"categories":[51],"tags":[],"class_list":["post-76535","post","type-post","status-publish","format-standard","hentry","category-politica"],"jetpack_shortlink":"https:\/\/wp.me\/p2JWE0-jUr","jetpack-related-posts":[{"id":113293,"url":"http:\/\/www.24baires.com\/?p=113293","url_meta":{"origin":76535,"position":0},"title":"Macri y Alberto asistir\u00e1n a la Misa por la Unidad en Luj\u00e1n","author":"AF","date":"07\/12\/2019","format":false,"excerpt":"El presidente electo tambi\u00e9n estar\u00e1 acompa\u00f1ado por el futuro Secretario de Culto Guillermo Oliveri. Vidal, Michetti y Rodr\u00edguez Larreta estar\u00e1n junto a Macri. A dos d\u00edas del cambio de gobierno, el presidente Mauricio Macri y el mandatario electo Alberto Fern\u00e1ndez compartir\u00e1n este domingo una misa por la \"unidad y la\u2026","rel":"","context":"En \u00abPol\u00edtica\u00bb","block_context":{"text":"Pol\u00edtica","link":"http:\/\/www.24baires.com\/?cat=51"},"img":{"alt_text":"","src":"https:\/\/i0.wp.com\/www.24baires.com\/wp-content\/uploads\/2019\/08\/fern%C3%A1ndez-alberto-macri.jpg?resize=350%2C200","width":350,"height":200,"srcset":"https:\/\/i0.wp.com\/www.24baires.com\/wp-content\/uploads\/2019\/08\/fern%C3%A1ndez-alberto-macri.jpg?resize=350%2C200 1x, https:\/\/i0.wp.com\/www.24baires.com\/wp-content\/uploads\/2019\/08\/fern%C3%A1ndez-alberto-macri.jpg?resize=525%2C300 1.5x"},"classes":[]},{"id":101004,"url":"http:\/\/www.24baires.com\/?p=101004","url_meta":{"origin":76535,"position":1},"title":"El Gobierno recibi\u00f3 a la c\u00fapula de la UIA","author":"AF","date":"12\/03\/2018","format":false,"excerpt":"Tras el encuentro de este mediod\u00eda, el presidente de la UIA, Miguel Acevedo, advirti\u00f3 que por m\u00e1s sinton\u00eda personal que haya entre el Gobierno y los empresarios no tiene la capacidad de contener todos los reclamos. El Gobierno, por su parte, pidi\u00f3 que las cr\u00edticas se hagan en el \u00e1mbito\u2026","rel":"","context":"En \u00abPol\u00edtica\u00bb","block_context":{"text":"Pol\u00edtica","link":"http:\/\/www.24baires.com\/?cat=51"},"img":{"alt_text":"","src":"https:\/\/i0.wp.com\/www.24baires.com\/wp-content\/uploads\/2018\/03\/uia-gobierno.jpg?resize=350%2C200","width":350,"height":200,"srcset":"https:\/\/i0.wp.com\/www.24baires.com\/wp-content\/uploads\/2018\/03\/uia-gobierno.jpg?resize=350%2C200 1x, https:\/\/i0.wp.com\/www.24baires.com\/wp-content\/uploads\/2018\/03\/uia-gobierno.jpg?resize=525%2C300 1.5x"},"classes":[]},{"id":95602,"url":"http:\/\/www.24baires.com\/?p=95602","url_meta":{"origin":76535,"position":2},"title":"Macri rinde homenaje a los polic\u00edas ca\u00eddos","author":"AF","date":"03\/07\/2017","format":false,"excerpt":"El presidente Mauricio Macri encabezar\u00e1 este lunes un homenaje a polic\u00edas federales ca\u00eddos en cumplimiento del deber, en una ceremonia de la que participar\u00e1n tambi\u00e9n la ministra de Seguridad, Patricia Bullrich, la c\u00fapula policial y familiares de uniformados. El presidente Mauricio Macri encabezar\u00e1 este lunes un homenaje a polic\u00edas federales\u2026","rel":"","context":"En \u00abPol\u00edtica\u00bb","block_context":{"text":"Pol\u00edtica","link":"http:\/\/www.24baires.com\/?cat=51"},"img":{"alt_text":"","src":"https:\/\/i0.wp.com\/www.24baires.com\/wp-content\/uploads\/2017\/06\/macri-rosario.jpg?resize=350%2C200","width":350,"height":200,"srcset":"https:\/\/i0.wp.com\/www.24baires.com\/wp-content\/uploads\/2017\/06\/macri-rosario.jpg?resize=350%2C200 1x, https:\/\/i0.wp.com\/www.24baires.com\/wp-content\/uploads\/2017\/06\/macri-rosario.jpg?resize=525%2C300 1.5x"},"classes":[]},{"id":107485,"url":"http:\/\/www.24baires.com\/?p=107485","url_meta":{"origin":76535,"position":3},"title":"Macri convoc\u00f3 a los radicales a reunirse en Casa Rosada de cara a las elecciones","author":"AF","date":"02\/04\/2019","format":false,"excerpt":"El Presidente cit\u00f3 a la plana mayor de la UCR para la pr\u00f3xima semana. Asistir\u00e1n los gobernadores Cornejo, Morales y Vald\u00e9s, entre otros. Fuentes del Comit\u00e9 Nacional desmintieron que les hayan ofrecido la candidatura a vicepresidente. Atravesado por la crisis econ\u00f3mica y necesitado de mostrar fortaleza y unidad en el\u2026","rel":"","context":"En \u00abPol\u00edtica\u00bb","block_context":{"text":"Pol\u00edtica","link":"http:\/\/www.24baires.com\/?cat=51"},"img":{"alt_text":"","src":"https:\/\/i0.wp.com\/www.24baires.com\/wp-content\/uploads\/2019\/04\/macri.jpg?resize=350%2C200","width":350,"height":200,"srcset":"https:\/\/i0.wp.com\/www.24baires.com\/wp-content\/uploads\/2019\/04\/macri.jpg?resize=350%2C200 1x, https:\/\/i0.wp.com\/www.24baires.com\/wp-content\/uploads\/2019\/04\/macri.jpg?resize=525%2C300 1.5x"},"classes":[]},{"id":104283,"url":"http:\/\/www.24baires.com\/?p=104283","url_meta":{"origin":76535,"position":4},"title":"Macri busc\u00f3 consagrarse entre representantes de la Uni\u00f3n Industrial Argentina","author":"AF","date":"04\/09\/2018","format":false,"excerpt":"Un d\u00eda despu\u00e9s del anuncio del paquete econ\u00f3mico con el que intenta parar la corrida cambiaria y sacar al Gobierno de la crisis en la que se encuentra, Mauricio Macri habl\u00f3 ante los industriales en el acto de cierre de la Conferencia Anual de la Uni\u00f3n Industrial Argentina (UIA). Ante\u2026","rel":"","context":"En \u00abPol\u00edtica\u00bb","block_context":{"text":"Pol\u00edtica","link":"http:\/\/www.24baires.com\/?cat=51"},"img":{"alt_text":"","src":"","width":0,"height":0},"classes":[]},{"id":113777,"url":"http:\/\/www.24baires.com\/?p=113777","url_meta":{"origin":76535,"position":5},"title":"Los organismos de DDHH volvieron a ser recibidos en Casa Rosada","author":"AF","date":"13\/01\/2020","format":false,"excerpt":"Alberto Fern\u00e1ndez ratific\u00f3 su admiraci\u00f3n por la lucha de Madres, Abuelas e HIJOS y asegur\u00f3 que siempre tendr\u00e1n abiertas las puertas de la sede del Ejecutivo. El presidente Alberto Fern\u00e1ndez recibi\u00f3 este lunes en Casa Rosada a referentes de los organismos de Derechos Humanos. Tras el encuentro el mandatario destac\u00f3\u2026","rel":"","context":"En \u00abSociedad\u00bb","block_context":{"text":"Sociedad","link":"http:\/\/www.24baires.com\/?cat=1"},"img":{"alt_text":"","src":"https:\/\/i0.wp.com\/www.24baires.com\/wp-content\/uploads\/2020\/01\/0037302838-300x225.jpg?resize=350%2C200","width":350,"height":200},"classes":[]}],"jetpack_sharing_enabled":true,"jetpack_likes_enabled":true,"jetpack_featured_media_url":"","_links":{"self":[{"href":"http:\/\/www.24baires.com\/index.php?rest_route=\/wp\/v2\/posts\/76535","targetHints":{"allow":["GET"]}}],"collection":[{"href":"http:\/\/www.24baires.com\/index.php?rest_route=\/wp\/v2\/posts"}],"about":[{"href":"http:\/\/www.24baires.com\/index.php?rest_route=\/wp\/v2\/types\/post"}],"author":[{"embeddable":true,"href":"http:\/\/www.24baires.com\/index.php?rest_route=\/wp\/v2\/users\/4"}],"replies":[{"embeddable":true,"href":"http:\/\/www.24baires.com\/index.php?rest_route=%2Fwp%2Fv2%2Fcomments&post=76535"}],"version-history":[{"count":1,"href":"http:\/\/www.24baires.com\/index.php?rest_route=\/wp\/v2\/posts\/76535\/revisions"}],"predecessor-version":[{"id":76536,"href":"http:\/\/www.24baires.com\/index.php?rest_route=\/wp\/v2\/posts\/76535\/revisions\/76536"}],"wp:attachment":[{"href":"http:\/\/www.24baires.com\/index.php?rest_route=%2Fwp%2Fv2%2Fmedia&parent=76535"}],"wp:term":[{"taxonomy":"category","embeddable":true,"href":"http:\/\/www.24baires.com\/index.php?rest_route=%2Fwp%2Fv2%2Fcategories&post=76535"},{"taxonomy":"post_tag","embeddable":true,"href":"http:\/\/www.24baires.com\/index.php?rest_route=%2Fwp%2Fv2%2Ftags&post=76535"}],"curies":[{"name":"wp","href":"https:\/\/api.w.org\/{rel}","templated":true}]}}