{"id":76509,"date":"2015-12-16T21:13:45","date_gmt":"2015-12-17T00:13:45","guid":{"rendered":"http:\/\/www.24baires.com\/?p=76509"},"modified":"2015-12-17T11:14:54","modified_gmt":"2015-12-17T14:14:54","slug":"macri-y-lorenzetti-y-postergaron-la-asuncion-de-los-dos-jueces-de-la-corte","status":"publish","type":"post","link":"http:\/\/www.24baires.com\/?p=76509","title":{"rendered":"Macri y Lorenzetti postergaron la asunci\u00f3n de los dos jueces de la Corte"},"content":{"rendered":"<p><img data-recalc-dims=\"1\" loading=\"lazy\" decoding=\"async\" src=\"https:\/\/i0.wp.com\/www.24baires.com\/wp-content\/uploads\/2015\/12\/macri-lorenzetti.jpg?resize=560%2C359\" alt=\"macri lorenzetti\" width=\"560\" height=\"359\" class=\"aligncenter size-full wp-image-76515\" srcset=\"https:\/\/i0.wp.com\/www.24baires.com\/wp-content\/uploads\/2015\/12\/macri-lorenzetti.jpg?w=560 560w, https:\/\/i0.wp.com\/www.24baires.com\/wp-content\/uploads\/2015\/12\/macri-lorenzetti.jpg?resize=300%2C192 300w\" sizes=\"auto, (max-width: 560px) 100vw, 560px\" \/>El mandatario se junt\u00f3 con el Presidente de la Corte Suprema en la Rosada. Resolvieron que Rosatti y Rosencrantz asuman en febrero.<!--more--><\/p>\n<p>El presidente Mauricio Macri se reuni\u00f3 hoy con el titular de la Corte Suprema, Ricardo Lorenzetti, en la Casa Rosada, y ambos coincidieron en que los designados ministros del alto tribunal en comisi\u00f3n, Horacio Rosatti y Carlos Rosencrantz asuman en su cargo en febrero de 2016.<\/p>\n<p>Durante el encuentro que se realiz\u00f3 este mediod\u00eda, Macri y Lorenzetti resolvieron que Rosatti y Rosencrantz \u00abasuman en febrero, despu\u00e9s de la feria judicial\u00bb, para instrumentar las \u00abexigencias del decreto\u00bb por el que fueron nombrados ambos, informaron a DyN fuentes de la Casa Rosada.<\/p>\n","protected":false},"excerpt":{"rendered":"<p>El mandatario se junt\u00f3 con el Presidente de la Corte Suprema en la Rosada. Resolvieron que Rosatti y Rosencrantz asuman en febrero.<\/p>\n","protected":false},"author":8,"featured_media":0,"comment_status":"open","ping_status":"open","sticky":false,"template":"","format":"standard","meta":{"_jetpack_newsletter_access":"","_jetpack_dont_email_post_to_subs":false,"_jetpack_newsletter_tier_id":0,"_jetpack_memberships_contains_paywalled_content":false,"_jetpack_memberships_contains_paid_content":false,"footnotes":""},"categories":[51],"tags":[],"class_list":["post-76509","post","type-post","status-publish","format-standard","hentry","category-politica"],"jetpack_shortlink":"https:\/\/wp.me\/p2JWE0-jU1","jetpack-related-posts":[{"id":105619,"url":"http:\/\/www.24baires.com\/?p=105619","url_meta":{"origin":76509,"position":0},"title":"La Corte Suprema define si los jueces pagan o no Ganancias","author":"GB","date":"27\/11\/2018","format":false,"excerpt":"Se aguarda que tres de los cinco integrantes del m\u00e1ximo tribunal voten a favor del pago. En 2018, AFIP perdi\u00f3 m\u00e1s de $ 6.900 millones por la exenci\u00f3n de ingresos a magistrados y funcionarios del Poder Judicial. En un mes de fuertes definiciones por parte de la Corte Suprema de\u2026","rel":"","context":"En \u00abPol\u00edtica\u00bb","block_context":{"text":"Pol\u00edtica","link":"http:\/\/www.24baires.com\/?cat=51"},"img":{"alt_text":"","src":"https:\/\/i0.wp.com\/www.24baires.com\/wp-content\/uploads\/2016\/08\/corte-suprema1.jpg?resize=350%2C200","width":350,"height":200,"srcset":"https:\/\/i0.wp.com\/www.24baires.com\/wp-content\/uploads\/2016\/08\/corte-suprema1.jpg?resize=350%2C200 1x, https:\/\/i0.wp.com\/www.24baires.com\/wp-content\/uploads\/2016\/08\/corte-suprema1.jpg?resize=525%2C300 1.5x"},"classes":[]},{"id":104400,"url":"http:\/\/www.24baires.com\/?p=104400","url_meta":{"origin":76509,"position":1},"title":"Lorenzetti dejar\u00e1 la presidencia de la Corte Suprema y lo reemplazar\u00e1 Rosenkrantz","author":"AF","date":"11\/09\/2018","format":false,"excerpt":"El juez ocupaba ese cargo desde enero de 2007. Lo reemplazar\u00eda Carlos Rosenkrantz. El cambio se har\u00e1 efectivo a partir del 1\u00b0 de octubre pr\u00f3ximo. Luego de 11 a\u00f1os Ricardo Lorenzetti dejar\u00e1 de ser el presidente de la Corte Suprema de Justicia. Su alejamiento del cargo se har\u00e1 efectivo el\u2026","rel":"","context":"En \u00abJUDICIALES\u00bb","block_context":{"text":"JUDICIALES","link":"http:\/\/www.24baires.com\/?cat=68"},"img":{"alt_text":"","src":"https:\/\/i0.wp.com\/www.24baires.com\/wp-content\/uploads\/2012\/10\/lorenzetti-corte-suprema.jpg?resize=350%2C200","width":350,"height":200,"srcset":"https:\/\/i0.wp.com\/www.24baires.com\/wp-content\/uploads\/2012\/10\/lorenzetti-corte-suprema.jpg?resize=350%2C200 1x, https:\/\/i0.wp.com\/www.24baires.com\/wp-content\/uploads\/2012\/10\/lorenzetti-corte-suprema.jpg?resize=525%2C300 1.5x"},"classes":[]},{"id":119784,"url":"http:\/\/www.24baires.com\/?p=119784","url_meta":{"origin":76509,"position":2},"title":"Diputados aprob\u00f3 la admisibilidad al juicio pol\u00edtico a los miembros de la Corte Suprema","author":"AF","date":"09\/02\/2023","format":false,"excerpt":"El Frente de Todos, con 16 votos, se impuso en la votaci\u00f3n que permitir\u00e1 avanzar hacia la apertura del sumario para acumular las pruebas que sostengan la acusaci\u00f3n contra los magistrados Horacio Rosatti, Carlos Rosenkrantz, Juan Carlos Maqueda y Ricardo Lorenzetti. El Frente de Todos (FdT) consigui\u00f3 este jueves aprobar\u2026","rel":"","context":"En \u00abPol\u00edtica\u00bb","block_context":{"text":"Pol\u00edtica","link":"http:\/\/www.24baires.com\/?cat=51"},"img":{"alt_text":"","src":"https:\/\/i0.wp.com\/www.24baires.com\/wp-content\/uploads\/2023\/02\/Diputados-AproboAdmisibJuicioPolitico-696x451-1.jpg?resize=350%2C200","width":350,"height":200,"srcset":"https:\/\/i0.wp.com\/www.24baires.com\/wp-content\/uploads\/2023\/02\/Diputados-AproboAdmisibJuicioPolitico-696x451-1.jpg?resize=350%2C200 1x, https:\/\/i0.wp.com\/www.24baires.com\/wp-content\/uploads\/2023\/02\/Diputados-AproboAdmisibJuicioPolitico-696x451-1.jpg?resize=525%2C300 1.5x"},"classes":[]},{"id":105180,"url":"http:\/\/www.24baires.com\/?p=105180","url_meta":{"origin":76509,"position":3},"title":"Revocaron la prisi\u00f3n domiciliaria de Etchecolatz","author":"AF","date":"30\/10\/2018","format":false,"excerpt":"La Corte Suprema lo resolvi\u00f3 hoy, remitiendo al precedente \u201cBerg\u00e9s\u201d. La Corte Suprema de Justicia de la Naci\u00f3n revoc\u00f3 este martes, por mayor\u00eda, la prisi\u00f3n domiciliaria que hab\u00eda sido concedida a Miguel Etchecolatz en dos causas por delitos de lesa humanidad. Las resoluciones fueron firmadas por los jueces Highton de\u2026","rel":"","context":"En \u00abJUDICIALES\u00bb","block_context":{"text":"JUDICIALES","link":"http:\/\/www.24baires.com\/?cat=68"},"img":{"alt_text":"","src":"https:\/\/i0.wp.com\/www.24baires.com\/wp-content\/uploads\/2014\/02\/etchecolatz.jpg?resize=350%2C200","width":350,"height":200,"srcset":"https:\/\/i0.wp.com\/www.24baires.com\/wp-content\/uploads\/2014\/02\/etchecolatz.jpg?resize=350%2C200 1x, https:\/\/i0.wp.com\/www.24baires.com\/wp-content\/uploads\/2014\/02\/etchecolatz.jpg?resize=525%2C300 1.5x"},"classes":[]},{"id":105742,"url":"http:\/\/www.24baires.com\/?p=105742","url_meta":{"origin":76509,"position":4},"title":"La Corte Suprema anul\u00f3 el beneficio del 2&#215;1 para genocidas","author":"GB","date":"04\/12\/2018","format":false,"excerpt":"En medio de una nueva pol\u00e9mica ligada a los Derechos Humanos, la Corte Suprema anul\u00f3 el fallo del 2x1 que beneficiaba con reducci\u00f3n de penas para condenados por delitos de lesa humanidad. Finalmente, la Corte Suprema de Justicia decidi\u00f3 fallar en contra del beneficio del 2x1 para los condenados por\u2026","rel":"","context":"En \u00abMemoria\u00bb","block_context":{"text":"Memoria","link":"http:\/\/www.24baires.com\/?cat=50"},"img":{"alt_text":"","src":"https:\/\/i0.wp.com\/www.24baires.com\/wp-content\/uploads\/2017\/05\/corte-suprema.jpg?resize=350%2C200","width":350,"height":200,"srcset":"https:\/\/i0.wp.com\/www.24baires.com\/wp-content\/uploads\/2017\/05\/corte-suprema.jpg?resize=350%2C200 1x, https:\/\/i0.wp.com\/www.24baires.com\/wp-content\/uploads\/2017\/05\/corte-suprema.jpg?resize=525%2C300 1.5x"},"classes":[]},{"id":119112,"url":"http:\/\/www.24baires.com\/?p=119112","url_meta":{"origin":76509,"position":5},"title":"La carta completa de Cristina Kirchner sobre la Corte Suprema","author":"AF","date":"18\/07\/2022","format":false,"excerpt":"La Corte ejemplar: En el a\u00f1o 2003, a pocos d\u00edas de asumir y ante la amenaza p\u00fablica de dolarizar la econom\u00eda formulada por el presidente de la Suprema Corte de Justicia de aquel entonces\u2026 El presidente N\u00e9stor Kirchner se dirigi\u00f3 al pa\u00eds por cadena nacional anunciando que enviar\u00eda a la\u2026","rel":"","context":"En \u00abPol\u00edtica\u00bb","block_context":{"text":"Pol\u00edtica","link":"http:\/\/www.24baires.com\/?cat=51"},"img":{"alt_text":"","src":"https:\/\/i0.wp.com\/www.24baires.com\/wp-content\/uploads\/2022\/07\/589138-whatsapp-20image-202022-07-18-20at-205-08-45-20pm-0.jpeg?resize=350%2C200","width":350,"height":200},"classes":[]}],"jetpack_sharing_enabled":true,"jetpack_likes_enabled":true,"jetpack_featured_media_url":"","_links":{"self":[{"href":"http:\/\/www.24baires.com\/index.php?rest_route=\/wp\/v2\/posts\/76509","targetHints":{"allow":["GET"]}}],"collection":[{"href":"http:\/\/www.24baires.com\/index.php?rest_route=\/wp\/v2\/posts"}],"about":[{"href":"http:\/\/www.24baires.com\/index.php?rest_route=\/wp\/v2\/types\/post"}],"author":[{"embeddable":true,"href":"http:\/\/www.24baires.com\/index.php?rest_route=\/wp\/v2\/users\/8"}],"replies":[{"embeddable":true,"href":"http:\/\/www.24baires.com\/index.php?rest_route=%2Fwp%2Fv2%2Fcomments&post=76509"}],"version-history":[{"count":3,"href":"http:\/\/www.24baires.com\/index.php?rest_route=\/wp\/v2\/posts\/76509\/revisions"}],"predecessor-version":[{"id":76516,"href":"http:\/\/www.24baires.com\/index.php?rest_route=\/wp\/v2\/posts\/76509\/revisions\/76516"}],"wp:attachment":[{"href":"http:\/\/www.24baires.com\/index.php?rest_route=%2Fwp%2Fv2%2Fmedia&parent=76509"}],"wp:term":[{"taxonomy":"category","embeddable":true,"href":"http:\/\/www.24baires.com\/index.php?rest_route=%2Fwp%2Fv2%2Fcategories&post=76509"},{"taxonomy":"post_tag","embeddable":true,"href":"http:\/\/www.24baires.com\/index.php?rest_route=%2Fwp%2Fv2%2Ftags&post=76509"}],"curies":[{"name":"wp","href":"https:\/\/api.w.org\/{rel}","templated":true}]}}