{"id":76486,"date":"2015-12-16T16:54:54","date_gmt":"2015-12-16T19:54:54","guid":{"rendered":"http:\/\/www.24baires.com\/?p=76486"},"modified":"2015-12-16T16:54:54","modified_gmt":"2015-12-16T19:54:54","slug":"ratifican-que-el-subsidio-en-el-servicio-electrico-sera-solo-para-usuarios-de-menores-ingresos","status":"publish","type":"post","link":"http:\/\/www.24baires.com\/?p=76486","title":{"rendered":"Ratifican que el subsidio en el servicio el\u00e9ctrico ser\u00e1 s\u00f3lo para usuarios de menores ingresos"},"content":{"rendered":"<p>El ministro de Energ\u00eda especific\u00f3 que para identificar los sectores de bajos ingresos se est\u00e1n cruzando datos de la Anses y la AFIP, y precis\u00f3 que la emergencia el\u00e9ctrica incluye acciones de educaci\u00f3n y comunicaci\u00f3n.<!--more--><\/p>\n<p>El ministro de Energ\u00eda, Juan Jos\u00e9 Aranguren, ratific\u00f3 que s\u00f3lo se subsidiar\u00e1 la electricidad a sectores de bajos ingresos, para lo cual se est\u00e1n cruzando bases de datos de la Anses y la AFIP, y precis\u00f3 que la emergencia energ\u00e9tica que se establecer\u00e1 para 2016 y 2017 incluye acciones de educaci\u00f3n y comunicaci\u00f3n para promover un \u201cuso racional y eficiente\u201d por parte de los consumidores.<\/p>\n<p>Aranguren dijo a radio Mitre que, en materia de cortes de suministro, la meta es llegar en los pr\u00f3ximos dos a\u00f1os a \u201cun d\u00edgito, en cuanto a cantidad de horas por a\u00f1o\u201d, que es el nivel de Am\u00e9rica Latina, salvo dos excepciones.<\/p>\n<p>El ministro record\u00f3 que en 2003 esa duraci\u00f3n de los cortes promedio era de 6 horas por usuario por a\u00f1o, mientras que en 2014 esa interrupci\u00f3n fue de 33 horas.<\/p>\n<p>La necesidad de realizar inversiones y de mantener una parte de los subsidios fue corroborada por centros de estudios (como la Fundaci\u00f3n para el Desarrollo El\u00e9ctrico), acad\u00e9micos (como V\u00edctor Bronstein, de la UBA) y voceros sindicales (como Jos\u00e9 Rigane, de la Federaci\u00f3n de Trabajadores de la Energ\u00eda).<\/p>\n<p>El problema m\u00e1s serio del sector \u201cest\u00e1 en la distribuci\u00f3n\u00bb, dijo Aranguren, \u201cque carece de la inversi\u00f3n necesaria para poder brindar el servicio en la calidad que requieren nuestros usuarios\u00bb.<\/p>\n<p>El ministro precis\u00f3 que el Estado nacional regula s\u00f3lo a las empresas del \u00e1rea metropolitana, Edenor y Edesur, y se\u00f1al\u00f3 que es \u201cen la zona sur del Gran Buenos Aires donde el sistema es antiguo y requiere un mantenimiento mayor que en la parte norte\u201d.<\/p>\n<p>Por su parte, Oscar Dores, director de Fundelec, tambi\u00e9n situ\u00f3 la crisis en la distribuci\u00f3n el\u00e9ctrica en el \u00e1rea Metropolitana, y la atribuy\u00f3 en parte al incremento de equipos de aire acondicionado en los hogares.<\/p>\n<p> En di\u00e1logo con FM Vorterix, Dores dijo que \u00abel problema se centra en Capital y Gran Buenos Aires, donde cada casa ha incorporado 2 \u00f3 3 equipos de aire acondicionado, y las redes subterr\u00e1neas se recalientan si hay varios d\u00edas seguidos que no tienen tiempo de refrescarse a la noche\u00bb.<\/p>\n<p>\u00abEn los d\u00edas comunes, m\u00e1s de 310 por a\u00f1o, consumimos 5 mil megavatios menos, el equivalente a cuatro Chocones o a la suma de Yacyret\u00e1 y Salto Grande, y luego consumimos much\u00edsima energ\u00eda por unos pocos d\u00edas\u00bb, puntualiz\u00f3.<\/p>\n<p>Bronstein, por su parte, vincul\u00f3 los problemas energ\u00e9ticos con el aumento del consumo por el crecimiento econ\u00f3mico: \u201cen 2003 la potencia m\u00e1xima del sistema era de alrededor de 15 mil megavatios, y ahora llega a 25 mil, un 70% m\u00e1s\u201d, puntualiz\u00f3 a radio del Plata.<\/p>\n<p>Consider\u00f3 luego que \u201cdeclarar la emergencia es un t\u00edtulo\u201d y puso en duda la posibilidad de cortes programados, ya que \u201cla situaci\u00f3n cr\u00edtica en el \u00e1rea metropolitana est\u00e1 en el sector distribuci\u00f3n, y ah\u00ed no es f\u00e1cil programar cortes, ya que las interrupciones son m\u00e1s aleatorias\u201d.<\/p>\n<p>Por su parte, el ex ministro de Planificaci\u00f3n Federal, Julio De Vido, dijo que la declaraci\u00f3n de emergencia el\u00e9ctrica no signific\u00f3 \u00abninguna medida concreta\u00bb, al tiempo que enfatiz\u00f3 que \u201csi no hay problemas de generaci\u00f3n, no hay colapso energ\u00e9tico\u201d.<\/p>\n<p>\u201cMe da la impresi\u00f3n de que no hubo ninguna medida anunciada y descart\u00f3 que pueda hablarse de obsolescencia del parque generador en la Ciudad de Buenos Aires cuando el \u00e1rea es abastecida por Atucha II recientemente inaugurado, al igual que las centrales Belgrano, San Mart\u00edn y Ensenada que se construyeron en los \u00faltimos a\u00f1os\u201d, dijo el actual diputado nacional en di\u00e1logo con radio Del Plata.<\/p>\n<p>\u201cDesde el a\u00f1o 2003 sufrimos las mismas presiones por parte de Edenor y Edesur pero nunca cedimos a su pretensi\u00f3n de dolarizar las tarifas y en los \u00faltimos dos a\u00f1os concretamos un importante plan de inversiones en la distribuci\u00f3n con m\u00e1s de 3.500 millones de pesos en m\u00e1s de 2 mil obras que mejoraron las redes\u201d, agreg\u00f3 el ex funcionario.<\/p>\n<p>Aranguren, por su parte, dijo que \u00aba partir de la emergencia queremos discutir con las empresas un programa que permita no s\u00f3lo mejorar el mantenimiento de las redes sino tambi\u00e9n lograr esa previsibilidad que al menos permita tener conocimiento de cu\u00e1ndo se puede producir un corte, y cu\u00e1l es la duraci\u00f3n estimada del mismo\u201d.<\/p>\n<p>El ministro de Energ\u00eda anticip\u00f3 que el decreto de emergencia que est\u00e1 a la firma del presidente Mauricio Macri contempla un plan para mejorar la generaci\u00f3n, transmisi\u00f3n y distribuci\u00f3n el\u00e9ctrica, para que usuarios y organismos p\u00fablicos centrales y descentralizados inicien un proceso de uso racional de energ\u00eda.<\/p>\n<p>Adem\u00e1s, \u201cinvitamos a las jurisdicciones provinciales a que hagan lo propio, para evitar que esa emergencia la tengamos que vivir en otras partes del pa\u00eds\u201d.<\/p>\n<p>Sobre el impacto social del aumento de tarifas, Aranguren aclar\u00f3 que \u201cpor el momento vamos a tener la necesidad de seguir subsidiando al segmento de la poblaci\u00f3n que as\u00ed lo demande\u201d, si bien cuestion\u00f3 que \u201cen la \u00faltima d\u00e9cada se gener\u00f3 una pol\u00edtica de subsidios a la oferta, para todos y para todas, aun para aquellos que no lo necesitan\u201d.<\/p>\n","protected":false},"excerpt":{"rendered":"<p>El ministro de Energ\u00eda especific\u00f3 que para identificar los sectores de bajos ingresos se est\u00e1n cruzando datos de la Anses y la AFIP, y precis\u00f3 que la emergencia el\u00e9ctrica incluye acciones de educaci\u00f3n y comunicaci\u00f3n.<\/p>\n","protected":false},"author":8,"featured_media":0,"comment_status":"open","ping_status":"open","sticky":false,"template":"","format":"standard","meta":{"_jetpack_newsletter_access":"","_jetpack_dont_email_post_to_subs":false,"_jetpack_newsletter_tier_id":0,"_jetpack_memberships_contains_paywalled_content":false,"_jetpack_memberships_contains_paid_content":false,"footnotes":""},"categories":[51],"tags":[],"class_list":["post-76486","post","type-post","status-publish","format-standard","hentry","category-politica"],"jetpack_shortlink":"https:\/\/wp.me\/p2JWE0-jTE","jetpack-related-posts":[{"id":86328,"url":"http:\/\/www.24baires.com\/?p=86328","url_meta":{"origin":76486,"position":0},"title":"Aranguren: \u00abTodo lo que hicimos fue legal y la Corte ser\u00e1 la que decida\u201d","author":"GB","date":"16\/08\/2016","format":false,"excerpt":"Lo manifest\u00f3 esta tarde al exponer ante un plenario de comisiones en Diputados. \u201cEn estos \u00faltimos 12 a\u00f1os Argentina pas\u00f3 de tener energ\u00eda abundante, nacional y barata a tener energ\u00eda escasa, importada y cara\u201d, advirti\u00f3. En la audiencia, que se estima que se extender\u00e1 por entre seis y ocho horas,\u2026","rel":"","context":"En \u00abPol\u00edtica\u00bb","block_context":{"text":"Pol\u00edtica","link":"http:\/\/www.24baires.com\/?cat=51"},"img":{"alt_text":"","src":"https:\/\/i0.wp.com\/www.24baires.com\/wp-content\/uploads\/2016\/08\/aranguren-diputados.jpg?resize=350%2C200","width":350,"height":200,"srcset":"https:\/\/i0.wp.com\/www.24baires.com\/wp-content\/uploads\/2016\/08\/aranguren-diputados.jpg?resize=350%2C200 1x, https:\/\/i0.wp.com\/www.24baires.com\/wp-content\/uploads\/2016\/08\/aranguren-diputados.jpg?resize=525%2C300 1.5x"},"classes":[]},{"id":76373,"url":"http:\/\/www.24baires.com\/?p=76373","url_meta":{"origin":76486,"position":1},"title":"A partir de enero aumentar\u00e1n las tarifas de luz y gas","author":"GB","date":"14\/12\/2015","format":false,"excerpt":"El ministro de Energ\u00eda, Juan Jos\u00e9 Aranguren, ratific\u00f3 este lunes que el Gobierno nacional pondr\u00e1 en marcha \"un proceso de modificaci\u00f3n gradual de los subsidios a las tarifas de los servicios el\u00e9ctricos y de gas natural\", al tiempo que precis\u00f3 que los \"sectores m\u00e1s vulnerables\" de la sociedad seguir\u00e1n contando\u2026","rel":"","context":"En \u00abEconom\u00eda\u00bb","block_context":{"text":"Econom\u00eda","link":"http:\/\/www.24baires.com\/?cat=45"},"img":{"alt_text":"","src":"","width":0,"height":0},"classes":[]},{"id":77955,"url":"http:\/\/www.24baires.com\/?p=77955","url_meta":{"origin":76486,"position":2},"title":"A fin de mes se conocer\u00e1n los aumentos para luz y gas","author":"GB","date":"21\/01\/2016","format":false,"excerpt":"El ministro de Energ\u00eda y Miner\u00eda, Juan Jos\u00e9 Aranguren, inform\u00f3 que habr\u00e1 un arancel social para el consumidor de menores recursos. Una de las consecuencias de la crisis energ\u00e9tica que declar\u00f3 el gobierno de Mauricio Macri es el incremento de tarifas que regir\u00e1 desde febrero. El ministro de Energ\u00eda y\u2026","rel":"","context":"En \u00abEconom\u00eda\u00bb","block_context":{"text":"Econom\u00eda","link":"http:\/\/www.24baires.com\/?cat=45"},"img":{"alt_text":"aranguen","src":"https:\/\/i0.wp.com\/www.24baires.com\/wp-content\/uploads\/2015\/12\/aranguen.jpg?resize=350%2C200","width":350,"height":200,"srcset":"https:\/\/i0.wp.com\/www.24baires.com\/wp-content\/uploads\/2015\/12\/aranguen.jpg?resize=350%2C200 1x, https:\/\/i0.wp.com\/www.24baires.com\/wp-content\/uploads\/2015\/12\/aranguen.jpg?resize=525%2C300 1.5x"},"classes":[]},{"id":119198,"url":"http:\/\/www.24baires.com\/?p=119198","url_meta":{"origin":76486,"position":3},"title":"Massa se reuni\u00f3 con Roy\u00f3n","author":"AF","date":"08\/08\/2022","format":false,"excerpt":"Para realizar una transici\u00f3n ordenada, en el encuentro tambi\u00e9n estuvo el saliente secretario de Energ\u00eda, Dar\u00edo Mart\u00ednez. El ministro de Econom\u00eda asegur\u00f3 que la charla fue \"para analizar el trabajo desarrollado e impulsar las nuevas acciones\". El ministro de Econom\u00eda, Sergio Massa, recibi\u00f3 este lunes al nuevo equipo de Energ\u00eda\u2026","rel":"","context":"En \u00abPol\u00edtica\u00bb","block_context":{"text":"Pol\u00edtica","link":"http:\/\/www.24baires.com\/?cat=51"},"img":{"alt_text":"","src":"https:\/\/i0.wp.com\/www.24baires.com\/wp-content\/uploads\/2022\/08\/Massa-reunion.jpg?resize=350%2C200","width":350,"height":200,"srcset":"https:\/\/i0.wp.com\/www.24baires.com\/wp-content\/uploads\/2022\/08\/Massa-reunion.jpg?resize=350%2C200 1x, https:\/\/i0.wp.com\/www.24baires.com\/wp-content\/uploads\/2022\/08\/Massa-reunion.jpg?resize=525%2C300 1.5x, https:\/\/i0.wp.com\/www.24baires.com\/wp-content\/uploads\/2022\/08\/Massa-reunion.jpg?resize=700%2C400 2x"},"classes":[]},{"id":78317,"url":"http:\/\/www.24baires.com\/?p=78317","url_meta":{"origin":76486,"position":4},"title":"Las nuevas tarifas de luz vendr\u00e1n con aumentos de hasta el 500%","author":"GB","date":"29\/01\/2016","format":false,"excerpt":"El ministro de Energ\u00eda, Juan Jos\u00e9 Aranguren, dio a conocer el nuevo cuadro tarifario para los servicios de electricidad, con los incrementos que regir\u00e1n desde el 1 de febrero. Con el nuevo esquema tarifario el gobierno espera ahorrar 4 mil millones de d\u00f3lares. La tarifa social alcanzar\u00eda al 20% de\u2026","rel":"","context":"En \u00abEconom\u00eda\u00bb","block_context":{"text":"Econom\u00eda","link":"http:\/\/www.24baires.com\/?cat=45"},"img":{"alt_text":"aranguen","src":"https:\/\/i0.wp.com\/www.24baires.com\/wp-content\/uploads\/2015\/12\/aranguen.jpg?resize=350%2C200","width":350,"height":200,"srcset":"https:\/\/i0.wp.com\/www.24baires.com\/wp-content\/uploads\/2015\/12\/aranguen.jpg?resize=350%2C200 1x, https:\/\/i0.wp.com\/www.24baires.com\/wp-content\/uploads\/2015\/12\/aranguen.jpg?resize=525%2C300 1.5x"},"classes":[]},{"id":116282,"url":"http:\/\/www.24baires.com\/?p=116282","url_meta":{"origin":76486,"position":5},"title":"Promulgan la ley para reactivar la actividad tur\u00edstica","author":"GB","date":"21\/09\/2020","format":false,"excerpt":"El Gobierno promulg\u00f3 la ley 27.563 de Sostenimiento y Reactivaci\u00f3n Productiva de la Actividad Tur\u00edstica Nacional, aprobada el 1 de septiembre \u00faltimo por el Congreso, a trav\u00e9s del decreto 753\/2020 publicado hoy en el Bolet\u00edn Oficial. La ley prorroga para el sector tur\u00edstico el reparto del Programa de Asistencia de\u2026","rel":"","context":"En \u00abPol\u00edtica\u00bb","block_context":{"text":"Pol\u00edtica","link":"http:\/\/www.24baires.com\/?cat=51"},"img":{"alt_text":"","src":"https:\/\/i0.wp.com\/www.24baires.com\/wp-content\/uploads\/2020\/02\/playa.jpg?resize=350%2C200","width":350,"height":200,"srcset":"https:\/\/i0.wp.com\/www.24baires.com\/wp-content\/uploads\/2020\/02\/playa.jpg?resize=350%2C200 1x, https:\/\/i0.wp.com\/www.24baires.com\/wp-content\/uploads\/2020\/02\/playa.jpg?resize=525%2C300 1.5x"},"classes":[]}],"jetpack_sharing_enabled":true,"jetpack_likes_enabled":true,"jetpack_featured_media_url":"","_links":{"self":[{"href":"http:\/\/www.24baires.com\/index.php?rest_route=\/wp\/v2\/posts\/76486","targetHints":{"allow":["GET"]}}],"collection":[{"href":"http:\/\/www.24baires.com\/index.php?rest_route=\/wp\/v2\/posts"}],"about":[{"href":"http:\/\/www.24baires.com\/index.php?rest_route=\/wp\/v2\/types\/post"}],"author":[{"embeddable":true,"href":"http:\/\/www.24baires.com\/index.php?rest_route=\/wp\/v2\/users\/8"}],"replies":[{"embeddable":true,"href":"http:\/\/www.24baires.com\/index.php?rest_route=%2Fwp%2Fv2%2Fcomments&post=76486"}],"version-history":[{"count":1,"href":"http:\/\/www.24baires.com\/index.php?rest_route=\/wp\/v2\/posts\/76486\/revisions"}],"predecessor-version":[{"id":76487,"href":"http:\/\/www.24baires.com\/index.php?rest_route=\/wp\/v2\/posts\/76486\/revisions\/76487"}],"wp:attachment":[{"href":"http:\/\/www.24baires.com\/index.php?rest_route=%2Fwp%2Fv2%2Fmedia&parent=76486"}],"wp:term":[{"taxonomy":"category","embeddable":true,"href":"http:\/\/www.24baires.com\/index.php?rest_route=%2Fwp%2Fv2%2Fcategories&post=76486"},{"taxonomy":"post_tag","embeddable":true,"href":"http:\/\/www.24baires.com\/index.php?rest_route=%2Fwp%2Fv2%2Ftags&post=76486"}],"curies":[{"name":"wp","href":"https:\/\/api.w.org\/{rel}","templated":true}]}}