{"id":76457,"date":"2015-12-16T10:30:21","date_gmt":"2015-12-16T13:30:21","guid":{"rendered":"http:\/\/www.24baires.com\/?p=76457"},"modified":"2015-12-16T11:11:50","modified_gmt":"2015-12-16T14:11:50","slug":"macri-reinauguro-obras-en-la-autopista-lujan-junin-antes-de-reunirse-con-radicales","status":"publish","type":"post","link":"http:\/\/www.24baires.com\/?p=76457","title":{"rendered":"Macri reinaugur\u00f3 obras en la autopista Luj\u00e1n-Jun\u00edn antes de reunirse con radicales"},"content":{"rendered":"<p><img data-recalc-dims=\"1\" loading=\"lazy\" decoding=\"async\" class=\"aligncenter size-full wp-image-75449\" src=\"https:\/\/i0.wp.com\/www.24baires.com\/wp-content\/uploads\/2015\/11\/macri1.jpg?resize=560%2C372\" alt=\"macri1\" width=\"560\" height=\"372\" srcset=\"https:\/\/i0.wp.com\/www.24baires.com\/wp-content\/uploads\/2015\/11\/macri1.jpg?w=560 560w, https:\/\/i0.wp.com\/www.24baires.com\/wp-content\/uploads\/2015\/11\/macri1.jpg?resize=300%2C199 300w\" sizes=\"auto, (max-width: 560px) 100vw, 560px\" \/>El Presidente reinaugur\u00f3 los trabajos de esa autov\u00eda y ratific\u00f3 el compromiso de \u00abllevar a cabo un plan de infraestructura importante en Argentina\u00bb. Al mediod\u00eda, se reunir\u00e1 con la c\u00fapula del radicalismo.<!--more--><\/p>\n<p>Acompa\u00f1ado por la gobernadora de la provincia de Buenos Aires, Mar\u00eda Eugenia Vidal, y el ministro de Transporte, Guillermo Dietrich, Macri dijo que \u00abobra que comienza no para hasta terminarse; las cosas van a ir cambiando, con precios transparentes, con contrataciones transparentes, que nos va a permitir hacer las obras que hace d\u00e9cadas est\u00e1bamos esperando\u00bb.<\/p>\n<p>El presidente se\u00f1al\u00f3 que esperan \u00abterminar el tramo de Carmen de Areco a Jun\u00edn lo m\u00e1s r\u00e1pido posible\u00bb, y que \u00aben pocos meses\u00bb comenzar\u00e1n las obras en los sectores comprendidos entre San Andr\u00e9s de Giles y Carmen de Areco, y Chacabuco-Jun\u00edn.<\/p>\n<p>\u00abQueremos cuidar a los argentinos, sabemos que con la infraestructura que tenemos hoy lamentablemente eso no sucede. Hemos tenido tantas tragedias que para que los escuchen se tuvieron que autoconvocar y llamar la atenci\u00f3n. Eso no hace falta si uno realmente tiene un compromiso con la vida de los argentinos\u00bb, se\u00f1al\u00f3 el Jefe de Estado ante vecinos y autoridades locales, en el kil\u00f3metro 85 de la Autov\u00eda 7.<\/p>\n<p>En ese contexto, se\u00f1al\u00f3 que \u00aben esta ruta han perdido la vida much\u00edsimas personas, por eso estamos ac\u00e1, porque tenemos un compromiso de llevar a cabo un plan de infraestructura realmente importante en Argentina, que incluya que la gente pueda viajar segura\u00bb.<\/p>\n<p>\u00abAdem\u00e1s, sabemos que si no tenemos v\u00edas de comunicaci\u00f3n, rutas, trenes, v\u00edas navegables, no vamos a poder crecer, asegurar los trabajos que tenemos y menos crear m\u00e1s trabajo\u00bb, agreg\u00f3.<\/p>\n","protected":false},"excerpt":{"rendered":"<p>El Presidente reinaugur\u00f3 los trabajos de esa autov\u00eda y ratific\u00f3 el compromiso de \u00abllevar a cabo un plan de infraestructura importante en Argentina\u00bb. Al mediod\u00eda, se reunir\u00e1 con la c\u00fapula del radicalismo.<\/p>\n","protected":false},"author":4,"featured_media":0,"comment_status":"open","ping_status":"open","sticky":false,"template":"","format":"standard","meta":{"_jetpack_newsletter_access":"","_jetpack_dont_email_post_to_subs":false,"_jetpack_newsletter_tier_id":0,"_jetpack_memberships_contains_paywalled_content":false,"_jetpack_memberships_contains_paid_content":false,"footnotes":""},"categories":[51],"tags":[],"class_list":["post-76457","post","type-post","status-publish","format-standard","hentry","category-politica"],"jetpack_shortlink":"https:\/\/wp.me\/p2JWE0-jTb","jetpack-related-posts":[{"id":38066,"url":"http:\/\/www.24baires.com\/?p=38066","url_meta":{"origin":76457,"position":0},"title":"Chacabuco-Jun\u00edn: una autov\u00eda que ya est\u00e1 en camino","author":"Grupo Sierra","date":"07\/01\/2014","format":false,"excerpt":"El presidente de la C\u00e1mara de Diputados, Juli\u00e1n Dom\u00ednguez, y el ministro de Planificaci\u00f3n de la naci\u00f3n, Julio De Vido, anunciaron que el pr\u00f3ximo 10 de marzo se realizar\u00e1 el llamado a licitaci\u00f3n para el proyecto y obra de la autov\u00eda que unir\u00e1 los municipios de Chacabuco con Jun\u00edn. Tambi\u00e9n\u2026","rel":"","context":"En \u00abLocales\u00bb","block_context":{"text":"Locales","link":"http:\/\/www.24baires.com\/?cat=38"},"img":{"alt_text":"de vido","src":"https:\/\/i0.wp.com\/www.24baires.com\/wp-content\/uploads\/2014\/01\/de-vido-300x163.jpg?resize=350%2C200","width":350,"height":200},"classes":[]},{"id":112330,"url":"http:\/\/www.24baires.com\/?p=112330","url_meta":{"origin":76457,"position":1},"title":"Tras la visita de Macri y Vidal a la Ruta 7, despidieron a 40 trabajadores","author":"AF","date":"02\/10\/2019","format":false,"excerpt":"Desde Jun\u00edn, aseguraron que el Presidente y la Gobernadora hicieron \u201cun simulacro de inauguraci\u00f3n\u201d y que a\u00fan \"queda el 60% de la obra por terminar\". Sin embargo, ya se avanz\u00f3 con los cesanteos. Luego de que el presidente Mauricio Macri y la gobernadora Mar\u00eda Eugenia Vidal, previo a la marcha\u2026","rel":"","context":"En \u00abSociedad\u00bb","block_context":{"text":"Sociedad","link":"http:\/\/www.24baires.com\/?cat=1"},"img":{"alt_text":"","src":"https:\/\/i0.wp.com\/www.24baires.com\/wp-content\/uploads\/2019\/10\/obrador-ruta-7.jpeg?resize=350%2C200","width":350,"height":200,"srcset":"https:\/\/i0.wp.com\/www.24baires.com\/wp-content\/uploads\/2019\/10\/obrador-ruta-7.jpeg?resize=350%2C200 1x, https:\/\/i0.wp.com\/www.24baires.com\/wp-content\/uploads\/2019\/10\/obrador-ruta-7.jpeg?resize=525%2C300 1.5x"},"classes":[]},{"id":4116,"url":"http:\/\/www.24baires.com\/?p=4116","url_meta":{"origin":76457,"position":2},"title":"Municipios podr\u00e1n comprar m\u00e1quinas y equipos de salud a trav\u00e9s del &#8216;Leasing&#8217;","author":"AF","date":"01\/11\/2012","format":false,"excerpt":"El gobernador Daniel Scioli particip\u00f3 este jueves de la firma de contratos de Leasing con intendentes de cinco municipios para la adquisici\u00f3n de m\u00f3viles y maquinarias que ser\u00e1n utilizadas por las administraciones locales de Jun\u00edn, Tornquist, Carmen de Areco, Guamin\u00ed y Nueve de Julio para mejorar servicios a sus habitantes.\u2026","rel":"","context":"En \u00abLocales\u00bb","block_context":{"text":"Locales","link":"http:\/\/www.24baires.com\/?cat=38"},"img":{"alt_text":"","src":"https:\/\/i0.wp.com\/www.24baires.com\/wp-content\/uploads\/2012\/11\/scioli-leasing.jpg?resize=350%2C200","width":350,"height":200},"classes":[]},{"id":85836,"url":"http:\/\/www.24baires.com\/?p=85836","url_meta":{"origin":76457,"position":3},"title":"\u00abSaber hacer pol\u00edtica es resolver los problemas de la gente\u00bb","author":"AF","date":"03\/08\/2016","format":false,"excerpt":"El Presidente asegur\u00f3 que \"la pol\u00edtica tiene que ser un servicio p\u00fablico y tiene que estar ligada al hacer\", y asever\u00f3 que \"saber hacer pol\u00edtica es resolver los problemas de la gente\", al recorrer las obras de la Ruta 7 de Jun\u00edn, acompa\u00f1ado por Mar\u00eda Eugenia Vidal. \"La pol\u00edtica tiene\u2026","rel":"","context":"En \u00abPol\u00edtica\u00bb","block_context":{"text":"Pol\u00edtica","link":"http:\/\/www.24baires.com\/?cat=51"},"img":{"alt_text":"macri quilmes","src":"https:\/\/i0.wp.com\/www.24baires.com\/wp-content\/uploads\/2016\/07\/macri-quilmes.jpg?resize=350%2C200","width":350,"height":200,"srcset":"https:\/\/i0.wp.com\/www.24baires.com\/wp-content\/uploads\/2016\/07\/macri-quilmes.jpg?resize=350%2C200 1x, https:\/\/i0.wp.com\/www.24baires.com\/wp-content\/uploads\/2016\/07\/macri-quilmes.jpg?resize=525%2C300 1.5x"},"classes":[]},{"id":97624,"url":"http:\/\/www.24baires.com\/?p=97624","url_meta":{"origin":76457,"position":4},"title":"Macri reinaugur\u00f3 la Rep\u00fablica de los Ni\u00f1os de La Plata","author":"AF","date":"22\/09\/2017","format":false,"excerpt":"El presidente Mauricio Macri inaugur\u00f3 hoy obras de remodelaci\u00f3n en la Rep\u00fablica de los Ni\u00f1os, en La Plata, y destac\u00f3 hoy la importancia de \u201ccomprometerse y ser protagonistas del cambio, en vez de buscar culpables\u201d. Junto a la gobernadora Mar\u00eda Eugenia Vidal y al intendente Julio Garro, el m\u00e1ximo mandatario\u2026","rel":"","context":"En \u00abPol\u00edtica\u00bb","block_context":{"text":"Pol\u00edtica","link":"http:\/\/www.24baires.com\/?cat=51"},"img":{"alt_text":"","src":"https:\/\/i0.wp.com\/www.24baires.com\/wp-content\/uploads\/2017\/09\/macri-republica-ni%C3%B1os.jpg?resize=350%2C200","width":350,"height":200,"srcset":"https:\/\/i0.wp.com\/www.24baires.com\/wp-content\/uploads\/2017\/09\/macri-republica-ni%C3%B1os.jpg?resize=350%2C200 1x, https:\/\/i0.wp.com\/www.24baires.com\/wp-content\/uploads\/2017\/09\/macri-republica-ni%C3%B1os.jpg?resize=525%2C300 1.5x"},"classes":[]},{"id":115615,"url":"http:\/\/www.24baires.com\/?p=115615","url_meta":{"origin":76457,"position":5},"title":"Pese al aumento de casos, Provincia oficializ\u00f3 que Mar del Plata sigue en Fase 4","author":"GB","date":"13\/07\/2020","format":false,"excerpt":"As\u00ed lo determin\u00f3 el gobierno de Axel Kicillof en el bolet\u00edn oficial. La ciudad viene de una jornada r\u00e9cord con 41 contagios y registra 139 casos activos. Por el momento, Mar del Plata no retrocede. El gobierno de la provincia de Buenos Aires mantiene a General Pueyrredon en Fase 4,\u2026","rel":"","context":"En \u00abMunicipios\u00bb","block_context":{"text":"Municipios","link":"http:\/\/www.24baires.com\/?cat=44"},"img":{"alt_text":"","src":"https:\/\/i0.wp.com\/www.24baires.com\/wp-content\/uploads\/2020\/05\/mar-del-plata.jpg?resize=350%2C200","width":350,"height":200,"srcset":"https:\/\/i0.wp.com\/www.24baires.com\/wp-content\/uploads\/2020\/05\/mar-del-plata.jpg?resize=350%2C200 1x, https:\/\/i0.wp.com\/www.24baires.com\/wp-content\/uploads\/2020\/05\/mar-del-plata.jpg?resize=525%2C300 1.5x"},"classes":[]}],"jetpack_sharing_enabled":true,"jetpack_likes_enabled":true,"jetpack_featured_media_url":"","_links":{"self":[{"href":"http:\/\/www.24baires.com\/index.php?rest_route=\/wp\/v2\/posts\/76457","targetHints":{"allow":["GET"]}}],"collection":[{"href":"http:\/\/www.24baires.com\/index.php?rest_route=\/wp\/v2\/posts"}],"about":[{"href":"http:\/\/www.24baires.com\/index.php?rest_route=\/wp\/v2\/types\/post"}],"author":[{"embeddable":true,"href":"http:\/\/www.24baires.com\/index.php?rest_route=\/wp\/v2\/users\/4"}],"replies":[{"embeddable":true,"href":"http:\/\/www.24baires.com\/index.php?rest_route=%2Fwp%2Fv2%2Fcomments&post=76457"}],"version-history":[{"count":3,"href":"http:\/\/www.24baires.com\/index.php?rest_route=\/wp\/v2\/posts\/76457\/revisions"}],"predecessor-version":[{"id":76462,"href":"http:\/\/www.24baires.com\/index.php?rest_route=\/wp\/v2\/posts\/76457\/revisions\/76462"}],"wp:attachment":[{"href":"http:\/\/www.24baires.com\/index.php?rest_route=%2Fwp%2Fv2%2Fmedia&parent=76457"}],"wp:term":[{"taxonomy":"category","embeddable":true,"href":"http:\/\/www.24baires.com\/index.php?rest_route=%2Fwp%2Fv2%2Fcategories&post=76457"},{"taxonomy":"post_tag","embeddable":true,"href":"http:\/\/www.24baires.com\/index.php?rest_route=%2Fwp%2Fv2%2Ftags&post=76457"}],"curies":[{"name":"wp","href":"https:\/\/api.w.org\/{rel}","templated":true}]}}