{"id":76450,"date":"2015-12-15T20:40:25","date_gmt":"2015-12-15T23:40:25","guid":{"rendered":"http:\/\/www.24baires.com\/?p=76450"},"modified":"2015-12-16T11:12:26","modified_gmt":"2015-12-16T14:12:26","slug":"gils-carbo-reafirmo-que-seguira-en-su-cargo","status":"publish","type":"post","link":"http:\/\/www.24baires.com\/?p=76450","title":{"rendered":"Gils Carb\u00f3 reafirm\u00f3 que seguir\u00e1 en su cargo"},"content":{"rendered":"<p><img data-recalc-dims=\"1\" loading=\"lazy\" decoding=\"async\" src=\"https:\/\/i0.wp.com\/www.24baires.com\/wp-content\/uploads\/2013\/02\/gils-cabr%C3%B3.jpg?resize=560%2C420\" alt=\"gils cabr\u00f3\" width=\"560\" height=\"420\" class=\"aligncenter size-full wp-image-14297\" srcset=\"https:\/\/i0.wp.com\/www.24baires.com\/wp-content\/uploads\/2013\/02\/gils-cabr%C3%B3.jpg?w=560 560w, https:\/\/i0.wp.com\/www.24baires.com\/wp-content\/uploads\/2013\/02\/gils-cabr%C3%B3.jpg?resize=300%2C225 300w\" sizes=\"auto, (max-width: 560px) 100vw, 560px\" \/>La procuradora General de la Naci\u00f3n reafirm\u00f3 su decisi\u00f3n de mantenerse en el cargo a pesar de los pronunciamientos de distintos referentes del gobierno nacional que pidieron su renuncia, entre ellos el propio ministro de Justicia Germ\u00e1n Garavano<!--more--><\/p>\n<p>En este sentido, la procuradora explic\u00f3 que los cuestionamientos del gobierno nacional a su desempe\u00f1o y su continuidad no solo pretenden removerla del Ministerio P\u00fablico Fiscal, sino que tienen un objetivo m\u00e1s amplio, al afirmar que \u201cno basta con atar de pies y manos a Gils Carb\u00f3\u201d.<\/p>\n<p>\u201cSin un Ministerio P\u00fablico, \u00bfqui\u00e9n va a resguardar el proceso de Memoria, Verdad y Justicia?\u201d, se justific\u00f3 la procuradora.<\/p>\n<p>A su vez, cuestion\u00f3 que \u00abque cada d\u00eda surgen cuestionamientos diferentes\u00bb para que deje su cargo.<\/p>\n<p>\u201cHoy salen con los superpoderes de la Procuradora, y de qu\u00e9 se habla, de sacarme la potestad de remoci\u00f3n de los fiscales. Potestad que no tengo, y que solo tiene un Tribunal de enjuiciamientos formado por distintos estamentos\u201d, ejemplific\u00f3.<\/p>\n<p>Asimismo indic\u00f3 que hay cientos de trabajadores y funcionarios del Ministerio p\u00fablico que trabajaron para quebrar \u201cuna cultura burocr\u00e1tica\u201d y convertir el organismo en una instituci\u00f3n \u201cm\u00e1s proactiva\u201d.<\/p>\n<p>La procuradora present\u00f3 la Direcci\u00f3n General de Derechos Humanos, a cargo de la letrada de la Procuradur\u00eda General de la Naci\u00f3n, Andrea Pochak, junto a la presidenta de Abuelas de Plaza de Mayo, Estela de Carlotto; la directora ejecutiva de Amnist\u00eda Internacional Argentina, Mariela Belski; el representante regional del Alto Comisionado para los Derechos Humanos de Naciones Unidas, Amerigo Incalcaterra, y el juez de la Corte Interamericana de Derechos Humanos Eugenio Ra\u00fal Zaffaroni.<\/p>\n<p>El acto se realiz\u00f3 esta tarde en el Sal\u00f3n de Actos de la Procuraci\u00f3n General de la Naci\u00f3n, en Per\u00f3n 667 de la Ciudad de Buenos Aires.<\/p>\n","protected":false},"excerpt":{"rendered":"<p>La procuradora General de la Naci\u00f3n reafirm\u00f3 su decisi\u00f3n de mantenerse en el cargo a pesar de los pronunciamientos de distintos referentes del gobierno nacional que pidieron su renuncia, entre ellos el propio ministro de Justicia Germ\u00e1n Garavano<\/p>\n","protected":false},"author":8,"featured_media":0,"comment_status":"open","ping_status":"open","sticky":false,"template":"","format":"standard","meta":{"_jetpack_newsletter_access":"","_jetpack_dont_email_post_to_subs":false,"_jetpack_newsletter_tier_id":0,"_jetpack_memberships_contains_paywalled_content":false,"_jetpack_memberships_contains_paid_content":false,"footnotes":""},"categories":[51],"tags":[],"class_list":["post-76450","post","type-post","status-publish","format-standard","hentry","category-politica"],"jetpack_shortlink":"https:\/\/wp.me\/p2JWE0-jT4","jetpack-related-posts":[{"id":98424,"url":"http:\/\/www.24baires.com\/?p=98424","url_meta":{"origin":76450,"position":0},"title":"Gils Carb\u00f3 renunci\u00f3 como procuradora general de la Naci\u00f3n","author":"GB","date":"30\/10\/2017","format":false,"excerpt":"La procuradora general de la Naci\u00f3n, Alejandra Gils Carb\u00f3, renunci\u00f3 hoy a su cargo luego de que desde el Gobierno intentaran removerla a partir de un juicio pol\u00edtico por presunta administraci\u00f3n fraudulenta. La procuradora general de la Naci\u00f3n, Alejandra Gils Carb\u00f3, present\u00f3 su renuncia \"con efectos a partir del 31\u2026","rel":"","context":"En \u00abPol\u00edtica\u00bb","block_context":{"text":"Pol\u00edtica","link":"http:\/\/www.24baires.com\/?cat=51"},"img":{"alt_text":"","src":"https:\/\/i0.wp.com\/www.24baires.com\/wp-content\/uploads\/2013\/07\/gils-carbo-escuela-justicia.jpg?resize=350%2C200","width":350,"height":200,"srcset":"https:\/\/i0.wp.com\/www.24baires.com\/wp-content\/uploads\/2013\/07\/gils-carbo-escuela-justicia.jpg?resize=350%2C200 1x, https:\/\/i0.wp.com\/www.24baires.com\/wp-content\/uploads\/2013\/07\/gils-carbo-escuela-justicia.jpg?resize=525%2C300 1.5x"},"classes":[]},{"id":98566,"url":"http:\/\/www.24baires.com\/?p=98566","url_meta":{"origin":76450,"position":1},"title":"Macri acept\u00f3 la renuncia de Gils Carb\u00f3","author":"GB","date":"06\/11\/2017","format":false,"excerpt":"La decisi\u00f3n del Presidente se public\u00f3 hoy en el Bolet\u00edn Oficial. Desde el inicio de la gesti\u00f3n de Cambiemos en diciembre de 2015, distintos representantes del Gobierno nacional hab\u00edan manifestado su intenci\u00f3n de desplazarla. Acorralada por medidas judiciales, la Procuradora hab\u00eda presentado la renuncia a su cargo. A trav\u00e9s de\u2026","rel":"","context":"En \u00abPol\u00edtica\u00bb","block_context":{"text":"Pol\u00edtica","link":"http:\/\/www.24baires.com\/?cat=51"},"img":{"alt_text":"","src":"https:\/\/i0.wp.com\/www.24baires.com\/wp-content\/uploads\/2017\/04\/macri.jpg?resize=350%2C200","width":350,"height":200,"srcset":"https:\/\/i0.wp.com\/www.24baires.com\/wp-content\/uploads\/2017\/04\/macri.jpg?resize=350%2C200 1x, https:\/\/i0.wp.com\/www.24baires.com\/wp-content\/uploads\/2017\/04\/macri.jpg?resize=525%2C300 1.5x"},"classes":[]},{"id":76544,"url":"http:\/\/www.24baires.com\/?p=76544","url_meta":{"origin":76450,"position":2},"title":"El ministro de Justicia descart\u00f3 echar a Gils Carb\u00f3 por decreto","author":"GB","date":"17\/12\/2015","format":false,"excerpt":"Germ\u00e1n Garavano neg\u00f3 que haya barajado esa posibilidad para removar a la Procuradora General de la Naci\u00f3n. Anunci\u00f3 que este jueves mantendr\u00e1 una reuni\u00f3n con la funcionaria kirchnerista. El ministro de Justicia, Germ\u00e1n Garavano, neg\u00f3 la posibilidad de remover a la Procuradora General de la Naci\u00f3n, Alejandra Gils Carb\u00f3, de\u2026","rel":"","context":"En \u00abPol\u00edtica\u00bb","block_context":{"text":"Pol\u00edtica","link":"http:\/\/www.24baires.com\/?cat=51"},"img":{"alt_text":"","src":"","width":0,"height":0},"classes":[]},{"id":86357,"url":"http:\/\/www.24baires.com\/?p=86357","url_meta":{"origin":76450,"position":3},"title":"Gils Carb\u00f3 dictamin\u00f3 contra el aumento de tarifas","author":"GB","date":"17\/08\/2016","format":false,"excerpt":"La Procuradora se pronunci\u00f3 contra los incrementos dispuestos por el Gobierno nacional. La Procuradora General Alejandra Gils Carb\u00f3 dictamin\u00f3 que deben mantenerse frenados los aumentos a las tarifas de gas dispuestos por el ministerio de Energ\u00eda, en sinton\u00eda con el fallo de la C\u00e1mara Federal de La Plata. A partir\u2026","rel":"","context":"En \u00abPol\u00edtica\u00bb","block_context":{"text":"Pol\u00edtica","link":"http:\/\/www.24baires.com\/?cat=51"},"img":{"alt_text":"gils cabr\u00f3","src":"https:\/\/i0.wp.com\/www.24baires.com\/wp-content\/uploads\/2013\/02\/gils-cabr%C3%B3.jpg?resize=350%2C200","width":350,"height":200,"srcset":"https:\/\/i0.wp.com\/www.24baires.com\/wp-content\/uploads\/2013\/02\/gils-cabr%C3%B3.jpg?resize=350%2C200 1x, https:\/\/i0.wp.com\/www.24baires.com\/wp-content\/uploads\/2013\/02\/gils-cabr%C3%B3.jpg?resize=525%2C300 1.5x"},"classes":[]},{"id":27414,"url":"http:\/\/www.24baires.com\/?p=27414","url_meta":{"origin":76450,"position":4},"title":"La Corte Suprema pidi\u00f3 dictamen a Gils Carb\u00f3 por la Ley de Medios","author":"AF","date":"02\/07\/2013","format":false,"excerpt":"La Corte Suprema de Justicia gir\u00f3 a Alejandra Gils Carb\u00f3 el expediente sobre los recursos extraordinarios presentados por el Estado Nacional y la Afsca sobre la constitucionalidad de algunos art\u00edculos de la Ley de Medios. La Corte Suprema de Justicia decidi\u00f3 enviar a la procuradora general de la Naci\u00f3n, Alejandra\u2026","rel":"","context":"En \u00abMedios\u00bb","block_context":{"text":"Medios","link":"http:\/\/www.24baires.com\/?cat=54"},"img":{"alt_text":"gils_carbo_senado_070812_12_ef_47659","src":"https:\/\/i0.wp.com\/www.24baires.com\/wp-content\/uploads\/2012\/11\/gils_carbo_senado_070812_12_ef_47659.jpg?resize=350%2C200","width":350,"height":200,"srcset":"https:\/\/i0.wp.com\/www.24baires.com\/wp-content\/uploads\/2012\/11\/gils_carbo_senado_070812_12_ef_47659.jpg?resize=350%2C200 1x, https:\/\/i0.wp.com\/www.24baires.com\/wp-content\/uploads\/2012\/11\/gils_carbo_senado_070812_12_ef_47659.jpg?resize=525%2C300 1.5x"},"classes":[]},{"id":28039,"url":"http:\/\/www.24baires.com\/?p=28039","url_meta":{"origin":76450,"position":5},"title":"Crean una \u00abEscuela de Servicio de Justicia\u00bb","author":"Grupo Sierra","date":"11\/07\/2013","format":false,"excerpt":"La procuradora General de la Naci\u00f3n, Alejandra Gils Carb\u00f3, y la Defensora General de la Naci\u00f3n, Stella Maris Mart\u00ednez, anunciaron la creaci\u00f3n de la Escuela de Servicio de Justicia que ofrecer\u00e1 programas de capacitaci\u00f3n y actualizaci\u00f3n. Durante el acto, del que particip\u00f3 el ministro de Justicia, Julio Alak y que\u2026","rel":"","context":"En \u00abJUDICIALES\u00bb","block_context":{"text":"JUDICIALES","link":"http:\/\/www.24baires.com\/?cat=68"},"img":{"alt_text":"","src":"https:\/\/i0.wp.com\/www.24baires.com\/wp-content\/uploads\/2013\/07\/gils-carbo-escuela-justicia.jpg?resize=350%2C200","width":350,"height":200,"srcset":"https:\/\/i0.wp.com\/www.24baires.com\/wp-content\/uploads\/2013\/07\/gils-carbo-escuela-justicia.jpg?resize=350%2C200 1x, https:\/\/i0.wp.com\/www.24baires.com\/wp-content\/uploads\/2013\/07\/gils-carbo-escuela-justicia.jpg?resize=525%2C300 1.5x"},"classes":[]}],"jetpack_sharing_enabled":true,"jetpack_likes_enabled":true,"jetpack_featured_media_url":"","_links":{"self":[{"href":"http:\/\/www.24baires.com\/index.php?rest_route=\/wp\/v2\/posts\/76450","targetHints":{"allow":["GET"]}}],"collection":[{"href":"http:\/\/www.24baires.com\/index.php?rest_route=\/wp\/v2\/posts"}],"about":[{"href":"http:\/\/www.24baires.com\/index.php?rest_route=\/wp\/v2\/types\/post"}],"author":[{"embeddable":true,"href":"http:\/\/www.24baires.com\/index.php?rest_route=\/wp\/v2\/users\/8"}],"replies":[{"embeddable":true,"href":"http:\/\/www.24baires.com\/index.php?rest_route=%2Fwp%2Fv2%2Fcomments&post=76450"}],"version-history":[{"count":1,"href":"http:\/\/www.24baires.com\/index.php?rest_route=\/wp\/v2\/posts\/76450\/revisions"}],"predecessor-version":[{"id":76451,"href":"http:\/\/www.24baires.com\/index.php?rest_route=\/wp\/v2\/posts\/76450\/revisions\/76451"}],"wp:attachment":[{"href":"http:\/\/www.24baires.com\/index.php?rest_route=%2Fwp%2Fv2%2Fmedia&parent=76450"}],"wp:term":[{"taxonomy":"category","embeddable":true,"href":"http:\/\/www.24baires.com\/index.php?rest_route=%2Fwp%2Fv2%2Fcategories&post=76450"},{"taxonomy":"post_tag","embeddable":true,"href":"http:\/\/www.24baires.com\/index.php?rest_route=%2Fwp%2Fv2%2Ftags&post=76450"}],"curies":[{"name":"wp","href":"https:\/\/api.w.org\/{rel}","templated":true}]}}