{"id":76443,"date":"2015-12-15T19:29:10","date_gmt":"2015-12-15T22:29:10","guid":{"rendered":"http:\/\/www.24baires.com\/?p=76443"},"modified":"2015-12-16T11:10:36","modified_gmt":"2015-12-16T14:10:36","slug":"aranguren-anuncio-que-decretaran-la-emergencia-electrica-por-2-anos","status":"publish","type":"post","link":"http:\/\/www.24baires.com\/?p=76443","title":{"rendered":"Aranguren anunci\u00f3 que decretar\u00e1n la emergencia el\u00e9ctrica por 2 a\u00f1os"},"content":{"rendered":"<p><img data-recalc-dims=\"1\" loading=\"lazy\" decoding=\"async\" class=\"aligncenter size-full wp-image-76444\" src=\"https:\/\/i0.wp.com\/www.24baires.com\/wp-content\/uploads\/2015\/12\/aranguen.jpg?resize=560%2C371\" alt=\"aranguen\" width=\"560\" height=\"371\" srcset=\"https:\/\/i0.wp.com\/www.24baires.com\/wp-content\/uploads\/2015\/12\/aranguen.jpg?w=560 560w, https:\/\/i0.wp.com\/www.24baires.com\/wp-content\/uploads\/2015\/12\/aranguen.jpg?resize=300%2C199 300w\" sizes=\"auto, (max-width: 560px) 100vw, 560px\" \/>Lo inform\u00f3 el ministro de Energ\u00eda y Miner\u00eda, Ju\u00e1n Jos\u00e9 Aranguren, en conferencia de prensa en Casa de Gobierno.<!--more--><\/p>\n<p>Aranguren defini\u00f3 como \u00abprecaria\u00bb la situaci\u00f3n energ\u00e9tica del pa\u00eds, y advirti\u00f3 sobre un posible \u00abcolapso\u00bb si no se toman \u00ablas medidas preventivas necesarias\u00bb.<\/p>\n<p>\u00abNo estoy para alarmar sino para reconocer la realidad\u00bb, afirm\u00f3 Aranguren en una conferencia de prensa brindada en la Casa Rosada.<\/p>\n<p>Aranguren asegur\u00f3 que el gobierno va a \u00abtomar medidas correctivas que permitan resolver esta situaci\u00f3n implementar todo lo que sea necesario para tener un suministro adecuado a las necesidades de nuestra poblaci\u00f3n\u00bb.<\/p>\n","protected":false},"excerpt":{"rendered":"<p>Lo inform\u00f3 el ministro de Energ\u00eda y Miner\u00eda, Ju\u00e1n Jos\u00e9 Aranguren, en conferencia de prensa en Casa de Gobierno.<\/p>\n","protected":false},"author":8,"featured_media":0,"comment_status":"open","ping_status":"open","sticky":false,"template":"","format":"standard","meta":{"_jetpack_newsletter_access":"","_jetpack_dont_email_post_to_subs":false,"_jetpack_newsletter_tier_id":0,"_jetpack_memberships_contains_paywalled_content":false,"_jetpack_memberships_contains_paid_content":false,"footnotes":""},"categories":[51],"tags":[],"class_list":["post-76443","post","type-post","status-publish","format-standard","hentry","category-politica"],"jetpack_shortlink":"https:\/\/wp.me\/p2JWE0-jSX","jetpack-related-posts":[{"id":84836,"url":"http:\/\/www.24baires.com\/?p=84836","url_meta":{"origin":76443,"position":0},"title":"El Gobierno aplicar\u00e1 un tope del 400% al tarifazo de gas","author":"GB","date":"11\/07\/2016","format":false,"excerpt":"Aranguren pondr\u00e1 un m\u00e1ximo para las facturas, aunque esa variaci\u00f3n ya hab\u00eda sido anunciada en abril, pero nunca fue aplicada. El presidente Mauricio Macri, el ministro de Energ\u00eda, Juan Jos\u00e9 Aranguren, y las principales figuras del gabinete analizaron en la Casa Rosada qu\u00e9 hacer con las tarifas de gas despu\u00e9s\u2026","rel":"","context":"En \u00abPol\u00edtica\u00bb","block_context":{"text":"Pol\u00edtica","link":"http:\/\/www.24baires.com\/?cat=51"},"img":{"alt_text":"aranguren","src":"https:\/\/i0.wp.com\/www.24baires.com\/wp-content\/uploads\/2015\/12\/aranguen.jpg?resize=350%2C200","width":350,"height":200,"srcset":"https:\/\/i0.wp.com\/www.24baires.com\/wp-content\/uploads\/2015\/12\/aranguen.jpg?resize=350%2C200 1x, https:\/\/i0.wp.com\/www.24baires.com\/wp-content\/uploads\/2015\/12\/aranguen.jpg?resize=525%2C300 1.5x"},"classes":[]},{"id":114332,"url":"http:\/\/www.24baires.com\/?p=114332","url_meta":{"origin":76443,"position":1},"title":"Laura Alonso y Aranguren, de nuevo en la mira de la Justicia por la causa Shell","author":"AF","date":"06\/03\/2020","format":false,"excerpt":"El juez Rodr\u00edguez solicit\u00f3 informaci\u00f3n sobre las comunicaciones de ambos funcionarios. Reactivan la investigaci\u00f3n luego de que la C\u00e1mara Federal porte\u00f1a revocara los procesamientos. El juez federal Luis Rodr\u00edguez pidi\u00f3 un informe sobre las l\u00edneas telef\u00f3nicas del ex ministro de Energ\u00eda de la Naci\u00f3n en el gobierno de Mauricio Macri,\u2026","rel":"","context":"En \u00abLocales\u00bb","block_context":{"text":"Locales","link":"http:\/\/www.24baires.com\/?cat=38"},"img":{"alt_text":"","src":"https:\/\/i0.wp.com\/www.24baires.com\/wp-content\/uploads\/2016\/07\/laurita-alonso.jpg?resize=350%2C200","width":350,"height":200,"srcset":"https:\/\/i0.wp.com\/www.24baires.com\/wp-content\/uploads\/2016\/07\/laurita-alonso.jpg?resize=350%2C200 1x, https:\/\/i0.wp.com\/www.24baires.com\/wp-content\/uploads\/2016\/07\/laurita-alonso.jpg?resize=525%2C300 1.5x"},"classes":[]},{"id":77955,"url":"http:\/\/www.24baires.com\/?p=77955","url_meta":{"origin":76443,"position":2},"title":"A fin de mes se conocer\u00e1n los aumentos para luz y gas","author":"GB","date":"21\/01\/2016","format":false,"excerpt":"El ministro de Energ\u00eda y Miner\u00eda, Juan Jos\u00e9 Aranguren, inform\u00f3 que habr\u00e1 un arancel social para el consumidor de menores recursos. Una de las consecuencias de la crisis energ\u00e9tica que declar\u00f3 el gobierno de Mauricio Macri es el incremento de tarifas que regir\u00e1 desde febrero. El ministro de Energ\u00eda y\u2026","rel":"","context":"En \u00abEconom\u00eda\u00bb","block_context":{"text":"Econom\u00eda","link":"http:\/\/www.24baires.com\/?cat=45"},"img":{"alt_text":"aranguen","src":"https:\/\/i0.wp.com\/www.24baires.com\/wp-content\/uploads\/2015\/12\/aranguen.jpg?resize=350%2C200","width":350,"height":200,"srcset":"https:\/\/i0.wp.com\/www.24baires.com\/wp-content\/uploads\/2015\/12\/aranguen.jpg?resize=350%2C200 1x, https:\/\/i0.wp.com\/www.24baires.com\/wp-content\/uploads\/2015\/12\/aranguen.jpg?resize=525%2C300 1.5x"},"classes":[]},{"id":103809,"url":"http:\/\/www.24baires.com\/?p=103809","url_meta":{"origin":76443,"position":3},"title":"Aranguren a\u00fan no conf\u00eda en el pa\u00eds y contin\u00faa sacando dinero al exterior","author":"AF","date":"10\/08\/2018","format":false,"excerpt":"El patrimonio del ex encargado del ministerio de Energ\u00eda y Miner\u00eda volvi\u00f3 a aumentar, seg\u00fan la \u00faltima declaraci\u00f3n jurada que present\u00f3 a la Oficina Anticorrupci\u00f3n. \"Eso tiene que ver con la confianza que hemos perdido en la Argentina. A medida que vayamos recuperando la confianza...\", argument\u00f3 el por entonces ministro\u2026","rel":"","context":"En \u00abPol\u00edtica\u00bb","block_context":{"text":"Pol\u00edtica","link":"http:\/\/www.24baires.com\/?cat=51"},"img":{"alt_text":"","src":"https:\/\/i0.wp.com\/www.24baires.com\/wp-content\/uploads\/2016\/09\/aranguren.jpg?resize=350%2C200","width":350,"height":200,"srcset":"https:\/\/i0.wp.com\/www.24baires.com\/wp-content\/uploads\/2016\/09\/aranguren.jpg?resize=350%2C200 1x, https:\/\/i0.wp.com\/www.24baires.com\/wp-content\/uploads\/2016\/09\/aranguren.jpg?resize=525%2C300 1.5x"},"classes":[]},{"id":115984,"url":"http:\/\/www.24baires.com\/?p=115984","url_meta":{"origin":76443,"position":4},"title":"Denuncian a Aranguren por sobreprecios en la tarifa del gas por m\u00e1s de 1000 millones de pesos","author":"AF","date":"18\/08\/2020","format":false,"excerpt":"La presentaci\u00f3n es por incumplimiento de los deberes de funcionario p\u00fablico, negociaciones incompatibles con la funci\u00f3n p\u00fablica y administraci\u00f3n fraudulenta. El interventor del Enargas, Federico Bernal, present\u00f3 una denuncia penal contra los ex funcionarios Juan Jos\u00e9 Aranguren, Andr\u00e9s Chambouleyron, y su antecesor en el organismo David Tezanos y Daniel Perrone\u2026","rel":"","context":"En \u00abPol\u00edtica\u00bb","block_context":{"text":"Pol\u00edtica","link":"http:\/\/www.24baires.com\/?cat=51"},"img":{"alt_text":"","src":"https:\/\/i0.wp.com\/www.24baires.com\/wp-content\/uploads\/2016\/09\/aranguren.jpg?resize=350%2C200","width":350,"height":200,"srcset":"https:\/\/i0.wp.com\/www.24baires.com\/wp-content\/uploads\/2016\/09\/aranguren.jpg?resize=350%2C200 1x, https:\/\/i0.wp.com\/www.24baires.com\/wp-content\/uploads\/2016\/09\/aranguren.jpg?resize=525%2C300 1.5x"},"classes":[]},{"id":101330,"url":"http:\/\/www.24baires.com\/?p=101330","url_meta":{"origin":76443,"position":5},"title":"Tarifazo de gas: empresas pidieron subas de hasta 55%","author":"GB","date":"28\/03\/2018","format":false,"excerpt":"En las audiencias p\u00fablicas celebradas en febrero las distribuidoras de todo el pa\u00eds solicitaron ese incremento. Aranguren anunciar\u00e1 este mi\u00e9rcoles una nueva suba en la tarifa de gas. El ministro de Energ\u00eda y Miner\u00eda de la Naci\u00f3n, Juan Jos\u00e9 Aranguren, anunciar\u00e1 este mi\u00e9rcoles una nueva suba en la tarifa de\u2026","rel":"","context":"En \u00abConsumidores\u00bb","block_context":{"text":"Consumidores","link":"http:\/\/www.24baires.com\/?cat=78"},"img":{"alt_text":"","src":"https:\/\/i0.wp.com\/www.24baires.com\/wp-content\/uploads\/2016\/08\/gas.jpg?resize=350%2C200","width":350,"height":200,"srcset":"https:\/\/i0.wp.com\/www.24baires.com\/wp-content\/uploads\/2016\/08\/gas.jpg?resize=350%2C200 1x, https:\/\/i0.wp.com\/www.24baires.com\/wp-content\/uploads\/2016\/08\/gas.jpg?resize=525%2C300 1.5x"},"classes":[]}],"jetpack_sharing_enabled":true,"jetpack_likes_enabled":true,"jetpack_featured_media_url":"","_links":{"self":[{"href":"http:\/\/www.24baires.com\/index.php?rest_route=\/wp\/v2\/posts\/76443","targetHints":{"allow":["GET"]}}],"collection":[{"href":"http:\/\/www.24baires.com\/index.php?rest_route=\/wp\/v2\/posts"}],"about":[{"href":"http:\/\/www.24baires.com\/index.php?rest_route=\/wp\/v2\/types\/post"}],"author":[{"embeddable":true,"href":"http:\/\/www.24baires.com\/index.php?rest_route=\/wp\/v2\/users\/8"}],"replies":[{"embeddable":true,"href":"http:\/\/www.24baires.com\/index.php?rest_route=%2Fwp%2Fv2%2Fcomments&post=76443"}],"version-history":[{"count":2,"href":"http:\/\/www.24baires.com\/index.php?rest_route=\/wp\/v2\/posts\/76443\/revisions"}],"predecessor-version":[{"id":76460,"href":"http:\/\/www.24baires.com\/index.php?rest_route=\/wp\/v2\/posts\/76443\/revisions\/76460"}],"wp:attachment":[{"href":"http:\/\/www.24baires.com\/index.php?rest_route=%2Fwp%2Fv2%2Fmedia&parent=76443"}],"wp:term":[{"taxonomy":"category","embeddable":true,"href":"http:\/\/www.24baires.com\/index.php?rest_route=%2Fwp%2Fv2%2Fcategories&post=76443"},{"taxonomy":"post_tag","embeddable":true,"href":"http:\/\/www.24baires.com\/index.php?rest_route=%2Fwp%2Fv2%2Ftags&post=76443"}],"curies":[{"name":"wp","href":"https:\/\/api.w.org\/{rel}","templated":true}]}}