{"id":76439,"date":"2015-12-15T18:30:34","date_gmt":"2015-12-15T21:30:34","guid":{"rendered":"http:\/\/www.24baires.com\/?p=76439"},"modified":"2015-12-15T18:23:11","modified_gmt":"2015-12-15T21:23:11","slug":"bullrich-desistio-con-el-polemico-integrante-del-ministerio-de-seguridad","status":"publish","type":"post","link":"http:\/\/www.24baires.com\/?p=76439","title":{"rendered":"Bullrich desisti\u00f3 con el pol\u00e9mico integrante del Ministerio de Seguridad"},"content":{"rendered":"<p><img data-recalc-dims=\"1\" loading=\"lazy\" decoding=\"async\" class=\"aligncenter size-full wp-image-76440\" src=\"https:\/\/i0.wp.com\/www.24baires.com\/wp-content\/uploads\/2015\/12\/monfardini.jpg?resize=560%2C353\" alt=\"monfardini\" width=\"560\" height=\"353\" srcset=\"https:\/\/i0.wp.com\/www.24baires.com\/wp-content\/uploads\/2015\/12\/monfardini.jpg?w=560 560w, https:\/\/i0.wp.com\/www.24baires.com\/wp-content\/uploads\/2015\/12\/monfardini.jpg?resize=300%2C189 300w\" sizes=\"auto, (max-width: 560px) 100vw, 560px\" \/>Tras las cr\u00edticas de distintos sectores y la carta en repudio de Charly Garc\u00eda, Carlos Manfroni, quien hab\u00eda sido nombrado subsecretario de Asuntos Legislativos del Ministerio de Seguridad de Patricia Bullrich, no ocupar\u00e1 ese cargo. Hab\u00eda generado pol\u00e9mica por sus declaraciones sobre el progresismo, el juda\u00edsmo y el rock.<!--more--><\/p>\n<p>Tras la pol\u00e9mica por el supuesto nuevo subsecretario de Asuntos Legislativos del Ministerio de Seguridad Carlos Manfroni, designado por la flamante ministra de Seguridad Patricia Bullrich, fuentes cercanas a la funcionaria confirmaron a Pol\u00edtica Argentina que se dio vuelta atr\u00e1s con la decisi\u00f3n. Charly Garc\u00eda se hab\u00eda sumado al repudio mediante una carta que public\u00f3 ayer mediante el Facebook de Gabriela Cerruti.<\/p>\n<p>Manfroni quien fue denunciado por persecuci\u00f3n a los trabajadores del ministerio, por su \u00abfiliaci\u00f3n pol\u00edtica, sindical e ideol\u00f3gica\u00bb.<\/p>\n<p>Manfroni escribi\u00f3 los libros \u00abMontoneros, soldados de Massera\u00bb y \u00abLos otros muertos: Las v\u00edctimas civiles del terrorismo guerrillero de los 70\u00bb, y adem\u00e1s dirige una Fundaci\u00f3n de Etica P\u00fablica y un curso en la Universidad Cat\u00f3lica auspiciado por la embajada de Estados Unidos sobre reglas contra la corrupci\u00f3n. Asimismo, es columnista del diario La Naci\u00f3n.<\/p>\n<p>A su vez, define al progresismo como \u00abun infeccioso mal\u00bb, y asegura que \u00abel progresismo lleva el estigma del temporalismo judaico y mas\u00f3nico\u00bb. Y agrega: \u00abEl materialista pueblo jud\u00edo instruye a los hijos de Si\u00f3n para consquistar el poder\u00bb.<\/p>\n<p>\u00abLa &#8216;filosof\u00eda&#8217; del rock conduce al deseo desesperado de la muerte e induce al suicidio, como lo demuestran las letras de las canciones de Charly Garc\u00eda, Spinetta y Moris. Ofrece la posibilidad de convertirse en un animal o un marica\u00bb, a\u00f1ade Manfroni. Asimismo, sostiene que \u00abel rock es anticristiano y transmite mensajes sat\u00e1nicos, que pueden escucharse cuando se pasan al rev\u00e9s ciertas canciones, como &#8216;Congratulations&#8217; de Pink Floyd\u00bb.<\/p>\n<p>&nbsp;<\/p>\n<p>&nbsp;<\/p>\n<p>&nbsp;<\/p>\n<p>&nbsp;<\/p>\n<p>&nbsp;<\/p>\n<p>&nbsp;<\/p>\n<p>&nbsp;<\/p>\n<p>&nbsp;<\/p>\n","protected":false},"excerpt":{"rendered":"<p>Tras las cr\u00edticas de distintos sectores y la carta en repudio de Charly Garc\u00eda, Carlos Manfroni, quien hab\u00eda sido nombrado subsecretario de Asuntos Legislativos del Ministerio de Seguridad de Patricia Bullrich, no ocupar\u00e1 ese cargo. Hab\u00eda generado pol\u00e9mica por sus declaraciones sobre el progresismo, el juda\u00edsmo y el rock.<\/p>\n","protected":false},"author":8,"featured_media":0,"comment_status":"open","ping_status":"open","sticky":false,"template":"","format":"standard","meta":{"_jetpack_newsletter_access":"","_jetpack_dont_email_post_to_subs":false,"_jetpack_newsletter_tier_id":0,"_jetpack_memberships_contains_paywalled_content":false,"_jetpack_memberships_contains_paid_content":false,"footnotes":""},"categories":[51],"tags":[],"class_list":["post-76439","post","type-post","status-publish","format-standard","hentry","category-politica"],"jetpack_shortlink":"https:\/\/wp.me\/p2JWE0-jST","jetpack-related-posts":[{"id":76436,"url":"http:\/\/www.24baires.com\/?p=76436","url_meta":{"origin":76439,"position":0},"title":"Charly al nuevo Gobierno: \u00abNo cuenten conmigo, ignorantes\u00bb","author":"GB","date":"15\/12\/2015","format":false,"excerpt":"El m\u00fasico escribi\u00f3 una carta a Hern\u00e1n Lombardi en la que cuestion\u00f3 la designaci\u00f3n de Carlos Manfroni, ex colaborador de la revista de ultraderecha \"Cabildo\", como nuevo subsecretario de Asuntos Legislativos del ministerio de Seguridad. El emblem\u00e1tico m\u00fasico Charly Garc\u00eda escribi\u00f3 una carta abierta en la que cuestion\u00f3 con dureza\u2026","rel":"","context":"En \u00abPol\u00edtica\u00bb","block_context":{"text":"Pol\u00edtica","link":"http:\/\/www.24baires.com\/?cat=51"},"img":{"alt_text":"charly garc\u00eda","src":"https:\/\/i0.wp.com\/www.24baires.com\/wp-content\/uploads\/2013\/11\/charly-garc%C3%ADa.jpg?resize=350%2C200","width":350,"height":200,"srcset":"https:\/\/i0.wp.com\/www.24baires.com\/wp-content\/uploads\/2013\/11\/charly-garc%C3%ADa.jpg?resize=350%2C200 1x, https:\/\/i0.wp.com\/www.24baires.com\/wp-content\/uploads\/2013\/11\/charly-garc%C3%ADa.jpg?resize=525%2C300 1.5x"},"classes":[]},{"id":108026,"url":"http:\/\/www.24baires.com\/?p=108026","url_meta":{"origin":76439,"position":1},"title":"Bullrich ech\u00f3 a un gendarme y le sac\u00f3 la mitad del sueldo por sacarse una selfie con los Moyano","author":"GB","date":"08\/05\/2019","format":false,"excerpt":"La ministra de Seguridad pas\u00f3 a \"disponibilidad\" a un agente de Gendarmer\u00eda que se sac\u00f3 una foto con Hugo y Pablo Moyano en el marco del allanamiento realizado en Camioneros, y mientras se define su situaci\u00f3n tambi\u00e9n le sac\u00f3 medio salario. La funcionaria dijo que un efectivo \"puede tener su\u2026","rel":"","context":"En \u00abPol\u00edtica\u00bb","block_context":{"text":"Pol\u00edtica","link":"http:\/\/www.24baires.com\/?cat=51"},"img":{"alt_text":"","src":"https:\/\/i0.wp.com\/www.24baires.com\/wp-content\/uploads\/2019\/05\/gendarme-moyano.jpg?resize=350%2C200","width":350,"height":200,"srcset":"https:\/\/i0.wp.com\/www.24baires.com\/wp-content\/uploads\/2019\/05\/gendarme-moyano.jpg?resize=350%2C200 1x, https:\/\/i0.wp.com\/www.24baires.com\/wp-content\/uploads\/2019\/05\/gendarme-moyano.jpg?resize=525%2C300 1.5x"},"classes":[]},{"id":96855,"url":"http:\/\/www.24baires.com\/?p=96855","url_meta":{"origin":76439,"position":2},"title":"Repudian la exhibici\u00f3n de armamento durante los festejos por el D\u00eda del Ni\u00f1o en La Plata","author":"GB","date":"22\/08\/2017","format":false,"excerpt":"Un funcionario de segunda l\u00ednea que responde a Patricia Bullrich mont\u00f3 un verdadero show b\u00e9lico en la Rep\u00fablica de los Ni\u00f1os. Gener\u00f3 pol\u00e9mica y repudio de organizaciones que defienden los derechos de los menores. Durante los festejos del D\u00eda del Ni\u00f1o que la Municipalidad organiz\u00f3 en la \u201cRepu\u201d, un funcionario\u2026","rel":"","context":"En \u00abSociedad\u00bb","block_context":{"text":"Sociedad","link":"http:\/\/www.24baires.com\/?cat=1"},"img":{"alt_text":"","src":"https:\/\/i0.wp.com\/www.24baires.com\/wp-content\/uploads\/2017\/08\/armas.jpg?resize=350%2C200","width":350,"height":200,"srcset":"https:\/\/i0.wp.com\/www.24baires.com\/wp-content\/uploads\/2017\/08\/armas.jpg?resize=350%2C200 1x, https:\/\/i0.wp.com\/www.24baires.com\/wp-content\/uploads\/2017\/08\/armas.jpg?resize=525%2C300 1.5x"},"classes":[]},{"id":120885,"url":"http:\/\/www.24baires.com\/?p=120885","url_meta":{"origin":76439,"position":3},"title":"Bullrich, pol\u00e9mica, contra la CGT: \u00abHay que dar una pelea de vida o muerte\u00bb","author":"GB","date":"19\/01\/2024","format":false,"excerpt":"De cara al paro general convocado por la CGT, la ministra de Seguridad asegur\u00f3 que el Gobierno volver\u00e1 a implementar el inconstitucional protocolo anti piquetes. La ministra de Seguridad, Patricia Bullrich, comunic\u00f3 este jueves que el Gobierno implementar\u00e1 el protocolo destinado a prevenir cortes de calles y rutas en manifestaciones,\u2026","rel":"","context":"En \u00abPol\u00edtica\u00bb","block_context":{"text":"Pol\u00edtica","link":"http:\/\/www.24baires.com\/?cat=51"},"img":{"alt_text":"","src":"https:\/\/i0.wp.com\/www.24baires.com\/wp-content\/uploads\/2024\/01\/represion.jpg?resize=350%2C200","width":350,"height":200,"srcset":"https:\/\/i0.wp.com\/www.24baires.com\/wp-content\/uploads\/2024\/01\/represion.jpg?resize=350%2C200 1x, https:\/\/i0.wp.com\/www.24baires.com\/wp-content\/uploads\/2024\/01\/represion.jpg?resize=525%2C300 1.5x, https:\/\/i0.wp.com\/www.24baires.com\/wp-content\/uploads\/2024\/01\/represion.jpg?resize=700%2C400 2x"},"classes":[]},{"id":105831,"url":"http:\/\/www.24baires.com\/?p=105831","url_meta":{"origin":76439,"position":4},"title":"Mar del Plata: se alejan de la Provincia y acuerdan con la resoluci\u00f3n de Bullrich","author":"GB","date":"10\/12\/2018","format":false,"excerpt":"El municipio del intendente de Cambiemos, Carlos Arroyo, se mostr\u00f3 en consonancia con la normativa ideada por la Ministra de Seguridad de la Naci\u00f3n que brinda mayores libertades para que las fuerzas de seguridad usen armas de fuego. La resoluci\u00f3n denominada \u201cdoctrina Chocobar\u201d, impulsada por la ministra de Seguridad de\u2026","rel":"","context":"En \u00abMunicipios\u00bb","block_context":{"text":"Municipios","link":"http:\/\/www.24baires.com\/?cat=44"},"img":{"alt_text":"","src":"https:\/\/i0.wp.com\/www.24baires.com\/wp-content\/uploads\/2017\/09\/arroyo.jpg?resize=350%2C200","width":350,"height":200,"srcset":"https:\/\/i0.wp.com\/www.24baires.com\/wp-content\/uploads\/2017\/09\/arroyo.jpg?resize=350%2C200 1x, https:\/\/i0.wp.com\/www.24baires.com\/wp-content\/uploads\/2017\/09\/arroyo.jpg?resize=525%2C300 1.5x"},"classes":[]},{"id":117629,"url":"http:\/\/www.24baires.com\/?p=117629","url_meta":{"origin":76439,"position":5},"title":"Revelan conexiones de Patricia Bullrich con procesados por espionaje ilegal","author":"AF","date":"27\/05\/2021","format":false,"excerpt":"El an\u00e1lisis de los registros de ingreso al ministerio de Seguridad durante el macrismo revela que todos los procesados por espionaje ilegal se reun\u00edan de manera asidua con Bullrich. La presidenta del PRO Patricia Bullrich, mantuvo reuniones durante su gesti\u00f3n como ministra de Seguridad de la Naci\u00f3n durante el gobierno\u2026","rel":"","context":"En \u00abPol\u00edtica\u00bb","block_context":{"text":"Pol\u00edtica","link":"http:\/\/www.24baires.com\/?cat=51"},"img":{"alt_text":"","src":"https:\/\/i0.wp.com\/www.24baires.com\/wp-content\/uploads\/2020\/09\/bullrich-anticuarentena.jpg?resize=350%2C200","width":350,"height":200,"srcset":"https:\/\/i0.wp.com\/www.24baires.com\/wp-content\/uploads\/2020\/09\/bullrich-anticuarentena.jpg?resize=350%2C200 1x, https:\/\/i0.wp.com\/www.24baires.com\/wp-content\/uploads\/2020\/09\/bullrich-anticuarentena.jpg?resize=525%2C300 1.5x"},"classes":[]}],"jetpack_sharing_enabled":true,"jetpack_likes_enabled":true,"jetpack_featured_media_url":"","_links":{"self":[{"href":"http:\/\/www.24baires.com\/index.php?rest_route=\/wp\/v2\/posts\/76439","targetHints":{"allow":["GET"]}}],"collection":[{"href":"http:\/\/www.24baires.com\/index.php?rest_route=\/wp\/v2\/posts"}],"about":[{"href":"http:\/\/www.24baires.com\/index.php?rest_route=\/wp\/v2\/types\/post"}],"author":[{"embeddable":true,"href":"http:\/\/www.24baires.com\/index.php?rest_route=\/wp\/v2\/users\/8"}],"replies":[{"embeddable":true,"href":"http:\/\/www.24baires.com\/index.php?rest_route=%2Fwp%2Fv2%2Fcomments&post=76439"}],"version-history":[{"count":1,"href":"http:\/\/www.24baires.com\/index.php?rest_route=\/wp\/v2\/posts\/76439\/revisions"}],"predecessor-version":[{"id":76441,"href":"http:\/\/www.24baires.com\/index.php?rest_route=\/wp\/v2\/posts\/76439\/revisions\/76441"}],"wp:attachment":[{"href":"http:\/\/www.24baires.com\/index.php?rest_route=%2Fwp%2Fv2%2Fmedia&parent=76439"}],"wp:term":[{"taxonomy":"category","embeddable":true,"href":"http:\/\/www.24baires.com\/index.php?rest_route=%2Fwp%2Fv2%2Fcategories&post=76439"},{"taxonomy":"post_tag","embeddable":true,"href":"http:\/\/www.24baires.com\/index.php?rest_route=%2Fwp%2Fv2%2Ftags&post=76439"}],"curies":[{"name":"wp","href":"https:\/\/api.w.org\/{rel}","templated":true}]}}