{"id":76436,"date":"2015-12-15T18:00:48","date_gmt":"2015-12-15T21:00:48","guid":{"rendered":"http:\/\/www.24baires.com\/?p=76436"},"modified":"2015-12-15T17:43:21","modified_gmt":"2015-12-15T20:43:21","slug":"charly-al-nuevo-gobierno-no-cuenten-conmigo-ignorantes","status":"publish","type":"post","link":"http:\/\/www.24baires.com\/?p=76436","title":{"rendered":"Charly al nuevo Gobierno: \u00abNo cuenten conmigo, ignorantes\u00bb"},"content":{"rendered":"<p><img data-recalc-dims=\"1\" loading=\"lazy\" decoding=\"async\" src=\"https:\/\/i0.wp.com\/www.24baires.com\/wp-content\/uploads\/2013\/11\/charly-garc%C3%ADa.jpg?resize=560%2C387\" alt=\"charly garc\u00eda\" width=\"560\" height=\"387\" class=\"aligncenter size-full wp-image-35252\" srcset=\"https:\/\/i0.wp.com\/www.24baires.com\/wp-content\/uploads\/2013\/11\/charly-garc%C3%ADa.jpg?w=560 560w, https:\/\/i0.wp.com\/www.24baires.com\/wp-content\/uploads\/2013\/11\/charly-garc%C3%ADa.jpg?resize=300%2C207 300w\" sizes=\"auto, (max-width: 560px) 100vw, 560px\" \/>El m\u00fasico escribi\u00f3 una carta a Hern\u00e1n Lombardi en la que cuestion\u00f3 la designaci\u00f3n de Carlos Manfroni, ex colaborador de la revista de ultraderecha \u00abCabildo\u00bb, como nuevo subsecretario de Asuntos Legislativos del ministerio de Seguridad.<!--more--><\/p>\n<p>El emblem\u00e1tico m\u00fasico Charly Garc\u00eda escribi\u00f3 una carta abierta en la que cuestion\u00f3 con dureza la designaci\u00f3n de un funcionario del \u00e1rea de Seguridad, por lo que le avis\u00f3 al nuevo gobierno que no cuenta con su apoyo y calific\u00f3 a sus integrantes de \u00abignorantes\u00bb.<\/p>\n<p>\u00abNo cuenten conmigo, ignorantes. Siento que la lucha fue en vano\u00bb, sentenci\u00f3 en la carta dirigida al titular del Sistema Federal de Medios y Contenidos P\u00fablicos, Hern\u00e1n Lombardi, en la que reproch\u00f3 la decisi\u00f3n de elegir a Carlos Manfroni, un ex colaborador de la revista de ultraderecha \u00abCabildo\u00bb, como nuevo subsecretario de Asuntos Legislativos del Ministerio de Seguridad.<\/p>\n<p>En la misiva, que fue entregada a la diputada Gabriela Cerruti, el ex integrante de grupos como Sui Generis y Ser\u00fa Gir\u00e1n dijo que merece un pedido de \u00abdisculpas\u00bb del macrismo por la designaci\u00f3n de Manfroni y, tras elogiar a Lombardi, se pregunt\u00f3 si \u00abser\u00e1 que tener un cargo p\u00fablico arruina a la gente\u00bb. <\/p>\n<p>Durante los a\u00f1os de dictadura, el funcionario designado hab\u00eda manifestado que la \u00abfilosof\u00eda del rock conduce al deseo desesperado de la muerte e induce al suicidio, como lo demuestran las letras de las canciones de Charly Garc\u00eda, (Luis Alberto) Spinetta y (Mauricio) \u00abMoris\u00bb (Birabent). Ofrece la posibilidad de convertirse en un animal o un marica\u00bb. \u00abMe internaron muchas veces, pero no soy paranoico. Y sin embargo veo todo muy feo. No soy macrista ni kirchnerista, soy Charly, soy del aire. Pero quiero que se conozca esta carta\u00bb, escribi\u00f3 el m\u00fasico y compositor.<\/p>\n<p>Adem\u00e1s, expres\u00f3 que la lucha postdictadura \u00abfue en vano\u00bb, pero remarc\u00f3 que \u00abaun as\u00ed, estaremos presentes en nuestras letras, todos nosotros&#8230;como en aquellas \u00e9pocas negras\u00bb.<\/p>\n<p>\u00abYo compuse &#8216;Los Dinosaurios&#8217; y luch\u00e9 contra la dictadura y que &#8216;un pelotudo&#8217; est\u00e9 en contra de la Revoluci\u00f3n Francesa???? De John Lennon???\u00bb, apunt\u00f3 contra Manfroni sin nombrarlo.<\/p>\n<p>En la misiva, que fue compartida por Cerruti via Facebook, Garc\u00eda cont\u00f3 que hace algunos d\u00edas unos amigos lo visitaron con un ejemplar del diario P\u00e1gina\/12 que daba cuenta de la designaci\u00f3n del funcionario. \u00abNi pienso entrar en una guerra con el Gobierno. Mi pol\u00edtica es la de los insectos. Los insectos no tienen pol\u00edtica, ni vanidad, ni ego\u00bb, expresa en uno de los pasajes.<\/p>\n<p>El pianista elogi\u00f3 a Lombardi, a quien conoci\u00f3 en 2013 cuando realiz\u00f3 funciones en el teatro Col\u00f3n, para luego arremeter con dureza: \u00abM\u00e1s all\u00e1 de muchas desprolijidades, usted me cay\u00f3 simp\u00e1tico y me pareci\u00f3 que comprend\u00eda mi obra. Ahora, resulta que soy un animal, pervertido, drogadicto, homosexual, etc\u00bb.<\/p>\n<p>\u00abH\u00e1game un favor, a m\u00ed y a los dem\u00e1s que trabajan por el arte y con buena intenci\u00f3n. Si este pensamiento est\u00e1 con ustedes, (que ya veo que es as\u00ed), van a corroborar que soy todo eso. Ser\u00e1 que tener un cargo publico arruina a la gente. Merezco una disculpa\u00bb, agreg\u00f3 Garc\u00eda.<\/p>\n<p>Entre las frases m\u00e1s pol\u00e9micas de Manfroni, que cit\u00f3 el diario p\u00e1gina\/12 en una nota que public\u00f3 el domingo, el funcionario hab\u00eda afirmado que \u00abla m\u00fasica rock es el movimiento &#8216;art\u00edstico&#8217; m\u00e1s subversivo, anticristiano, antimetaf\u00edsico y contracultural de todos los tiempos\u00bb. <\/p>\n","protected":false},"excerpt":{"rendered":"<p>El m\u00fasico escribi\u00f3 una carta a Hern\u00e1n Lombardi en la que cuestion\u00f3 la designaci\u00f3n de Carlos Manfroni, ex colaborador de la revista de ultraderecha \u00abCabildo\u00bb, como nuevo subsecretario de Asuntos Legislativos del ministerio de Seguridad.<\/p>\n","protected":false},"author":8,"featured_media":0,"comment_status":"open","ping_status":"open","sticky":false,"template":"","format":"standard","meta":{"_jetpack_newsletter_access":"","_jetpack_dont_email_post_to_subs":false,"_jetpack_newsletter_tier_id":0,"_jetpack_memberships_contains_paywalled_content":false,"_jetpack_memberships_contains_paid_content":false,"footnotes":""},"categories":[51],"tags":[],"class_list":["post-76436","post","type-post","status-publish","format-standard","hentry","category-politica"],"jetpack_shortlink":"https:\/\/wp.me\/p2JWE0-jSQ","jetpack-related-posts":[{"id":76439,"url":"http:\/\/www.24baires.com\/?p=76439","url_meta":{"origin":76436,"position":0},"title":"Bullrich desisti\u00f3 con el pol\u00e9mico integrante del Ministerio de Seguridad","author":"GB","date":"15\/12\/2015","format":false,"excerpt":"Tras las cr\u00edticas de distintos sectores y la carta en repudio de Charly Garc\u00eda, Carlos Manfroni, quien hab\u00eda sido nombrado subsecretario de Asuntos Legislativos del Ministerio de Seguridad de Patricia Bullrich, no ocupar\u00e1 ese cargo. Hab\u00eda generado pol\u00e9mica por sus declaraciones sobre el progresismo, el juda\u00edsmo y el rock. Tras\u2026","rel":"","context":"En \u00abPol\u00edtica\u00bb","block_context":{"text":"Pol\u00edtica","link":"http:\/\/www.24baires.com\/?cat=51"},"img":{"alt_text":"","src":"https:\/\/i0.wp.com\/www.24baires.com\/wp-content\/uploads\/2015\/12\/monfardini.jpg?resize=350%2C200","width":350,"height":200,"srcset":"https:\/\/i0.wp.com\/www.24baires.com\/wp-content\/uploads\/2015\/12\/monfardini.jpg?resize=350%2C200 1x, https:\/\/i0.wp.com\/www.24baires.com\/wp-content\/uploads\/2015\/12\/monfardini.jpg?resize=525%2C300 1.5x"},"classes":[]},{"id":93920,"url":"http:\/\/www.24baires.com\/?p=93920","url_meta":{"origin":76436,"position":1},"title":"Lombardi: \u00abEl Estado no debe ser un refugio para conseguir empleo\u00bb","author":"AF","date":"19\/04\/2017","format":false,"excerpt":"El titular del Sistema de Medios y Contenidos P\u00fablicos afirm\u00f3 que \"eran cargos pol\u00edticos\" a partir de \"concursos ama\u00f1ados\" e \"irregulares\" los que ocuparon las direcciones en las emisoras provinciales de radio Nacional. El titular del Sistema de Medios y Contenidos P\u00fablicos de la Naci\u00f3n, Hern\u00e1n Lombardi, dijo en el\u2026","rel":"","context":"En \u00abSociedad\u00bb","block_context":{"text":"Sociedad","link":"http:\/\/www.24baires.com\/?cat=1"},"img":{"alt_text":"","src":"https:\/\/i0.wp.com\/www.24baires.com\/wp-content\/uploads\/2016\/01\/lombardi.jpg?resize=350%2C200","width":350,"height":200,"srcset":"https:\/\/i0.wp.com\/www.24baires.com\/wp-content\/uploads\/2016\/01\/lombardi.jpg?resize=350%2C200 1x, https:\/\/i0.wp.com\/www.24baires.com\/wp-content\/uploads\/2016\/01\/lombardi.jpg?resize=525%2C300 1.5x"},"classes":[]},{"id":77314,"url":"http:\/\/www.24baires.com\/?p=77314","url_meta":{"origin":76436,"position":2},"title":"Lombardi justific\u00f3 los despidos en el Centro Cultural Kirchner","author":"GB","date":"07\/01\/2016","format":false,"excerpt":"En un comunicado a trav\u00e9s de Facebook, el titular del Sistema Federal de Medios y Contenidos P\u00fablicos se refiri\u00f3 a la actualidad del CCK. Recibi\u00f3 varios comentarios hostiles. La nota completa. Hern\u00e1n Lombardi, titular del Sistema Federal de Medios y Contenidos P\u00fablicos, escribi\u00f3 un comunicado que se titula: \"La verdad\u2026","rel":"","context":"En \u00abPol\u00edtica\u00bb","block_context":{"text":"Pol\u00edtica","link":"http:\/\/www.24baires.com\/?cat=51"},"img":{"alt_text":"","src":"https:\/\/i0.wp.com\/www.24baires.com\/wp-content\/uploads\/2016\/01\/lombardi.jpg?resize=350%2C200","width":350,"height":200,"srcset":"https:\/\/i0.wp.com\/www.24baires.com\/wp-content\/uploads\/2016\/01\/lombardi.jpg?resize=350%2C200 1x, https:\/\/i0.wp.com\/www.24baires.com\/wp-content\/uploads\/2016\/01\/lombardi.jpg?resize=525%2C300 1.5x"},"classes":[]},{"id":53112,"url":"http:\/\/www.24baires.com\/?p=53112","url_meta":{"origin":76436,"position":3},"title":"Miles de personas se despiden de Cerati","author":"GB","date":"05\/09\/2014","format":false,"excerpt":"Un multitud se acerc\u00f3 dese anoche al Palacio legislativo para rendir su \u00faltimo homenaje al m\u00fasico, fallecido ayer. Esta ma\u00f1ana pese a la lluvia cientos de admiradores aguardaban ingresar para despedir al \u00eddolo. La despedida del m\u00fasico Gustavo Cerati, fallecido ayer tras permanecer cuatro a\u00f1os en coma, contin\u00faa en la\u2026","rel":"","context":"En \u00abSociedad\u00bb","block_context":{"text":"Sociedad","link":"http:\/\/www.24baires.com\/?cat=1"},"img":{"alt_text":"","src":"https:\/\/i0.wp.com\/www.24baires.com\/wp-content\/uploads\/2014\/09\/cerati1.jpg?resize=350%2C200","width":350,"height":200,"srcset":"https:\/\/i0.wp.com\/www.24baires.com\/wp-content\/uploads\/2014\/09\/cerati1.jpg?resize=350%2C200 1x, https:\/\/i0.wp.com\/www.24baires.com\/wp-content\/uploads\/2014\/09\/cerati1.jpg?resize=525%2C300 1.5x"},"classes":[]},{"id":119198,"url":"http:\/\/www.24baires.com\/?p=119198","url_meta":{"origin":76436,"position":4},"title":"Massa se reuni\u00f3 con Roy\u00f3n","author":"AF","date":"08\/08\/2022","format":false,"excerpt":"Para realizar una transici\u00f3n ordenada, en el encuentro tambi\u00e9n estuvo el saliente secretario de Energ\u00eda, Dar\u00edo Mart\u00ednez. El ministro de Econom\u00eda asegur\u00f3 que la charla fue \"para analizar el trabajo desarrollado e impulsar las nuevas acciones\". El ministro de Econom\u00eda, Sergio Massa, recibi\u00f3 este lunes al nuevo equipo de Energ\u00eda\u2026","rel":"","context":"En \u00abPol\u00edtica\u00bb","block_context":{"text":"Pol\u00edtica","link":"http:\/\/www.24baires.com\/?cat=51"},"img":{"alt_text":"","src":"https:\/\/i0.wp.com\/www.24baires.com\/wp-content\/uploads\/2022\/08\/Massa-reunion.jpg?resize=350%2C200","width":350,"height":200,"srcset":"https:\/\/i0.wp.com\/www.24baires.com\/wp-content\/uploads\/2022\/08\/Massa-reunion.jpg?resize=350%2C200 1x, https:\/\/i0.wp.com\/www.24baires.com\/wp-content\/uploads\/2022\/08\/Massa-reunion.jpg?resize=525%2C300 1.5x, https:\/\/i0.wp.com\/www.24baires.com\/wp-content\/uploads\/2022\/08\/Massa-reunion.jpg?resize=700%2C400 2x"},"classes":[]},{"id":101990,"url":"http:\/\/www.24baires.com\/?p=101990","url_meta":{"origin":76436,"position":5},"title":"La Provincia oficializ\u00f3 la designaci\u00f3n del nuevo jefe del Servicio Penitenciario","author":"GB","date":"07\/05\/2018","format":false,"excerpt":"El Gobierno provincial oficializ\u00f3 hoy la designaci\u00f3n de Xavier Areses al frente del Servicio Penitenciario Bonaerense (SPB), en reemplazo de Fernando Rozas, tal como se hab\u00eda anunciado la semana pasada, aunque el organismo continuar\u00e1 intervenido. Areses se desempe\u00f1aba hasta el momento como subsecretario Legal, T\u00e9cnico y Administrativo del Ministerio de\u2026","rel":"","context":"En \u00abProvincia\u00bb","block_context":{"text":"Provincia","link":"http:\/\/www.24baires.com\/?cat=40"},"img":{"alt_text":"","src":"https:\/\/i0.wp.com\/www.24baires.com\/wp-content\/uploads\/2014\/03\/c%C3%A1rcel.jpeg?resize=350%2C200","width":350,"height":200,"srcset":"https:\/\/i0.wp.com\/www.24baires.com\/wp-content\/uploads\/2014\/03\/c%C3%A1rcel.jpeg?resize=350%2C200 1x, https:\/\/i0.wp.com\/www.24baires.com\/wp-content\/uploads\/2014\/03\/c%C3%A1rcel.jpeg?resize=525%2C300 1.5x"},"classes":[]}],"jetpack_sharing_enabled":true,"jetpack_likes_enabled":true,"jetpack_featured_media_url":"","_links":{"self":[{"href":"http:\/\/www.24baires.com\/index.php?rest_route=\/wp\/v2\/posts\/76436","targetHints":{"allow":["GET"]}}],"collection":[{"href":"http:\/\/www.24baires.com\/index.php?rest_route=\/wp\/v2\/posts"}],"about":[{"href":"http:\/\/www.24baires.com\/index.php?rest_route=\/wp\/v2\/types\/post"}],"author":[{"embeddable":true,"href":"http:\/\/www.24baires.com\/index.php?rest_route=\/wp\/v2\/users\/8"}],"replies":[{"embeddable":true,"href":"http:\/\/www.24baires.com\/index.php?rest_route=%2Fwp%2Fv2%2Fcomments&post=76436"}],"version-history":[{"count":1,"href":"http:\/\/www.24baires.com\/index.php?rest_route=\/wp\/v2\/posts\/76436\/revisions"}],"predecessor-version":[{"id":76437,"href":"http:\/\/www.24baires.com\/index.php?rest_route=\/wp\/v2\/posts\/76436\/revisions\/76437"}],"wp:attachment":[{"href":"http:\/\/www.24baires.com\/index.php?rest_route=%2Fwp%2Fv2%2Fmedia&parent=76436"}],"wp:term":[{"taxonomy":"category","embeddable":true,"href":"http:\/\/www.24baires.com\/index.php?rest_route=%2Fwp%2Fv2%2Fcategories&post=76436"},{"taxonomy":"post_tag","embeddable":true,"href":"http:\/\/www.24baires.com\/index.php?rest_route=%2Fwp%2Fv2%2Ftags&post=76436"}],"curies":[{"name":"wp","href":"https:\/\/api.w.org\/{rel}","templated":true}]}}