{"id":76403,"date":"2015-12-14T21:04:43","date_gmt":"2015-12-15T00:04:43","guid":{"rendered":"http:\/\/www.24baires.com\/?p=76403"},"modified":"2015-12-14T21:04:43","modified_gmt":"2015-12-15T00:04:43","slug":"camioneros-amenazan-con-el-primer-paro-de-la-era-macri","status":"publish","type":"post","link":"http:\/\/www.24baires.com\/?p=76403","title":{"rendered":"Camioneros amenazan con el primer paro de la era Macri"},"content":{"rendered":"<p><img data-recalc-dims=\"1\" loading=\"lazy\" decoding=\"async\" src=\"https:\/\/i0.wp.com\/www.24baires.com\/wp-content\/uploads\/2013\/07\/moyano-pablo.jpg?resize=560%2C307\" alt=\"moyano pablo\" width=\"560\" height=\"307\" class=\"aligncenter size-full wp-image-27630\" srcset=\"https:\/\/i0.wp.com\/www.24baires.com\/wp-content\/uploads\/2013\/07\/moyano-pablo.jpg?w=560 560w, https:\/\/i0.wp.com\/www.24baires.com\/wp-content\/uploads\/2013\/07\/moyano-pablo.jpg?resize=300%2C164 300w\" sizes=\"auto, (max-width: 560px) 100vw, 560px\" \/>El gremio liderado por Pablo Moyano decret\u00f3 el \u00abestado de alerta y movilizaci\u00f3n\u00bb en reclamo del pago de un bono de fin de a\u00f1o de 8 mil pesos para los choferes y advirti\u00f3 que no descarta una medida de fuerza mayor que se iniciar\u00e1 en dos ramas clave para la fecha: caudales y combustibles.<!--more--><\/p>\n<p>A trav\u00e9s de un comunicado firmado por Pablo Moyano, la Federaci\u00f3n Nacional de Choferes de Camiones, adelant\u00f3 que \u00abdebido a la falta de respuesta por parte de las empresas de transporte nucleadas en FADEEAC\u00bb, a la solicitud de un bono compensatorio de fin de a\u00f1o, el gremio decidi\u00f3 \u00abllamar al estado de alerta y movilizaci\u00f3n\u00bb.<\/p>\n<p>Los camioneros justificaron que ese bono \u00abcada a\u00f1o se solicita para paliar la inflaci\u00f3n y ayudar a los compa\u00f1eros a solventar los gastos que requiere el inicio de periodo escolar\u00bb.<\/p>\n<p>En caso de no llegar las negociaciones a buen puerto, los conductores no descartan \u00abuna medida de fuerza, comenzando por las ramas de transporte de caudales y combustible, ya que no se entiende su silencio y negativa, cuando esto es a\u00f1o a a\u00f1o consensuado\u00bb. <\/p>\n","protected":false},"excerpt":{"rendered":"<p>El gremio liderado por Pablo Moyano decret\u00f3 el \u00abestado de alerta y movilizaci\u00f3n\u00bb en reclamo del pago de un bono de fin de a\u00f1o de 8 mil pesos para los choferes y advirti\u00f3 que no descarta una medida de fuerza mayor que se iniciar\u00e1 en dos ramas clave para la fecha: caudales y combustibles.<\/p>\n","protected":false},"author":8,"featured_media":0,"comment_status":"open","ping_status":"open","sticky":false,"template":"","format":"standard","meta":{"_jetpack_newsletter_access":"","_jetpack_dont_email_post_to_subs":false,"_jetpack_newsletter_tier_id":0,"_jetpack_memberships_contains_paywalled_content":false,"_jetpack_memberships_contains_paid_content":false,"footnotes":""},"categories":[51],"tags":[],"class_list":["post-76403","post","type-post","status-publish","format-standard","hentry","category-politica"],"jetpack_shortlink":"https:\/\/wp.me\/p2JWE0-jSj","jetpack-related-posts":[{"id":113223,"url":"http:\/\/www.24baires.com\/?p=113223","url_meta":{"origin":76403,"position":0},"title":"Camioneros amenaza con un paro general de 48 horas si no hay bono de fin de a\u00f1o","author":"AF","date":"02\/12\/2019","format":false,"excerpt":"Lo dijo en el marco de la movilizaci\u00f3n que Camioneros realiz\u00f3 al ministerio de Producci\u00f3n y Trabajo. El secretario adjunto del Sindicato de Choferes de Camiones, Pablo Moyano, encabez\u00f3 una marcha hasta el Ministerio de Producci\u00f3n y Trabajo en reclamo de la reapertura de paritarias y un bono de fin\u2026","rel":"","context":"En \u00abSociedad\u00bb","block_context":{"text":"Sociedad","link":"http:\/\/www.24baires.com\/?cat=1"},"img":{"alt_text":"","src":"https:\/\/i0.wp.com\/www.24baires.com\/wp-content\/uploads\/2018\/10\/pablo-moyano.jpg?resize=350%2C200","width":350,"height":200,"srcset":"https:\/\/i0.wp.com\/www.24baires.com\/wp-content\/uploads\/2018\/10\/pablo-moyano.jpg?resize=350%2C200 1x, https:\/\/i0.wp.com\/www.24baires.com\/wp-content\/uploads\/2018\/10\/pablo-moyano.jpg?resize=525%2C300 1.5x"},"classes":[]},{"id":106187,"url":"http:\/\/www.24baires.com\/?p=106187","url_meta":{"origin":76403,"position":1},"title":"Camioneros y la CTA preparan medidas de fuerza contra los tarifazos","author":"GB","date":"03\/01\/2019","format":false,"excerpt":"Los gremios de los Moyano, Pablo Micheli y Hugo Yasky brindar\u00e1n una conferencia de prensa para anunciar la primera movilizaci\u00f3n del 2019. La CTA de los Trabajadores de Hugo Yasky, la CTA Aut\u00f3noma de Pablo Micheli y el sindicato de Camioneros de Hugo y Pablo Moyano brindar\u00e1n este jueves una\u2026","rel":"","context":"En \u00abPol\u00edtica\u00bb","block_context":{"text":"Pol\u00edtica","link":"http:\/\/www.24baires.com\/?cat=51"},"img":{"alt_text":"","src":"https:\/\/i0.wp.com\/www.24baires.com\/wp-content\/uploads\/2016\/11\/acto-cta.jpg?resize=350%2C200","width":350,"height":200,"srcset":"https:\/\/i0.wp.com\/www.24baires.com\/wp-content\/uploads\/2016\/11\/acto-cta.jpg?resize=350%2C200 1x, https:\/\/i0.wp.com\/www.24baires.com\/wp-content\/uploads\/2016\/11\/acto-cta.jpg?resize=525%2C300 1.5x"},"classes":[]},{"id":103448,"url":"http:\/\/www.24baires.com\/?p=103448","url_meta":{"origin":76403,"position":2},"title":"Trabajo mult\u00f3 a Moyano por $800 millones por ignorar una conciliaci\u00f3n","author":"AF","date":"19\/07\/2018","format":false,"excerpt":"El argumento fue que la dirigencia de Camioneros ignor\u00f3 una medida judicial de diciembre del a\u00f1o pasado. El Ministerio de Trabajo le impuso una multa de casi $810 millones al gremio de Camioneros este jueves por no cumplir con una conciliaci\u00f3n obligatoria que fue dictada el 26 de diciembre del\u2026","rel":"","context":"En \u00abPol\u00edtica\u00bb","block_context":{"text":"Pol\u00edtica","link":"http:\/\/www.24baires.com\/?cat=51"},"img":{"alt_text":"","src":"https:\/\/i0.wp.com\/www.24baires.com\/wp-content\/uploads\/2018\/01\/macri-moyano.jpg?resize=350%2C200","width":350,"height":200,"srcset":"https:\/\/i0.wp.com\/www.24baires.com\/wp-content\/uploads\/2018\/01\/macri-moyano.jpg?resize=350%2C200 1x, https:\/\/i0.wp.com\/www.24baires.com\/wp-content\/uploads\/2018\/01\/macri-moyano.jpg?resize=525%2C300 1.5x"},"classes":[]},{"id":111066,"url":"http:\/\/www.24baires.com\/?p=111066","url_meta":{"origin":76403,"position":3},"title":"Camioneros dispuso \u00abalerta y movilizaci\u00f3n\u00bb en reclamo de un aumento del 23%","author":"GB","date":"04\/07\/2019","format":false,"excerpt":"El sindicato reclamaba una mejora de 46% por un a\u00f1o, en base a la inflaci\u00f3n, aunque en principio pact\u00f3 23% por 180 d\u00edas, a partir del vencimiento de la paritaria anterior, a fines de junio. La Federaci\u00f3n de Camioneros, que conduce Hugo Moyano, inform\u00f3 esta noche que se declar\u00f3 \"en\u2026","rel":"","context":"En \u00abPol\u00edtica\u00bb","block_context":{"text":"Pol\u00edtica","link":"http:\/\/www.24baires.com\/?cat=51"},"img":{"alt_text":"","src":"https:\/\/i0.wp.com\/www.24baires.com\/wp-content\/uploads\/2018\/06\/moyano.jpg?resize=350%2C200","width":350,"height":200,"srcset":"https:\/\/i0.wp.com\/www.24baires.com\/wp-content\/uploads\/2018\/06\/moyano.jpg?resize=350%2C200 1x, https:\/\/i0.wp.com\/www.24baires.com\/wp-content\/uploads\/2018\/06\/moyano.jpg?resize=525%2C300 1.5x"},"classes":[]},{"id":58793,"url":"http:\/\/www.24baires.com\/?p=58793","url_meta":{"origin":76403,"position":4},"title":"Arrepentido, Moyano piensa nuevamente en un paro","author":"Grupo Sierra","date":"17\/12\/2014","format":false,"excerpt":"Lo anunci\u00f3 luego de que la c\u00e1mara empresaria del transporte rechazara el pago de un bono de fin de a\u00f1o de $4.000 para cada trabajador. El gremio de los camioneros, liderado por Hugo Moyano, anunci\u00f3 que realizar\u00e1 asambleas en todo el pa\u00eds y amenaz\u00f3 con un paro de 24 horas,\u2026","rel":"","context":"En \u00abPol\u00edtica\u00bb","block_context":{"text":"Pol\u00edtica","link":"http:\/\/www.24baires.com\/?cat=51"},"img":{"alt_text":"barrionuevo moyano","src":"https:\/\/i0.wp.com\/www.24baires.com\/wp-content\/uploads\/2014\/08\/barrionuevo-moyano.jpg?resize=350%2C200","width":350,"height":200,"srcset":"https:\/\/i0.wp.com\/www.24baires.com\/wp-content\/uploads\/2014\/08\/barrionuevo-moyano.jpg?resize=350%2C200 1x, https:\/\/i0.wp.com\/www.24baires.com\/wp-content\/uploads\/2014\/08\/barrionuevo-moyano.jpg?resize=525%2C300 1.5x"},"classes":[]},{"id":80806,"url":"http:\/\/www.24baires.com\/?p=80806","url_meta":{"origin":76403,"position":5},"title":"Pablo Moyano le advirti\u00f3 a Macri: \u201cSe termin\u00f3 la luna de miel\u201d","author":"AF","date":"31\/03\/2016","format":false,"excerpt":"El sindicato de Camioneros marcha al Ministerio de Trabajo y enciende su alarma por el tarifazo en colectivos y trenes. El secretario general del Sindicato de Choferes de Camiones, Pablo Moyano, expres\u00f3 su malestar con las pol\u00edticas econ\u00f3micas del gobierno y advirti\u00f3 que \u201cse termin\u00f3 la luna de miel\u201d. \"El\u2026","rel":"","context":"En \u00abSociedad\u00bb","block_context":{"text":"Sociedad","link":"http:\/\/www.24baires.com\/?cat=1"},"img":{"alt_text":"moyano pablo","src":"https:\/\/i0.wp.com\/www.24baires.com\/wp-content\/uploads\/2013\/07\/moyano-pablo.jpg?resize=350%2C200","width":350,"height":200,"srcset":"https:\/\/i0.wp.com\/www.24baires.com\/wp-content\/uploads\/2013\/07\/moyano-pablo.jpg?resize=350%2C200 1x, https:\/\/i0.wp.com\/www.24baires.com\/wp-content\/uploads\/2013\/07\/moyano-pablo.jpg?resize=525%2C300 1.5x"},"classes":[]}],"jetpack_sharing_enabled":true,"jetpack_likes_enabled":true,"jetpack_featured_media_url":"","_links":{"self":[{"href":"http:\/\/www.24baires.com\/index.php?rest_route=\/wp\/v2\/posts\/76403","targetHints":{"allow":["GET"]}}],"collection":[{"href":"http:\/\/www.24baires.com\/index.php?rest_route=\/wp\/v2\/posts"}],"about":[{"href":"http:\/\/www.24baires.com\/index.php?rest_route=\/wp\/v2\/types\/post"}],"author":[{"embeddable":true,"href":"http:\/\/www.24baires.com\/index.php?rest_route=\/wp\/v2\/users\/8"}],"replies":[{"embeddable":true,"href":"http:\/\/www.24baires.com\/index.php?rest_route=%2Fwp%2Fv2%2Fcomments&post=76403"}],"version-history":[{"count":1,"href":"http:\/\/www.24baires.com\/index.php?rest_route=\/wp\/v2\/posts\/76403\/revisions"}],"predecessor-version":[{"id":76404,"href":"http:\/\/www.24baires.com\/index.php?rest_route=\/wp\/v2\/posts\/76403\/revisions\/76404"}],"wp:attachment":[{"href":"http:\/\/www.24baires.com\/index.php?rest_route=%2Fwp%2Fv2%2Fmedia&parent=76403"}],"wp:term":[{"taxonomy":"category","embeddable":true,"href":"http:\/\/www.24baires.com\/index.php?rest_route=%2Fwp%2Fv2%2Fcategories&post=76403"},{"taxonomy":"post_tag","embeddable":true,"href":"http:\/\/www.24baires.com\/index.php?rest_route=%2Fwp%2Fv2%2Ftags&post=76403"}],"curies":[{"name":"wp","href":"https:\/\/api.w.org\/{rel}","templated":true}]}}